{"id":1276,"date":"2018-05-25T09:47:03","date_gmt":"2018-05-25T07:47:03","guid":{"rendered":"http:\/\/agora.xtec.cat\/escolagermanesbertomeu\/?p=1276"},"modified":"2018-10-29T12:19:54","modified_gmt":"2018-10-29T11:19:54","slug":"pensant-en-els-altres-bellanima","status":"publish","type":"post","link":"https:\/\/agora.xtec.cat\/escolagermanesbertomeu\/general\/pensant-en-els-altres-bellanima\/","title":{"rendered":"Pensant en els altres. Bell\u00e0nima"},"content":{"rendered":"<p>A partir del projecte de centre d&#8217;aquest curs &#8220;Pensant en els altres&#8221;\u00a0els alumnes de 2n han participat al projecte Bell\u00e0nima. Han estat uns dies compartits de dansa amb els avis del Centre de dia MAP. Una experi\u00e8ncia intergeneracional que no ha deixat indiferent a cap dels participants. Viure per con\u00e8ixer. Experimentar per descobrir. Descobrir per aprendre.<\/p>\n<p>Us deixem un video resum d&#8217;aquesta fant\u00e0stica experi\u00e8ncia.<\/p>\n<p><iframe loading=\"lazy\" src=\"https:\/\/www.youtube.com\/embed\/77nWFer0n78?ecver=1\" width=\"560\" height=\"315\" frameborder=\"0\" allowfullscreen=\"allowfullscreen\"><\/iframe><\/p>\n<p>&nbsp;<\/p>\n<div class=\"text_exposed_show\"><\/div>\n","protected":false},"excerpt":{"rendered":"<p>A partir del projecte de centre d&#8217;aquest curs &#8220;Pensant en els altres&#8221;\u00a0els alumnes de 2n han participat al projecte Bell\u00e0nima. Han estat uns dies compartits de dansa amb els avis del Centre de dia MAP. Una experi\u00e8ncia intergeneracional que no ha deixat indiferent a cap&hellip;  <a href=\"https:\/\/agora.xtec.cat\/escolagermanesbertomeu\/general\/pensant-en-els-altres-bellanima\/\" title=\"Read Pensant en els altres. Bell\u00e0nima\">Llegeix m\u00e9s\u00bb<\/a><\/p>\n","protected":false},"author":1,"featured_media":1279,"comment_status":"open","ping_status":"closed","sticky":false,"template":"","format":"standard","meta":{"_bbp_topic_count":0,"_bbp_reply_count":0,"_bbp_total_topic_count":0,"_bbp_total_reply_count":0,"_bbp_voice_count":0,"_bbp_anonymous_reply_count":0,"_bbp_topic_count_hidden":0,"_bbp_reply_count_hidden":0,"_bbp_forum_subforum_count":0,"footnotes":""},"categories":[10,1],"tags":[102],"class_list":["post-1276","post","type-post","status-publish","format-standard","has-post-thumbnail","hentry","category-2n","category-general","tag-promocio-2014-2023"],"post_mailing_queue_ids":[],"_links":{"self":[{"href":"https:\/\/agora.xtec.cat\/escolagermanesbertomeu\/wp-json\/wp\/v2\/posts\/1276","targetHints":{"allow":["GET"]}}],"collection":[{"href":"https:\/\/agora.xtec.cat\/escolagermanesbertomeu\/wp-json\/wp\/v2\/posts"}],"about":[{"href":"https:\/\/agora.xtec.cat\/escolagermanesbertomeu\/wp-json\/wp\/v2\/types\/post"}],"author":[{"embeddable":true,"href":"https:\/\/agora.xtec.cat\/escolagermanesbertomeu\/wp-json\/wp\/v2\/users\/1"}],"replies":[{"embeddable":true,"href":"https:\/\/agora.xtec.cat\/escolagermanesbertomeu\/wp-json\/wp\/v2\/comments?post=1276"}],"version-history":[{"count":2,"href":"https:\/\/agora.xtec.cat\/escolagermanesbertomeu\/wp-json\/wp\/v2\/posts\/1276\/revisions"}],"predecessor-version":[{"id":1278,"href":"https:\/\/agora.xtec.cat\/escolagermanesbertomeu\/wp-json\/wp\/v2\/posts\/1276\/revisions\/1278"}],"wp:featuredmedia":[{"embeddable":true,"href":"https:\/\/agora.xtec.cat\/escolagermanesbertomeu\/wp-json\/wp\/v2\/media\/1279"}],"wp:attachment":[{"href":"https:\/\/agora.xtec.cat\/escolagermanesbertomeu\/wp-json\/wp\/v2\/media?parent=1276"}],"wp:term":[{"taxonomy":"category","embeddable":true,"href":"https:\/\/agora.xtec.cat\/escolagermanesbertomeu\/wp-json\/wp\/v2\/categories?post=1276"},{"taxonomy":"post_tag","embeddable":true,"href":"https:\/\/agora.xtec.cat\/escolagermanesbertomeu\/wp-json\/wp\/v2\/tags?post=1276"}],"curies":[{"name":"wp","href":"https:\/\/api.w.org\/{rel}","templated":true}]}}