{"id":1215,"date":"2018-04-04T18:21:57","date_gmt":"2018-04-04T16:21:57","guid":{"rendered":"http:\/\/agora.xtec.cat\/escolagermanesbertomeu\/?p=1215"},"modified":"2018-10-29T12:20:48","modified_gmt":"2018-10-29T11:20:48","slug":"frankenstein-teatre-en-angles","status":"publish","type":"post","link":"https:\/\/agora.xtec.cat\/escolagermanesbertomeu\/general\/frankenstein-teatre-en-angles\/","title":{"rendered":"Frankenstein, teatre en angl\u00e8s!"},"content":{"rendered":"<p>Benvolguts!<\/p>\n<p>El passat 20 de mar\u00e7 els alumnes de 5\u00e8 i 6\u00e8 curs de l&#8217;escola van tenir l&#8217;oportunitat de veure l&#8217;obre de teatre Frankenstein en angl\u00e8s. Els hi ha agradat molt i, fins i tot, han pujat a l&#8217;escenari i n&#8217;han estat protagonistes! Segur que repetim! Us deixem un petit recull de fotos i v\u00eddeos!<\/p>\n<p><a href=\"http:\/\/agora.xtec.cat\/escolagermanesbertomeu\/wp-content\/uploads\/usu1488\/2018\/04\/IMG_4243.jpg\"><img loading=\"lazy\" decoding=\"async\" class=\"wp-image-1220 aligncenter\" src=\"http:\/\/agora.xtec.cat\/escolagermanesbertomeu\/wp-content\/uploads\/usu1488\/2018\/04\/IMG_4243-1024x768.jpg\" alt=\"\" width=\"554\" height=\"415\" srcset=\"https:\/\/agora.xtec.cat\/escolagermanesbertomeu\/wp-content\/uploads\/usu1488\/2018\/04\/IMG_4243-1024x768.jpg 1024w, https:\/\/agora.xtec.cat\/escolagermanesbertomeu\/wp-content\/uploads\/usu1488\/2018\/04\/IMG_4243-300x225.jpg 300w, https:\/\/agora.xtec.cat\/escolagermanesbertomeu\/wp-content\/uploads\/usu1488\/2018\/04\/IMG_4243-768x576.jpg 768w, https:\/\/agora.xtec.cat\/escolagermanesbertomeu\/wp-content\/uploads\/usu1488\/2018\/04\/IMG_4243-200x150.jpg 200w\" sizes=\"auto, (max-width: 554px) 100vw, 554px\" \/><\/a><\/p>\n<p><a href=\"http:\/\/agora.xtec.cat\/escolagermanesbertomeu\/wp-content\/uploads\/usu1488\/2018\/04\/IMG_4237.jpg\"><img loading=\"lazy\" decoding=\"async\" class=\"wp-image-1219 aligncenter\" src=\"http:\/\/agora.xtec.cat\/escolagermanesbertomeu\/wp-content\/uploads\/usu1488\/2018\/04\/IMG_4237-1024x768.jpg\" alt=\"\" width=\"550\" height=\"413\" srcset=\"https:\/\/agora.xtec.cat\/escolagermanesbertomeu\/wp-content\/uploads\/usu1488\/2018\/04\/IMG_4237-1024x768.jpg 1024w, https:\/\/agora.xtec.cat\/escolagermanesbertomeu\/wp-content\/uploads\/usu1488\/2018\/04\/IMG_4237-300x225.jpg 300w, https:\/\/agora.xtec.cat\/escolagermanesbertomeu\/wp-content\/uploads\/usu1488\/2018\/04\/IMG_4237-768x576.jpg 768w, https:\/\/agora.xtec.cat\/escolagermanesbertomeu\/wp-content\/uploads\/usu1488\/2018\/04\/IMG_4237-200x150.jpg 200w\" sizes=\"auto, (max-width: 550px) 100vw, 550px\" \/><\/a><\/p>\n<p><a href=\"http:\/\/agora.xtec.cat\/escolagermanesbertomeu\/wp-content\/uploads\/usu1488\/2018\/04\/IMG_4235.jpg\"><img loading=\"lazy\" decoding=\"async\" class=\"wp-image-1218 aligncenter\" src=\"http:\/\/agora.xtec.cat\/escolagermanesbertomeu\/wp-content\/uploads\/usu1488\/2018\/04\/IMG_4235-1024x768.jpg\" alt=\"\" width=\"550\" height=\"412\" srcset=\"https:\/\/agora.xtec.cat\/escolagermanesbertomeu\/wp-content\/uploads\/usu1488\/2018\/04\/IMG_4235-1024x768.jpg 1024w, https:\/\/agora.xtec.cat\/escolagermanesbertomeu\/wp-content\/uploads\/usu1488\/2018\/04\/IMG_4235-300x225.jpg 300w, https:\/\/agora.xtec.cat\/escolagermanesbertomeu\/wp-content\/uploads\/usu1488\/2018\/04\/IMG_4235-768x576.jpg 768w, https:\/\/agora.xtec.cat\/escolagermanesbertomeu\/wp-content\/uploads\/usu1488\/2018\/04\/IMG_4235-200x150.jpg 200w\" sizes=\"auto, (max-width: 550px) 100vw, 550px\" \/><\/a><\/p>\n<p><a href=\"http:\/\/agora.xtec.cat\/escolagermanesbertomeu\/wp-content\/uploads\/usu1488\/2018\/04\/frank-1.jpg\"><img loading=\"lazy\" decoding=\"async\" class=\" wp-image-1216 aligncenter\" src=\"http:\/\/agora.xtec.cat\/escolagermanesbertomeu\/wp-content\/uploads\/usu1488\/2018\/04\/frank-1.jpg\" alt=\"\" width=\"558\" height=\"372\" srcset=\"https:\/\/agora.xtec.cat\/escolagermanesbertomeu\/wp-content\/uploads\/usu1488\/2018\/04\/frank-1.jpg 600w, https:\/\/agora.xtec.cat\/escolagermanesbertomeu\/wp-content\/uploads\/usu1488\/2018\/04\/frank-1-300x200.jpg 300w\" sizes=\"auto, (max-width: 558px) 100vw, 558px\" \/><\/a>]<\/p>\n","protected":false},"excerpt":{"rendered":"<p>Benvolguts!<br \/>\nEl passat 20 de mar\u00e7 els alumnes de 5\u00e8 i 6\u00e8 curs de l&#8217;escola van tenir l&#8217;oportunitat de veure l&#8217;obre de teatre Frankenstein en angl\u00e8s. Els hi ha agradat molt i, fins i tot, han pujat a l&#8217;escenari i n&#8217;han estat protagonistes! Segur que repetim!&hellip;  <a href=\"https:\/\/agora.xtec.cat\/escolagermanesbertomeu\/general\/frankenstein-teatre-en-angles\/\" title=\"Read Frankenstein, teatre en angl\u00e8s!\">Llegeix m\u00e9s\u00bb<\/a><\/p>\n","protected":false},"author":1,"featured_media":1216,"comment_status":"open","ping_status":"closed","sticky":false,"template":"","format":"standard","meta":{"_bbp_topic_count":0,"_bbp_reply_count":0,"_bbp_total_topic_count":0,"_bbp_total_reply_count":0,"_bbp_voice_count":0,"_bbp_anonymous_reply_count":0,"_bbp_topic_count_hidden":0,"_bbp_reply_count_hidden":0,"_bbp_forum_subforum_count":0,"footnotes":""},"categories":[13,14,1],"tags":[99,100],"class_list":["post-1215","post","type-post","status-publish","format-standard","has-post-thumbnail","hentry","category-5e","category-6e","category-general","tag-english","tag-promocio-2010-2019"],"post_mailing_queue_ids":[],"_links":{"self":[{"href":"https:\/\/agora.xtec.cat\/escolagermanesbertomeu\/wp-json\/wp\/v2\/posts\/1215","targetHints":{"allow":["GET"]}}],"collection":[{"href":"https:\/\/agora.xtec.cat\/escolagermanesbertomeu\/wp-json\/wp\/v2\/posts"}],"about":[{"href":"https:\/\/agora.xtec.cat\/escolagermanesbertomeu\/wp-json\/wp\/v2\/types\/post"}],"author":[{"embeddable":true,"href":"https:\/\/agora.xtec.cat\/escolagermanesbertomeu\/wp-json\/wp\/v2\/users\/1"}],"replies":[{"embeddable":true,"href":"https:\/\/agora.xtec.cat\/escolagermanesbertomeu\/wp-json\/wp\/v2\/comments?post=1215"}],"version-history":[{"count":3,"href":"https:\/\/agora.xtec.cat\/escolagermanesbertomeu\/wp-json\/wp\/v2\/posts\/1215\/revisions"}],"predecessor-version":[{"id":1229,"href":"https:\/\/agora.xtec.cat\/escolagermanesbertomeu\/wp-json\/wp\/v2\/posts\/1215\/revisions\/1229"}],"wp:featuredmedia":[{"embeddable":true,"href":"https:\/\/agora.xtec.cat\/escolagermanesbertomeu\/wp-json\/wp\/v2\/media\/1216"}],"wp:attachment":[{"href":"https:\/\/agora.xtec.cat\/escolagermanesbertomeu\/wp-json\/wp\/v2\/media?parent=1215"}],"wp:term":[{"taxonomy":"category","embeddable":true,"href":"https:\/\/agora.xtec.cat\/escolagermanesbertomeu\/wp-json\/wp\/v2\/categories?post=1215"},{"taxonomy":"post_tag","embeddable":true,"href":"https:\/\/agora.xtec.cat\/escolagermanesbertomeu\/wp-json\/wp\/v2\/tags?post=1215"}],"curies":[{"name":"wp","href":"https:\/\/api.w.org\/{rel}","templated":true}]}}