{"id":1136,"date":"2018-01-29T15:21:06","date_gmt":"2018-01-29T14:21:06","guid":{"rendered":"http:\/\/agora.xtec.cat\/escolagermanesbertomeu\/?p=1136"},"modified":"2019-03-01T12:07:51","modified_gmt":"2019-03-01T11:07:51","slug":"estrenem-samarreta","status":"publish","type":"post","link":"https:\/\/agora.xtec.cat\/escolagermanesbertomeu\/general\/estrenem-samarreta\/","title":{"rendered":"Estrenem samarreta!"},"content":{"rendered":"<p>El proper dimarts 30 de gener celebrem el DENIP ( Dia Escolar de la No Viol\u00e8ncia i Pau). Hem preparat una &#8220;flashmob&#8221; de la can\u00e7\u00f3 &#8220;Break the chain&#8221; que ens ha perm\u00e8s reflexionar sobre la viol\u00e8ncia de g\u00e8nere.<\/p>\n<p>En el moment del ball i gr\u00e0cies al projecte ERASMUS+ podrem lluir una fant\u00e0stica samarreta dissenyada pels infants participants en el projecte!<\/p>\n<p><iframe loading=\"lazy\" src=\"https:\/\/www.youtube.com\/embed\/ia0N6CZEHoI\" width=\"560\" height=\"315\" frameborder=\"0\" allowfullscreen=\"allowfullscreen\"><\/iframe><\/p>\n","protected":false},"excerpt":{"rendered":"<p>El proper dimarts 30 de gener celebrem el DENIP ( Dia Escolar de la No Viol\u00e8ncia i Pau). Hem preparat una &#8220;flashmob&#8221; de la can\u00e7\u00f3 &#8220;Break the chain&#8221; que ens ha perm\u00e8s reflexionar sobre la viol\u00e8ncia de g\u00e8nere.<br \/>\nEn el moment del ball i gr\u00e0cies al&hellip;  <a href=\"https:\/\/agora.xtec.cat\/escolagermanesbertomeu\/general\/estrenem-samarreta\/\" title=\"Read Estrenem samarreta!\">Llegeix m\u00e9s\u00bb<\/a><\/p>\n","protected":false},"author":1,"featured_media":1137,"comment_status":"open","ping_status":"closed","sticky":false,"template":"","format":"standard","meta":{"_bbp_topic_count":0,"_bbp_reply_count":0,"_bbp_total_topic_count":0,"_bbp_total_reply_count":0,"_bbp_voice_count":0,"_bbp_anonymous_reply_count":0,"_bbp_topic_count_hidden":0,"_bbp_reply_count_hidden":0,"_bbp_forum_subforum_count":0,"footnotes":""},"categories":[1],"tags":[96],"class_list":["post-1136","post","type-post","status-publish","format-standard","has-post-thumbnail","hentry","category-general","tag-erasmus"],"post_mailing_queue_ids":[],"_links":{"self":[{"href":"https:\/\/agora.xtec.cat\/escolagermanesbertomeu\/wp-json\/wp\/v2\/posts\/1136","targetHints":{"allow":["GET"]}}],"collection":[{"href":"https:\/\/agora.xtec.cat\/escolagermanesbertomeu\/wp-json\/wp\/v2\/posts"}],"about":[{"href":"https:\/\/agora.xtec.cat\/escolagermanesbertomeu\/wp-json\/wp\/v2\/types\/post"}],"author":[{"embeddable":true,"href":"https:\/\/agora.xtec.cat\/escolagermanesbertomeu\/wp-json\/wp\/v2\/users\/1"}],"replies":[{"embeddable":true,"href":"https:\/\/agora.xtec.cat\/escolagermanesbertomeu\/wp-json\/wp\/v2\/comments?post=1136"}],"version-history":[{"count":3,"href":"https:\/\/agora.xtec.cat\/escolagermanesbertomeu\/wp-json\/wp\/v2\/posts\/1136\/revisions"}],"predecessor-version":[{"id":1564,"href":"https:\/\/agora.xtec.cat\/escolagermanesbertomeu\/wp-json\/wp\/v2\/posts\/1136\/revisions\/1564"}],"wp:featuredmedia":[{"embeddable":true,"href":"https:\/\/agora.xtec.cat\/escolagermanesbertomeu\/wp-json\/wp\/v2\/media\/1137"}],"wp:attachment":[{"href":"https:\/\/agora.xtec.cat\/escolagermanesbertomeu\/wp-json\/wp\/v2\/media?parent=1136"}],"wp:term":[{"taxonomy":"category","embeddable":true,"href":"https:\/\/agora.xtec.cat\/escolagermanesbertomeu\/wp-json\/wp\/v2\/categories?post=1136"},{"taxonomy":"post_tag","embeddable":true,"href":"https:\/\/agora.xtec.cat\/escolagermanesbertomeu\/wp-json\/wp\/v2\/tags?post=1136"}],"curies":[{"name":"wp","href":"https:\/\/api.w.org\/{rel}","templated":true}]}}