{"id":1089,"date":"2017-11-27T11:27:14","date_gmt":"2017-11-27T10:27:14","guid":{"rendered":"http:\/\/agora.xtec.cat\/escolagermanesbertomeu\/?p=1089"},"modified":"2018-10-29T12:24:54","modified_gmt":"2018-10-29T11:24:54","slug":"colonies-6e","status":"publish","type":"post","link":"https:\/\/agora.xtec.cat\/escolagermanesbertomeu\/general\/colonies-6e\/","title":{"rendered":"Col\u00f2nies 6\u00e8!"},"content":{"rendered":"<p>Els dies 22, 23 i 24 de novembre els alumnes de 6\u00e8 han estat de col\u00f2nies a l&#8217;alberg Jaume I de l&#8217;Espluga de Francol\u00ed participant del projecte STAGE ARTS en llengua anglesa. S&#8217;ho han passat molt b\u00e9!<\/p>\n<p style=\"text-align: center;\"><a href=\"https:\/\/photos.app.goo.gl\/iEDQCV9Gt2vzSbmC3\">FOTOS DE LES COL\u00d2NIES DE 6\u00c8<\/a><\/p>\n","protected":false},"excerpt":{"rendered":"<p>Els dies 22, 23 i 24 de novembre els alumnes de 6\u00e8 han estat de col\u00f2nies a l&#8217;alberg Jaume I de l&#8217;Espluga de Francol\u00ed participant del projecte STAGE ARTS en llengua anglesa. S&#8217;ho han passat molt b\u00e9!<br \/>\n<a href=\"https:\/\/photos.app.goo.gl\/iEDQCV9Gt2vzSbmC3\">FOTOS DE LES COL\u00d2NIES DE 6\u00c8<\/a><\/p>\n","protected":false},"author":1,"featured_media":1091,"comment_status":"open","ping_status":"closed","sticky":false,"template":"","format":"standard","meta":{"_bbp_topic_count":0,"_bbp_reply_count":0,"_bbp_total_topic_count":0,"_bbp_total_reply_count":0,"_bbp_voice_count":0,"_bbp_anonymous_reply_count":0,"_bbp_topic_count_hidden":0,"_bbp_reply_count_hidden":0,"_bbp_forum_subforum_count":0,"footnotes":""},"categories":[14,1],"tags":[104],"class_list":["post-1089","post","type-post","status-publish","format-standard","has-post-thumbnail","hentry","category-6e","category-general","tag-promocio-2009-2018"],"post_mailing_queue_ids":[],"_links":{"self":[{"href":"https:\/\/agora.xtec.cat\/escolagermanesbertomeu\/wp-json\/wp\/v2\/posts\/1089","targetHints":{"allow":["GET"]}}],"collection":[{"href":"https:\/\/agora.xtec.cat\/escolagermanesbertomeu\/wp-json\/wp\/v2\/posts"}],"about":[{"href":"https:\/\/agora.xtec.cat\/escolagermanesbertomeu\/wp-json\/wp\/v2\/types\/post"}],"author":[{"embeddable":true,"href":"https:\/\/agora.xtec.cat\/escolagermanesbertomeu\/wp-json\/wp\/v2\/users\/1"}],"replies":[{"embeddable":true,"href":"https:\/\/agora.xtec.cat\/escolagermanesbertomeu\/wp-json\/wp\/v2\/comments?post=1089"}],"version-history":[{"count":3,"href":"https:\/\/agora.xtec.cat\/escolagermanesbertomeu\/wp-json\/wp\/v2\/posts\/1089\/revisions"}],"predecessor-version":[{"id":1109,"href":"https:\/\/agora.xtec.cat\/escolagermanesbertomeu\/wp-json\/wp\/v2\/posts\/1089\/revisions\/1109"}],"wp:featuredmedia":[{"embeddable":true,"href":"https:\/\/agora.xtec.cat\/escolagermanesbertomeu\/wp-json\/wp\/v2\/media\/1091"}],"wp:attachment":[{"href":"https:\/\/agora.xtec.cat\/escolagermanesbertomeu\/wp-json\/wp\/v2\/media?parent=1089"}],"wp:term":[{"taxonomy":"category","embeddable":true,"href":"https:\/\/agora.xtec.cat\/escolagermanesbertomeu\/wp-json\/wp\/v2\/categories?post=1089"},{"taxonomy":"post_tag","embeddable":true,"href":"https:\/\/agora.xtec.cat\/escolagermanesbertomeu\/wp-json\/wp\/v2\/tags?post=1089"}],"curies":[{"name":"wp","href":"https:\/\/api.w.org\/{rel}","templated":true}]}}