{"id":1075,"date":"2017-12-12T15:31:38","date_gmt":"2017-12-12T14:31:38","guid":{"rendered":"http:\/\/agora.xtec.cat\/escolagermanesbertomeu\/?p=1075"},"modified":"2017-12-12T15:31:38","modified_gmt":"2017-12-12T14:31:38","slug":"presentacio-internacional-de-lescola-al-projecte-erasmus-plus","status":"publish","type":"post","link":"https:\/\/agora.xtec.cat\/escolagermanesbertomeu\/general\/presentacio-internacional-de-lescola-al-projecte-erasmus-plus\/","title":{"rendered":"Presentaci\u00f3 internacional de l&#8217;escola al projecte Erasmus Plus"},"content":{"rendered":"<p>Els alumnes de 6\u00e8 han preparat una presentaci\u00f3 digital de l&#8217;escola i de la ciutat de Matar\u00f3 per donar-nos a con\u00e8ixer a les diferents escoles que fomen part del projecte internacional Erasmus Plus.<\/p>\n<p><a href=\"https:\/\/docs.google.com\/presentation\/d\/1rUDOz94jh1_pnpNX4yDobYtIyqcTkWWuy5uywTDxToo\/edit?usp=sharing\">GERMANES BERTOMEU SCHOOL PRESENTATION<\/a><\/p>\n","protected":false},"excerpt":{"rendered":"<p>Els alumnes de 6\u00e8 han preparat una presentaci\u00f3 digital de l&#8217;escola i de la ciutat de Matar\u00f3 per donar-nos a con\u00e8ixer a les diferents escoles que fomen part del projecte internacional Erasmus Plus.<br \/>\n<a href=\"https:\/\/docs.google.com\/presentation\/d\/1rUDOz94jh1_pnpNX4yDobYtIyqcTkWWuy5uywTDxToo\/edit?usp=sharing\">GERMANES BERTOMEU SCHOOL PRESENTATION<\/a><\/p>\n","protected":false},"author":1,"featured_media":1077,"comment_status":"open","ping_status":"closed","sticky":false,"template":"","format":"standard","meta":{"_bbp_topic_count":0,"_bbp_reply_count":0,"_bbp_total_topic_count":0,"_bbp_total_reply_count":0,"_bbp_voice_count":0,"_bbp_anonymous_reply_count":0,"_bbp_topic_count_hidden":0,"_bbp_reply_count_hidden":0,"_bbp_forum_subforum_count":0,"footnotes":""},"categories":[1],"tags":[96],"class_list":["post-1075","post","type-post","status-publish","format-standard","has-post-thumbnail","hentry","category-general","tag-erasmus"],"post_mailing_queue_ids":[],"_links":{"self":[{"href":"https:\/\/agora.xtec.cat\/escolagermanesbertomeu\/wp-json\/wp\/v2\/posts\/1075","targetHints":{"allow":["GET"]}}],"collection":[{"href":"https:\/\/agora.xtec.cat\/escolagermanesbertomeu\/wp-json\/wp\/v2\/posts"}],"about":[{"href":"https:\/\/agora.xtec.cat\/escolagermanesbertomeu\/wp-json\/wp\/v2\/types\/post"}],"author":[{"embeddable":true,"href":"https:\/\/agora.xtec.cat\/escolagermanesbertomeu\/wp-json\/wp\/v2\/users\/1"}],"replies":[{"embeddable":true,"href":"https:\/\/agora.xtec.cat\/escolagermanesbertomeu\/wp-json\/wp\/v2\/comments?post=1075"}],"version-history":[{"count":1,"href":"https:\/\/agora.xtec.cat\/escolagermanesbertomeu\/wp-json\/wp\/v2\/posts\/1075\/revisions"}],"predecessor-version":[{"id":1076,"href":"https:\/\/agora.xtec.cat\/escolagermanesbertomeu\/wp-json\/wp\/v2\/posts\/1075\/revisions\/1076"}],"wp:featuredmedia":[{"embeddable":true,"href":"https:\/\/agora.xtec.cat\/escolagermanesbertomeu\/wp-json\/wp\/v2\/media\/1077"}],"wp:attachment":[{"href":"https:\/\/agora.xtec.cat\/escolagermanesbertomeu\/wp-json\/wp\/v2\/media?parent=1075"}],"wp:term":[{"taxonomy":"category","embeddable":true,"href":"https:\/\/agora.xtec.cat\/escolagermanesbertomeu\/wp-json\/wp\/v2\/categories?post=1075"},{"taxonomy":"post_tag","embeddable":true,"href":"https:\/\/agora.xtec.cat\/escolagermanesbertomeu\/wp-json\/wp\/v2\/tags?post=1075"}],"curies":[{"name":"wp","href":"https:\/\/api.w.org\/{rel}","templated":true}]}}