{"id":882,"date":"2020-03-16T10:10:52","date_gmt":"2020-03-16T09:10:52","guid":{"rendered":"https:\/\/agora.xtec.cat\/escolagaudisantboi\/?p=882"},"modified":"2020-03-17T14:30:53","modified_gmt":"2020-03-17T13:30:53","slug":"propostes-4t","status":"publish","type":"post","link":"https:\/\/agora.xtec.cat\/escolagaudisantboi\/general\/propostes-4t\/","title":{"rendered":"Propostes 4t"},"content":{"rendered":"<p style=\"text-align: justify;\">Hola a tothom! Com esteu? Jo estic a casa, com ha de ser ara mateix, per\u00f2 us he de dir que estic ocupant el meu temps lliure variant les activitats per tal de no avorrir-me i passar aquesta \u201cexperi\u00e8ncia\u201d de la millor manera possible. Us comento que cada mat\u00ed, a la meva agenda personal, em faig un llistat que inclou les activitats que m\u2019agradaria fer durant el dia (\u00f2bviament algunes es repeteixen dia rere dia) i aquesta manera d\u2019organitzar-me m\u2019ajuda. Us animo a fer tamb\u00e9 un horari\/planning que us ajudi a organitzar-vos.<\/p>\n<p style=\"text-align: justify;\">A continuaci\u00f3, trobareu un llistat de propostes que em ve de gust fer-vos. Espero que les poseu en pr\u00e0ctica i que les gaudiu molt:<\/p>\n<ul style=\"text-align: justify;\">\n<li>Com imaginareu, jo, com a tutora vostra, us trobo a faltar, per\u00f2 sabeu que m\u2019est\u00e0 costant m\u00e9s? No saber de vosaltres, les vostres an\u00e8cdotes divertides, la vostra alegria&#8230; Nois i noies, posem soluci\u00f3 a aix\u00f2 i ens comuniquem aquests dies via correu electr\u00f2nic? Ser\u00e0 tot un plaer llegir-vos i contestar-vos i, d\u2019aquesta manera, sentir-vos m\u00e9s a prop.<\/li>\n<li>Relacionat amb el tema d\u2019Aprenem del segon trimestre, \u201cEL COS HUM\u00c0\u201d, us animo a buscar curiositats sobre el nostre cos per tal de descobrir m\u00e9s informacions al\u00b7lucinants sobre nosaltres mateixos. Seria genial que aquestes curiositats que trobeu les porteu a classe quan tornem a escola. Aquestes curiositats podrien ser explicades amb un suport visual que prepareu durant aquests dies, per exemple, en forma de text, de PowerPoint, de cartolina amb dibuixos o, fins i tot, us podeu gravar i podrem veure el v\u00eddeo a classe. No us sembla interessant? ?<\/li>\n<li>Juguem amb les matem\u00e0tiques? A continuaci\u00f3 trobareu tot un llistat de jocs matem\u00e0tics que he trobat i crec que poden ser divertits.<\/li>\n<li>I vosaltres, esteu ajudant a la cuina? Si, durant tots aquests dies, teniu ganes de cuinar amb les vostres fam\u00edlies i voleu compartir la recepta, \u00e9s una idea genial! Ei, recordeu d\u2019incloure a la recepta els ingredients i el proc\u00e9s d\u2019elaboraci\u00f3!<\/li>\n<li>Contes bojos! Escrivim contes bojos i divertits? Si entreu en aquesta adre\u00e7a electr\u00f2nica trobareu una manera molt original d\u2019escriure els vostres propis contes: <u><a href=\"https:\/\/win.memcat.org\/infantil\/contesb\/index.html\">https:\/\/win.memcat.org\/infantil\/contesb\/index.html<\/a><\/u><\/li>\n<\/ul>\n<p style=\"text-align: justify;\">Espero que us semblin interessants totes aquestes propostes i espero tenir not\u00edcies vostres. Recordeu tamb\u00e9 que:<\/p>\n<ul style=\"text-align: justify;\">\n<li>Podeu veure l\u2019Info-k de dilluns a dijous a les 19.30 (<u><a href=\"https:\/\/www.ccma.cat\/tv3\/super3\/infok\/\">https:\/\/www.ccma.cat\/tv3\/super3\/infok\/<\/a><\/u>)<\/li>\n<li>La lectura una bona companya de viatge.<\/li>\n<li>Podeu escoltar contes #ContesConfinats,\u00a0 \u201cVivim del cuentu\u201d ja que ofereixen a les seves xarxes un conte cada dia a les 17h. Es podran veure tamb\u00e9 al seu canal de youtube <u><a href=\"https:\/\/www.youtube.com\/results?search_query=%23ContesConfinats\">https:\/\/www.youtube.com\/results?search_query=%23ContesConfinats<\/a><\/u><\/li>\n<\/ul>\n<p style=\"text-align: justify;\">I per a vosaltres, fam\u00edlies:<\/p>\n<ul>\n<li style=\"text-align: justify;\">Recordeu que establir horaris i rutines \u00e9s convenient.<\/li>\n<li style=\"text-align: justify;\">Feu manualitats i activitats junts.<\/li>\n<li style=\"text-align: justify;\">Mireu les fotos del DRIVE conjuntament (est\u00e0 actualitzat) i parleu sobre tot all\u00f2 que fem a l\u2019escola.<\/li>\n<\/ul>\n<p style=\"text-align: right;\">Abra\u00e7ades per a tothom.<\/p>\n<p style=\"text-align: right;\">Jennifer<\/p>\n","protected":false},"excerpt":{"rendered":"<p>Hola a tothom! Com esteu? Jo estic a casa, com ha de ser ara mateix, per\u00f2 us he de dir que estic ocupant el meu temps lliure variant les activitats per tal de no avorrir-me i passar aquesta \u201cexperi\u00e8ncia\u201d de la millor manera possible. Us comento que cada mat\u00ed, a la meva agenda personal, em [&hellip;]<\/p>\n","protected":false},"author":1,"featured_media":0,"comment_status":"open","ping_status":"closed","sticky":false,"template":"","format":"standard","meta":{"_bbp_topic_count":0,"_bbp_reply_count":0,"_bbp_total_topic_count":0,"_bbp_total_reply_count":0,"_bbp_voice_count":0,"_bbp_anonymous_reply_count":0,"_bbp_topic_count_hidden":0,"_bbp_reply_count_hidden":0,"_bbp_forum_subforum_count":0,"site-sidebar-layout":"default","site-content-layout":"","ast-site-content-layout":"","site-content-style":"default","site-sidebar-style":"default","ast-global-header-display":"","ast-banner-title-visibility":"","ast-main-header-display":"","ast-hfb-above-header-display":"","ast-hfb-below-header-display":"","ast-hfb-mobile-header-display":"","site-post-title":"","ast-breadcrumbs-content":"","ast-featured-img":"","footer-sml-layout":"","theme-transparent-header-meta":"","adv-header-id-meta":"","stick-header-meta":"","header-above-stick-meta":"","header-main-stick-meta":"","header-below-stick-meta":"","astra-migrate-meta-layouts":"default","ast-page-background-enabled":"default","ast-page-background-meta":{"desktop":{"background-color":"var(--ast-global-color-4)","background-image":"","background-repeat":"repeat","background-position":"center center","background-size":"auto","background-attachment":"scroll","background-type":"","background-media":"","overlay-type":"","overlay-color":"","overlay-opacity":"","overlay-gradient":""},"tablet":{"background-color":"","background-image":"","background-repeat":"repeat","background-position":"center center","background-size":"auto","background-attachment":"scroll","background-type":"","background-media":"","overlay-type":"","overlay-color":"","overlay-opacity":"","overlay-gradient":""},"mobile":{"background-color":"","background-image":"","background-repeat":"repeat","background-position":"center center","background-size":"auto","background-attachment":"scroll","background-type":"","background-media":"","overlay-type":"","overlay-color":"","overlay-opacity":"","overlay-gradient":""}},"ast-content-background-meta":{"desktop":{"background-color":"var(--ast-global-color-5)","background-image":"","background-repeat":"repeat","background-position":"center center","background-size":"auto","background-attachment":"scroll","background-type":"","background-media":"","overlay-type":"","overlay-color":"","overlay-opacity":"","overlay-gradient":""},"tablet":{"background-color":"var(--ast-global-color-5)","background-image":"","background-repeat":"repeat","background-position":"center center","background-size":"auto","background-attachment":"scroll","background-type":"","background-media":"","overlay-type":"","overlay-color":"","overlay-opacity":"","overlay-gradient":""},"mobile":{"background-color":"var(--ast-global-color-5)","background-image":"","background-repeat":"repeat","background-position":"center center","background-size":"auto","background-attachment":"scroll","background-type":"","background-media":"","overlay-type":"","overlay-color":"","overlay-opacity":"","overlay-gradient":""}},"footnotes":""},"categories":[102,1,4,105],"tags":[],"class_list":["post-882","post","type-post","status-publish","format-standard","hentry","category-ens-quedem-a-casa","category-general","category-portada","category-recomanacions-classes"],"post_mailing_queue_ids":[],"_links":{"self":[{"href":"https:\/\/agora.xtec.cat\/escolagaudisantboi\/wp-json\/wp\/v2\/posts\/882","targetHints":{"allow":["GET"]}}],"collection":[{"href":"https:\/\/agora.xtec.cat\/escolagaudisantboi\/wp-json\/wp\/v2\/posts"}],"about":[{"href":"https:\/\/agora.xtec.cat\/escolagaudisantboi\/wp-json\/wp\/v2\/types\/post"}],"author":[{"embeddable":true,"href":"https:\/\/agora.xtec.cat\/escolagaudisantboi\/wp-json\/wp\/v2\/users\/1"}],"replies":[{"embeddable":true,"href":"https:\/\/agora.xtec.cat\/escolagaudisantboi\/wp-json\/wp\/v2\/comments?post=882"}],"version-history":[{"count":2,"href":"https:\/\/agora.xtec.cat\/escolagaudisantboi\/wp-json\/wp\/v2\/posts\/882\/revisions"}],"predecessor-version":[{"id":892,"href":"https:\/\/agora.xtec.cat\/escolagaudisantboi\/wp-json\/wp\/v2\/posts\/882\/revisions\/892"}],"wp:attachment":[{"href":"https:\/\/agora.xtec.cat\/escolagaudisantboi\/wp-json\/wp\/v2\/media?parent=882"}],"wp:term":[{"taxonomy":"category","embeddable":true,"href":"https:\/\/agora.xtec.cat\/escolagaudisantboi\/wp-json\/wp\/v2\/categories?post=882"},{"taxonomy":"post_tag","embeddable":true,"href":"https:\/\/agora.xtec.cat\/escolagaudisantboi\/wp-json\/wp\/v2\/tags?post=882"}],"curies":[{"name":"wp","href":"https:\/\/api.w.org\/{rel}","templated":true}]}}