{"id":6609,"date":"2022-09-19T19:14:40","date_gmt":"2022-09-19T17:14:40","guid":{"rendered":"https:\/\/agora.xtec.cat\/escolagaudisantboi\/?p=6609"},"modified":"2022-09-19T19:30:14","modified_gmt":"2022-09-19T17:30:14","slug":"la-classe-de-p5","status":"publish","type":"post","link":"https:\/\/agora.xtec.cat\/escolagaudisantboi\/general\/la-classe-de-p5\/","title":{"rendered":"LA CLASSE DE P5"},"content":{"rendered":"<p>Hola fam\u00edlies,<\/p>\n<p>Fa res que comen\u00e7\u00e0vem l&#8217;escola i &#8230; ja som els grans d&#8217;Educaci\u00f3 Infantil!!!<\/p>\n<p>Aquest curs la nostra tutora \u00e9s la Marina, per\u00f2 tamb\u00e9 estarem amb la Neus, l&#8217;Anabel, l&#8217;Eva, l&#8217;Arianna i la M\u00f2nica, amb qui farem activitats molt boniques i segur que les gaudirem molt\u00edssim.<\/p>\n<p>Com que van marxar els nostres amics Daniel i Mohamed, han arribat dues nenes que es diuen Kawtar i Basma. Les hem acollit molt b\u00e9 i creiem que estan molt contentes d&#8217;estar amb nosaltres \ud83d\ude0a<\/p>\n<p>Ja us anirem dient totes les novetats i sorpreses que tenim per aquest curs \ud83d\ude09<\/p>\n<p><img loading=\"lazy\" decoding=\"async\" class=\"alignright\" src=\"https:\/\/i.pinimg.com\/474x\/9e\/10\/98\/9e109873ab3472fdee6bb6a582f62715.jpg\" alt=\"100 ideas de Frases i dibuixos Joan Turu | turu, frases, frases de educacion\" width=\"200\" height=\"133\" \/><a href=\"https:\/\/agora.xtec.cat\/escolagaudisantboi\/wp-content\/uploads\/usu2030\/2022\/09\/foto-grup2.jpg\"><img loading=\"lazy\" decoding=\"async\" class=\"alignnone size-large wp-image-6612\" src=\"https:\/\/agora.xtec.cat\/escolagaudisantboi\/wp-content\/uploads\/usu2030\/2022\/09\/foto-grup2-1024x723.jpg\" alt=\"\" width=\"1024\" height=\"723\" srcset=\"https:\/\/agora.xtec.cat\/escolagaudisantboi\/wp-content\/uploads\/usu2030\/2022\/09\/foto-grup2-1024x723.jpg 1024w, https:\/\/agora.xtec.cat\/escolagaudisantboi\/wp-content\/uploads\/usu2030\/2022\/09\/foto-grup2-300x212.jpg 300w, https:\/\/agora.xtec.cat\/escolagaudisantboi\/wp-content\/uploads\/usu2030\/2022\/09\/foto-grup2-768x542.jpg 768w, https:\/\/agora.xtec.cat\/escolagaudisantboi\/wp-content\/uploads\/usu2030\/2022\/09\/foto-grup2.jpg 1375w\" sizes=\"auto, (max-width: 1024px) 100vw, 1024px\" \/><\/a><\/p>\n<p>&nbsp;<\/p>\n","protected":false},"excerpt":{"rendered":"<p>Hola fam\u00edlies, Fa res que comen\u00e7\u00e0vem l&#8217;escola i &#8230; ja som els grans d&#8217;Educaci\u00f3 Infantil!!! Aquest curs la nostra tutora \u00e9s la Marina, per\u00f2 tamb\u00e9 estarem amb la Neus, l&#8217;Anabel, l&#8217;Eva, l&#8217;Arianna i la M\u00f2nica, amb qui farem activitats molt boniques i segur que les gaudirem molt\u00edssim. Com que van marxar els nostres amics Daniel [&hellip;]<\/p>\n","protected":false},"author":24,"featured_media":0,"comment_status":"open","ping_status":"closed","sticky":false,"template":"","format":"standard","meta":{"_bbp_topic_count":0,"_bbp_reply_count":0,"_bbp_total_topic_count":0,"_bbp_total_reply_count":0,"_bbp_voice_count":0,"_bbp_anonymous_reply_count":0,"_bbp_topic_count_hidden":0,"_bbp_reply_count_hidden":0,"_bbp_forum_subforum_count":0,"site-sidebar-layout":"default","site-content-layout":"","ast-site-content-layout":"","site-content-style":"default","site-sidebar-style":"default","ast-global-header-display":"","ast-banner-title-visibility":"","ast-main-header-display":"","ast-hfb-above-header-display":"","ast-hfb-below-header-display":"","ast-hfb-mobile-header-display":"","site-post-title":"","ast-breadcrumbs-content":"","ast-featured-img":"","footer-sml-layout":"","theme-transparent-header-meta":"","adv-header-id-meta":"","stick-header-meta":"","header-above-stick-meta":"","header-main-stick-meta":"","header-below-stick-meta":"","astra-migrate-meta-layouts":"default","ast-page-background-enabled":"default","ast-page-background-meta":{"desktop":{"background-color":"var(--ast-global-color-4)","background-image":"","background-repeat":"repeat","background-position":"center center","background-size":"auto","background-attachment":"scroll","background-type":"","background-media":"","overlay-type":"","overlay-color":"","overlay-opacity":"","overlay-gradient":""},"tablet":{"background-color":"","background-image":"","background-repeat":"repeat","background-position":"center center","background-size":"auto","background-attachment":"scroll","background-type":"","background-media":"","overlay-type":"","overlay-color":"","overlay-opacity":"","overlay-gradient":""},"mobile":{"background-color":"","background-image":"","background-repeat":"repeat","background-position":"center center","background-size":"auto","background-attachment":"scroll","background-type":"","background-media":"","overlay-type":"","overlay-color":"","overlay-opacity":"","overlay-gradient":""}},"ast-content-background-meta":{"desktop":{"background-color":"var(--ast-global-color-5)","background-image":"","background-repeat":"repeat","background-position":"center center","background-size":"auto","background-attachment":"scroll","background-type":"","background-media":"","overlay-type":"","overlay-color":"","overlay-opacity":"","overlay-gradient":""},"tablet":{"background-color":"var(--ast-global-color-5)","background-image":"","background-repeat":"repeat","background-position":"center center","background-size":"auto","background-attachment":"scroll","background-type":"","background-media":"","overlay-type":"","overlay-color":"","overlay-opacity":"","overlay-gradient":""},"mobile":{"background-color":"var(--ast-global-color-5)","background-image":"","background-repeat":"repeat","background-position":"center center","background-size":"auto","background-attachment":"scroll","background-type":"","background-media":"","overlay-type":"","overlay-color":"","overlay-opacity":"","overlay-gradient":""}},"footnotes":""},"categories":[1,9,2,4],"tags":[155,134],"class_list":["post-6609","post","type-post","status-publish","format-standard","hentry","category-general","category-i5","category-infantil","category-portada","tag-p5","tag-presentacio"],"post_mailing_queue_ids":[],"_links":{"self":[{"href":"https:\/\/agora.xtec.cat\/escolagaudisantboi\/wp-json\/wp\/v2\/posts\/6609","targetHints":{"allow":["GET"]}}],"collection":[{"href":"https:\/\/agora.xtec.cat\/escolagaudisantboi\/wp-json\/wp\/v2\/posts"}],"about":[{"href":"https:\/\/agora.xtec.cat\/escolagaudisantboi\/wp-json\/wp\/v2\/types\/post"}],"author":[{"embeddable":true,"href":"https:\/\/agora.xtec.cat\/escolagaudisantboi\/wp-json\/wp\/v2\/users\/24"}],"replies":[{"embeddable":true,"href":"https:\/\/agora.xtec.cat\/escolagaudisantboi\/wp-json\/wp\/v2\/comments?post=6609"}],"version-history":[{"count":2,"href":"https:\/\/agora.xtec.cat\/escolagaudisantboi\/wp-json\/wp\/v2\/posts\/6609\/revisions"}],"predecessor-version":[{"id":6613,"href":"https:\/\/agora.xtec.cat\/escolagaudisantboi\/wp-json\/wp\/v2\/posts\/6609\/revisions\/6613"}],"wp:attachment":[{"href":"https:\/\/agora.xtec.cat\/escolagaudisantboi\/wp-json\/wp\/v2\/media?parent=6609"}],"wp:term":[{"taxonomy":"category","embeddable":true,"href":"https:\/\/agora.xtec.cat\/escolagaudisantboi\/wp-json\/wp\/v2\/categories?post=6609"},{"taxonomy":"post_tag","embeddable":true,"href":"https:\/\/agora.xtec.cat\/escolagaudisantboi\/wp-json\/wp\/v2\/tags?post=6609"}],"curies":[{"name":"wp","href":"https:\/\/api.w.org\/{rel}","templated":true}]}}