{"id":6128,"date":"2022-04-27T13:50:33","date_gmt":"2022-04-27T11:50:33","guid":{"rendered":"https:\/\/agora.xtec.cat\/escolagaudisantboi\/?p=6128"},"modified":"2022-04-27T13:50:33","modified_gmt":"2022-04-27T11:50:33","slug":"jocs-florals-al-gaudi","status":"publish","type":"post","link":"https:\/\/agora.xtec.cat\/escolagaudisantboi\/general\/jocs-florals-al-gaudi\/","title":{"rendered":"Jocs Florals al Gaud\u00ed"},"content":{"rendered":"<p>Cada any, quan arriba Sant Jordi, l&#8217;escola s&#8217;omple de llibres i d&#8217;il\u00b7lusi\u00f3 per celebrar els Jocs Florals!<\/p>\n<p>El passat divendres 22 d&#8217;abril vam viure una jornada molt emocionant dedicada a la cultura i a la lectura i tots, des del m\u00e9s petit al m\u00e9s gran, la vam gaudir al m\u00e0xim.<\/p>\n<p>Aquest dia tamb\u00e9 va ser emocionant per un altre motiu. Aquest curs celebrem el 10\u00e8 aniversari de la mort d&#8217;un escriptor molt important per nosaltres, l&#8217;Emili Teixidor, i de la seva visita a l&#8217;escola aquell any. Per aquest motiu hem tingut una visita sorpresa: La Formiga Piga! La protagonista de tants i tants contes escrits per l&#8217;Emili Teixidor!<\/p>\n<p>La Formiga Piga ha vingut per quedar-se amb nosaltres i de ben segur que podrem compartir amb ella moments de lectura molt feli\u00e7os!<\/p>\n<p>Aqu\u00ed us deixem una mostra dels treballs presentats per tots els nens i nenes de l&#8217;escola. Ja veureu quins escriptors i escriptores, poetes i dibuixants que tenim! Esperem que la gaudiu!<\/p>\n<p>&nbsp;<\/p>\n<div data-url=\"https:\/\/issuu.com\/escolagaudisantboi\/docs\/llibre_digital_jocs_florals_2022\" style=\"width: 500px; height: 353px;\" class=\"issuuembed\"><\/div>\n<p><script type=\"text\/javascript\" src=\"\/\/e.issuu.com\/embed.js\" async=\"true\"><\/script><\/p>\n<p>&nbsp;<\/p>\n<p>&nbsp;<\/p>\n<p>&nbsp;<\/p>\n","protected":false},"excerpt":{"rendered":"<p>Cada any, quan arriba Sant Jordi, l&#8217;escola s&#8217;omple de llibres i d&#8217;il\u00b7lusi\u00f3 per celebrar els Jocs Florals! El passat divendres 22 d&#8217;abril vam viure una jornada molt emocionant dedicada a la cultura i a la lectura i tots, des del m\u00e9s petit al m\u00e9s gran, la vam gaudir al m\u00e0xim. Aquest dia tamb\u00e9 va ser [&hellip;]<\/p>\n","protected":false},"author":22,"featured_media":6131,"comment_status":"open","ping_status":"closed","sticky":false,"template":"","format":"standard","meta":{"_bbp_topic_count":0,"_bbp_reply_count":0,"_bbp_total_topic_count":0,"_bbp_total_reply_count":0,"_bbp_voice_count":0,"_bbp_anonymous_reply_count":0,"_bbp_topic_count_hidden":0,"_bbp_reply_count_hidden":0,"_bbp_forum_subforum_count":0,"site-sidebar-layout":"default","site-content-layout":"","ast-site-content-layout":"","site-content-style":"default","site-sidebar-style":"default","ast-global-header-display":"","ast-banner-title-visibility":"","ast-main-header-display":"","ast-hfb-above-header-display":"","ast-hfb-below-header-display":"","ast-hfb-mobile-header-display":"","site-post-title":"","ast-breadcrumbs-content":"","ast-featured-img":"","footer-sml-layout":"","theme-transparent-header-meta":"","adv-header-id-meta":"","stick-header-meta":"","header-above-stick-meta":"","header-main-stick-meta":"","header-below-stick-meta":"","astra-migrate-meta-layouts":"default","ast-page-background-enabled":"default","ast-page-background-meta":{"desktop":{"background-color":"var(--ast-global-color-4)","background-image":"","background-repeat":"repeat","background-position":"center center","background-size":"auto","background-attachment":"scroll","background-type":"","background-media":"","overlay-type":"","overlay-color":"","overlay-opacity":"","overlay-gradient":""},"tablet":{"background-color":"","background-image":"","background-repeat":"repeat","background-position":"center center","background-size":"auto","background-attachment":"scroll","background-type":"","background-media":"","overlay-type":"","overlay-color":"","overlay-opacity":"","overlay-gradient":""},"mobile":{"background-color":"","background-image":"","background-repeat":"repeat","background-position":"center center","background-size":"auto","background-attachment":"scroll","background-type":"","background-media":"","overlay-type":"","overlay-color":"","overlay-opacity":"","overlay-gradient":""}},"ast-content-background-meta":{"desktop":{"background-color":"var(--ast-global-color-5)","background-image":"","background-repeat":"repeat","background-position":"center center","background-size":"auto","background-attachment":"scroll","background-type":"","background-media":"","overlay-type":"","overlay-color":"","overlay-opacity":"","overlay-gradient":""},"tablet":{"background-color":"var(--ast-global-color-5)","background-image":"","background-repeat":"repeat","background-position":"center center","background-size":"auto","background-attachment":"scroll","background-type":"","background-media":"","overlay-type":"","overlay-color":"","overlay-opacity":"","overlay-gradient":""},"mobile":{"background-color":"var(--ast-global-color-5)","background-image":"","background-repeat":"repeat","background-position":"center center","background-size":"auto","background-attachment":"scroll","background-type":"","background-media":"","overlay-type":"","overlay-color":"","overlay-opacity":"","overlay-gradient":""}},"footnotes":""},"categories":[10,11,12,13,14,15,61,1,3,9,2,8,4,5],"tags":[141,109,140,108,148,63,88,89,90,93,153,68,124,115],"class_list":["post-6128","post","type-post","status-publish","format-standard","has-post-thumbnail","hentry","category-1r","category-2n","category-3r","category-4t","category-5e","category-6e","category-biblio","category-general","category-i3","category-i5","category-infantil","category-p4","category-portada","category-primaria","tag-6e","tag-1r","tag-2n","tag-3r","tag-4t","tag-5e","tag-cicle-inicial","tag-cicle-mitja","tag-cicle-superior","tag-educacio-infantil","tag-emili-teixidor","tag-festes","tag-jocs-florals","tag-sant-jordi"],"post_mailing_queue_ids":[],"_links":{"self":[{"href":"https:\/\/agora.xtec.cat\/escolagaudisantboi\/wp-json\/wp\/v2\/posts\/6128","targetHints":{"allow":["GET"]}}],"collection":[{"href":"https:\/\/agora.xtec.cat\/escolagaudisantboi\/wp-json\/wp\/v2\/posts"}],"about":[{"href":"https:\/\/agora.xtec.cat\/escolagaudisantboi\/wp-json\/wp\/v2\/types\/post"}],"author":[{"embeddable":true,"href":"https:\/\/agora.xtec.cat\/escolagaudisantboi\/wp-json\/wp\/v2\/users\/22"}],"replies":[{"embeddable":true,"href":"https:\/\/agora.xtec.cat\/escolagaudisantboi\/wp-json\/wp\/v2\/comments?post=6128"}],"version-history":[{"count":2,"href":"https:\/\/agora.xtec.cat\/escolagaudisantboi\/wp-json\/wp\/v2\/posts\/6128\/revisions"}],"predecessor-version":[{"id":6132,"href":"https:\/\/agora.xtec.cat\/escolagaudisantboi\/wp-json\/wp\/v2\/posts\/6128\/revisions\/6132"}],"wp:featuredmedia":[{"embeddable":true,"href":"https:\/\/agora.xtec.cat\/escolagaudisantboi\/wp-json\/wp\/v2\/media\/6131"}],"wp:attachment":[{"href":"https:\/\/agora.xtec.cat\/escolagaudisantboi\/wp-json\/wp\/v2\/media?parent=6128"}],"wp:term":[{"taxonomy":"category","embeddable":true,"href":"https:\/\/agora.xtec.cat\/escolagaudisantboi\/wp-json\/wp\/v2\/categories?post=6128"},{"taxonomy":"post_tag","embeddable":true,"href":"https:\/\/agora.xtec.cat\/escolagaudisantboi\/wp-json\/wp\/v2\/tags?post=6128"}],"curies":[{"name":"wp","href":"https:\/\/api.w.org\/{rel}","templated":true}]}}