{"id":5922,"date":"2022-03-25T12:08:15","date_gmt":"2022-03-25T11:08:15","guid":{"rendered":"https:\/\/agora.xtec.cat\/escolagaudisantboi\/?p=5922"},"modified":"2022-03-25T12:08:15","modified_gmt":"2022-03-25T11:08:15","slug":"flors-per-la-pau","status":"publish","type":"post","link":"https:\/\/agora.xtec.cat\/escolagaudisantboi\/general\/flors-per-la-pau\/","title":{"rendered":"Flors per la Pau"},"content":{"rendered":"<p style=\"text-align: justify;\">El Jard\u00ed de la Pau torna a estar florit.<\/p>\n<p style=\"text-align: justify;\">Les \u00faltimes setmanes ens ha colpejat les not\u00edcies que ens arriben des d&#8217;Ucra\u00efna i, a grans i petits, no ens han deixat indiferents.<\/p>\n<p style=\"text-align: justify;\">Des de l&#8217;escola hem volgut fer un acte en contra d&#8217;aquesta guerra i de totes les guerres que hi ha actualment al m\u00f3n i hem fet florir el Jard\u00ed de la Pau de blau i de groc perqu\u00e8 volem la Pau i que tantes i tantes persones deixin de patir.<\/p>\n<p style=\"text-align: justify;\">A les classes els infants han deixat anar tota la seva creativitat per fer uns cartells en contra de la guerra que properament, quan el temps no anunci\u00ef pluja, penjarem al voltant de l&#8217;escola.<\/p>\n<p style=\"text-align: justify;\">Hem baixat al pati amb els nostres cartells i ens hem reunit tots i totes a la Pla\u00e7a Gaud\u00ed, al voltant del Jard\u00ed de la Pau, i hem convidat a la Natasha. Pels qui no coneixeu a la Natasha, \u00e9s una monitora de menjador que porta molt anys amb nosaltres i \u00e9s ucra\u00efnesa. Per aix\u00f2 hem volgut compartir aquest acte amb ella i donar-li tot el nostre suport i escalf en aquests moments tant dif\u00edcils per a ella i la seva fam\u00edlia.<\/p>\n<p style=\"text-align: justify;\">Despr\u00e9s la M\u00f2nica ha dit unes paraules per la Pau a tot el m\u00f3n, per a tots aquells pa\u00efsos que estan immersos en conflictes armats i que causen tant de dolor i patiment i ens ha llegit el poema &#8220;Podries&#8221; de la Joana Raspall.<\/p>\n<p style=\"text-align: center;\"><strong>Podries<\/strong><br \/>\nSi haguessis nascut<br \/>\nen una altra terra,<br \/>\npodries ser blanc,<br \/>\npodries ser negre&#8230;<br \/>\nUn altre pa\u00eds<br \/>\nf\u00f3ra casa teva,<br \/>\ni diries &#8220;s\u00ed&#8221;<br \/>\nen un altra llengua.<br \/>\nT&#8217;hauries criat<br \/>\nd&#8217;una altra manera<br \/>\nm\u00e9s bona, potser;<br \/>\npotser, m\u00e9s dolenta.<br \/>\nTindries m\u00e9s sort<br \/>\no potser m\u00e9s pega&#8230;<br \/>\nTindries amics<br \/>\ni jocs d&#8217;una altra mena;<br \/>\nduries vestits<br \/>\nde sac o de seda,<br \/>\nsabates de pell<br \/>\no tosca espardenya,<br \/>\no aniries nu<br \/>\nperdut per la selva.<br \/>\nPodries llegir<br \/>\ncontes i poemes,<br \/>\no no tenir llibres<br \/>\nni saber de lletra.<br \/>\nPodries menjar<br \/>\ncoses llamineres<br \/>\no nom\u00e9s crostons<br \/>\neixuts de pa negre.<br \/>\nPodries &#8230;.podries&#8230;<br \/>\nPer tot aix\u00f2 pensa<br \/>\nque importa tenir<br \/>\nLES MANS BEN OBERTES<br \/>\ni ajudar qui ve<br \/>\nfugint de la guerra,<br \/>\nfugint del dolor<br \/>\ni de la pobresa.<br \/>\nSi tu fossis nat<br \/>\na la seva terra,<br \/>\nla tristesa d&#8217;ell<br \/>\npodria ser teva.<\/p>\n<p style=\"text-align: center;\">\u00a0 \u00a0 \u00a0 \u00a0 \u00a0 \u00a0 \u00a0 \u00a0 \u00a0 Joana Raspall<\/p>\n<p style=\"text-align: justify;\">I el moment m\u00e9s emotiu ha arribat amb la plantada de flors al nostre Jard\u00ed de la Pau. Hem fet la plantada amb la Natasha i tots els cursos han sortit a plantar plantes amb flors grogues i blaves que cuidaran amb molt d&#8217;amor. A la Natasha li hen regalat dues plantes i li hem fet un aplaudiment i una abra\u00e7ada ben forta per donar-li tot el nostre suport.<\/p>\n<p>Ara, a les classes, estem fent bombes de flors. Perqu\u00e8 volem que les \u00faniques bombes que es llencin siguin de flors, per plantar vida!<\/p>\n<p>En aquests dies de tristesa i dolor el nostre Jard\u00ed de la Pau torna a florir!<\/p>\n<p>En aquest v\u00eddeo podreu veure un tastet de l&#8217;acte d&#8217;avui.<\/p>\n<div class=\"ast-oembed-container \" style=\"height: 100%;\"><iframe loading=\"lazy\" title=\"Acte per la Pau\" width=\"500\" height=\"281\" src=\"https:\/\/www.youtube.com\/embed\/jjU0jHbdbGw?feature=oembed\" frameborder=\"0\" allow=\"accelerometer; autoplay; clipboard-write; encrypted-media; gyroscope; picture-in-picture; web-share\" referrerpolicy=\"strict-origin-when-cross-origin\" allowfullscreen><\/iframe><\/div>\n","protected":false},"excerpt":{"rendered":"<p>El Jard\u00ed de la Pau torna a estar florit. Les \u00faltimes setmanes ens ha colpejat les not\u00edcies que ens arriben des d&#8217;Ucra\u00efna i, a grans i petits, no ens han deixat indiferents. Des de l&#8217;escola hem volgut fer un acte en contra d&#8217;aquesta guerra i de totes les guerres que hi ha actualment al m\u00f3n [&hellip;]<\/p>\n","protected":false},"author":9,"featured_media":5981,"comment_status":"open","ping_status":"closed","sticky":false,"template":"","format":"standard","meta":{"_bbp_topic_count":0,"_bbp_reply_count":0,"_bbp_total_topic_count":0,"_bbp_total_reply_count":0,"_bbp_voice_count":0,"_bbp_anonymous_reply_count":0,"_bbp_topic_count_hidden":0,"_bbp_reply_count_hidden":0,"_bbp_forum_subforum_count":0,"site-sidebar-layout":"default","site-content-layout":"","ast-site-content-layout":"","site-content-style":"default","site-sidebar-style":"default","ast-global-header-display":"","ast-banner-title-visibility":"","ast-main-header-display":"","ast-hfb-above-header-display":"","ast-hfb-below-header-display":"","ast-hfb-mobile-header-display":"","site-post-title":"","ast-breadcrumbs-content":"","ast-featured-img":"","footer-sml-layout":"","theme-transparent-header-meta":"","adv-header-id-meta":"","stick-header-meta":"","header-above-stick-meta":"","header-main-stick-meta":"","header-below-stick-meta":"","astra-migrate-meta-layouts":"default","ast-page-background-enabled":"default","ast-page-background-meta":{"desktop":{"background-color":"var(--ast-global-color-4)","background-image":"","background-repeat":"repeat","background-position":"center center","background-size":"auto","background-attachment":"scroll","background-type":"","background-media":"","overlay-type":"","overlay-color":"","overlay-opacity":"","overlay-gradient":""},"tablet":{"background-color":"","background-image":"","background-repeat":"repeat","background-position":"center center","background-size":"auto","background-attachment":"scroll","background-type":"","background-media":"","overlay-type":"","overlay-color":"","overlay-opacity":"","overlay-gradient":""},"mobile":{"background-color":"","background-image":"","background-repeat":"repeat","background-position":"center center","background-size":"auto","background-attachment":"scroll","background-type":"","background-media":"","overlay-type":"","overlay-color":"","overlay-opacity":"","overlay-gradient":""}},"ast-content-background-meta":{"desktop":{"background-color":"var(--ast-global-color-5)","background-image":"","background-repeat":"repeat","background-position":"center center","background-size":"auto","background-attachment":"scroll","background-type":"","background-media":"","overlay-type":"","overlay-color":"","overlay-opacity":"","overlay-gradient":""},"tablet":{"background-color":"var(--ast-global-color-5)","background-image":"","background-repeat":"repeat","background-position":"center center","background-size":"auto","background-attachment":"scroll","background-type":"","background-media":"","overlay-type":"","overlay-color":"","overlay-opacity":"","overlay-gradient":""},"mobile":{"background-color":"var(--ast-global-color-5)","background-image":"","background-repeat":"repeat","background-position":"center center","background-size":"auto","background-attachment":"scroll","background-type":"","background-media":"","overlay-type":"","overlay-color":"","overlay-opacity":"","overlay-gradient":""}},"footnotes":""},"categories":[10,11,12,13,14,15,1,3,9,2,62,162,8,4,5],"tags":[141,109,140,108,148,63,88,89,90,93,95,156,154,155],"class_list":["post-5922","post","type-post","status-publish","format-standard","has-post-thumbnail","hentry","category-1r","category-2n","category-3r","category-4t","category-5e","category-6e","category-general","category-i3","category-i5","category-infantil","category-hort","category-mediambient","category-p4","category-portada","category-primaria","tag-6e","tag-1r","tag-2n","tag-3r","tag-4t","tag-5e","tag-cicle-inicial","tag-cicle-mitja","tag-cicle-superior","tag-educacio-infantil","tag-hort","tag-p3","tag-p4","tag-p5"],"post_mailing_queue_ids":[],"_links":{"self":[{"href":"https:\/\/agora.xtec.cat\/escolagaudisantboi\/wp-json\/wp\/v2\/posts\/5922","targetHints":{"allow":["GET"]}}],"collection":[{"href":"https:\/\/agora.xtec.cat\/escolagaudisantboi\/wp-json\/wp\/v2\/posts"}],"about":[{"href":"https:\/\/agora.xtec.cat\/escolagaudisantboi\/wp-json\/wp\/v2\/types\/post"}],"author":[{"embeddable":true,"href":"https:\/\/agora.xtec.cat\/escolagaudisantboi\/wp-json\/wp\/v2\/users\/9"}],"replies":[{"embeddable":true,"href":"https:\/\/agora.xtec.cat\/escolagaudisantboi\/wp-json\/wp\/v2\/comments?post=5922"}],"version-history":[{"count":3,"href":"https:\/\/agora.xtec.cat\/escolagaudisantboi\/wp-json\/wp\/v2\/posts\/5922\/revisions"}],"predecessor-version":[{"id":5983,"href":"https:\/\/agora.xtec.cat\/escolagaudisantboi\/wp-json\/wp\/v2\/posts\/5922\/revisions\/5983"}],"wp:featuredmedia":[{"embeddable":true,"href":"https:\/\/agora.xtec.cat\/escolagaudisantboi\/wp-json\/wp\/v2\/media\/5981"}],"wp:attachment":[{"href":"https:\/\/agora.xtec.cat\/escolagaudisantboi\/wp-json\/wp\/v2\/media?parent=5922"}],"wp:term":[{"taxonomy":"category","embeddable":true,"href":"https:\/\/agora.xtec.cat\/escolagaudisantboi\/wp-json\/wp\/v2\/categories?post=5922"},{"taxonomy":"post_tag","embeddable":true,"href":"https:\/\/agora.xtec.cat\/escolagaudisantboi\/wp-json\/wp\/v2\/tags?post=5922"}],"curies":[{"name":"wp","href":"https:\/\/api.w.org\/{rel}","templated":true}]}}