{"id":5865,"date":"2022-03-07T22:59:54","date_gmt":"2022-03-07T21:59:54","guid":{"rendered":"https:\/\/agora.xtec.cat\/escolagaudisantboi\/?p=5865"},"modified":"2022-03-11T18:02:57","modified_gmt":"2022-03-11T17:02:57","slug":"cantata-la-clika","status":"publish","type":"post","link":"https:\/\/agora.xtec.cat\/escolagaudisantboi\/general\/cantata-la-clika\/","title":{"rendered":"CANTATA LA CLIKA"},"content":{"rendered":"<p>Aquestes setmanes estem aprenent les can\u00e7ons de \u201cLa Clika\u201d. S\u00f3n can\u00e7ons que parlen de l\u00b4amistat i valors com les emocions, l\u00b4ecologisme, la cooperaci\u00f3, la igualtat de g\u00e8nere, l\u00b4autoestima, l\u00b4assetjament, el respecte, el poder de la imaginaci\u00f3, la lluita pels nostres somnis, ajudar-se i respectar-se. Ens ho estem passant molt b\u00e9!!<\/p>\n<p>Amb una mica de sort, podrem fer la cantata amb la banda de la Clika i alguna escola m\u00e9s durant el tercer trimestre!!<\/p>\n<p><strong>CAN\u00c7\u00d3 COLORS<\/strong><\/p>\n<div class=\"ast-oembed-container \" style=\"height: 100%;\"><iframe loading=\"lazy\" title=\"COLORS: Assaig general\" width=\"500\" height=\"281\" src=\"https:\/\/www.youtube.com\/embed\/W2hLidwzOBU?feature=oembed\" frameborder=\"0\" allow=\"accelerometer; autoplay; clipboard-write; encrypted-media; gyroscope; picture-in-picture; web-share\" referrerpolicy=\"strict-origin-when-cross-origin\" allowfullscreen><\/iframe><\/div>\n<p>&nbsp;<\/p>\n<p><strong>CAN\u00c7\u00d3 JOVE I ALEGRE<\/strong><\/p>\n<div class=\"ast-oembed-container \" style=\"height: 100%;\"><iframe loading=\"lazy\" title=\"JOVE I ALEGRE: Assaig general\" width=\"500\" height=\"281\" src=\"https:\/\/www.youtube.com\/embed\/TBoeAsLCGIY?feature=oembed\" frameborder=\"0\" allow=\"accelerometer; autoplay; clipboard-write; encrypted-media; gyroscope; picture-in-picture; web-share\" referrerpolicy=\"strict-origin-when-cross-origin\" allowfullscreen><\/iframe><\/div>\n<p>&nbsp;<\/p>\n<p><strong>CAN\u00c7\u00d3 EL CAPIT\u00c0<\/strong><\/p>\n<p>https:\/\/youtu.be\/sNc3A_3IVBg<\/p>\n<p>&nbsp;<\/p>\n<p><strong>CAN\u00c7\u00d3 UN M\u00d3N M\u00c9S REAL<\/strong><\/p>\n<p>https:\/\/youtu.be\/jZKybMejNsE<\/p>\n","protected":false},"excerpt":{"rendered":"<p>Aquestes setmanes estem aprenent les can\u00e7ons de \u201cLa Clika\u201d. S\u00f3n can\u00e7ons que parlen de l\u00b4amistat i valors com les emocions, l\u00b4ecologisme, la cooperaci\u00f3, la igualtat de g\u00e8nere, l\u00b4autoestima, l\u00b4assetjament, el respecte, el poder de la imaginaci\u00f3, la lluita pels nostres somnis, ajudar-se i respectar-se. Ens ho estem passant molt b\u00e9!! Amb una mica de sort, [&hellip;]<\/p>\n","protected":false},"author":1,"featured_media":5869,"comment_status":"open","ping_status":"closed","sticky":false,"template":"","format":"standard","meta":{"_bbp_topic_count":0,"_bbp_reply_count":0,"_bbp_total_topic_count":0,"_bbp_total_reply_count":0,"_bbp_voice_count":0,"_bbp_anonymous_reply_count":0,"_bbp_topic_count_hidden":0,"_bbp_reply_count_hidden":0,"_bbp_forum_subforum_count":0,"site-sidebar-layout":"default","site-content-layout":"","ast-site-content-layout":"","site-content-style":"default","site-sidebar-style":"default","ast-global-header-display":"","ast-banner-title-visibility":"","ast-main-header-display":"","ast-hfb-above-header-display":"","ast-hfb-below-header-display":"","ast-hfb-mobile-header-display":"","site-post-title":"","ast-breadcrumbs-content":"","ast-featured-img":"","footer-sml-layout":"","theme-transparent-header-meta":"","adv-header-id-meta":"","stick-header-meta":"","header-above-stick-meta":"","header-main-stick-meta":"","header-below-stick-meta":"","astra-migrate-meta-layouts":"default","ast-page-background-enabled":"default","ast-page-background-meta":{"desktop":{"background-color":"var(--ast-global-color-4)","background-image":"","background-repeat":"repeat","background-position":"center center","background-size":"auto","background-attachment":"scroll","background-type":"","background-media":"","overlay-type":"","overlay-color":"","overlay-opacity":"","overlay-gradient":""},"tablet":{"background-color":"","background-image":"","background-repeat":"repeat","background-position":"center center","background-size":"auto","background-attachment":"scroll","background-type":"","background-media":"","overlay-type":"","overlay-color":"","overlay-opacity":"","overlay-gradient":""},"mobile":{"background-color":"","background-image":"","background-repeat":"repeat","background-position":"center center","background-size":"auto","background-attachment":"scroll","background-type":"","background-media":"","overlay-type":"","overlay-color":"","overlay-opacity":"","overlay-gradient":""}},"ast-content-background-meta":{"desktop":{"background-color":"var(--ast-global-color-5)","background-image":"","background-repeat":"repeat","background-position":"center center","background-size":"auto","background-attachment":"scroll","background-type":"","background-media":"","overlay-type":"","overlay-color":"","overlay-opacity":"","overlay-gradient":""},"tablet":{"background-color":"var(--ast-global-color-5)","background-image":"","background-repeat":"repeat","background-position":"center center","background-size":"auto","background-attachment":"scroll","background-type":"","background-media":"","overlay-type":"","overlay-color":"","overlay-opacity":"","overlay-gradient":""},"mobile":{"background-color":"var(--ast-global-color-5)","background-image":"","background-repeat":"repeat","background-position":"center center","background-size":"auto","background-attachment":"scroll","background-type":"","background-media":"","overlay-type":"","overlay-color":"","overlay-opacity":"","overlay-gradient":""}},"footnotes":""},"categories":[11,1,4,5,161],"tags":[140,84,104],"class_list":["post-5865","post","type-post","status-publish","format-standard","has-post-thumbnail","hentry","category-2n","category-general","category-portada","category-primaria","category-art","tag-2n","tag-artistica","tag-musica"],"post_mailing_queue_ids":[],"_links":{"self":[{"href":"https:\/\/agora.xtec.cat\/escolagaudisantboi\/wp-json\/wp\/v2\/posts\/5865","targetHints":{"allow":["GET"]}}],"collection":[{"href":"https:\/\/agora.xtec.cat\/escolagaudisantboi\/wp-json\/wp\/v2\/posts"}],"about":[{"href":"https:\/\/agora.xtec.cat\/escolagaudisantboi\/wp-json\/wp\/v2\/types\/post"}],"author":[{"embeddable":true,"href":"https:\/\/agora.xtec.cat\/escolagaudisantboi\/wp-json\/wp\/v2\/users\/1"}],"replies":[{"embeddable":true,"href":"https:\/\/agora.xtec.cat\/escolagaudisantboi\/wp-json\/wp\/v2\/comments?post=5865"}],"version-history":[{"count":3,"href":"https:\/\/agora.xtec.cat\/escolagaudisantboi\/wp-json\/wp\/v2\/posts\/5865\/revisions"}],"predecessor-version":[{"id":5871,"href":"https:\/\/agora.xtec.cat\/escolagaudisantboi\/wp-json\/wp\/v2\/posts\/5865\/revisions\/5871"}],"wp:featuredmedia":[{"embeddable":true,"href":"https:\/\/agora.xtec.cat\/escolagaudisantboi\/wp-json\/wp\/v2\/media\/5869"}],"wp:attachment":[{"href":"https:\/\/agora.xtec.cat\/escolagaudisantboi\/wp-json\/wp\/v2\/media?parent=5865"}],"wp:term":[{"taxonomy":"category","embeddable":true,"href":"https:\/\/agora.xtec.cat\/escolagaudisantboi\/wp-json\/wp\/v2\/categories?post=5865"},{"taxonomy":"post_tag","embeddable":true,"href":"https:\/\/agora.xtec.cat\/escolagaudisantboi\/wp-json\/wp\/v2\/tags?post=5865"}],"curies":[{"name":"wp","href":"https:\/\/api.w.org\/{rel}","templated":true}]}}