{"id":5656,"date":"2022-02-07T17:04:38","date_gmt":"2022-02-07T16:04:38","guid":{"rendered":"https:\/\/agora.xtec.cat\/escolagaudisantboi\/?p=5656"},"modified":"2022-04-23T07:51:00","modified_gmt":"2022-04-23T05:51:00","slug":"portes-obertes-escola-antoni-gaudi","status":"publish","type":"post","link":"https:\/\/agora.xtec.cat\/escolagaudisantboi\/general\/portes-obertes-escola-antoni-gaudi\/","title":{"rendered":"PORTES OBERTES ESCOLA ANTONI GAUD\u00cd"},"content":{"rendered":"<p><a href=\"https:\/\/agora.xtec.cat\/escolagaudisantboi\/wp-content\/uploads\/usu2030\/2022\/02\/banner-preinscripcio.png\"><img loading=\"lazy\" decoding=\"async\" class=\"size-full wp-image-5658 aligncenter\" src=\"https:\/\/agora.xtec.cat\/escolagaudisantboi\/wp-content\/uploads\/usu2030\/2022\/02\/banner-preinscripcio.png\" alt=\"\" width=\"900\" height=\"170\" srcset=\"https:\/\/agora.xtec.cat\/escolagaudisantboi\/wp-content\/uploads\/usu2030\/2022\/02\/banner-preinscripcio.png 900w, https:\/\/agora.xtec.cat\/escolagaudisantboi\/wp-content\/uploads\/usu2030\/2022\/02\/banner-preinscripcio-300x57.png 300w, https:\/\/agora.xtec.cat\/escolagaudisantboi\/wp-content\/uploads\/usu2030\/2022\/02\/banner-preinscripcio-768x145.png 768w\" sizes=\"auto, (max-width: 900px) 100vw, 900px\" \/><\/a><\/p>\n<p>&nbsp;<\/p>\n<h5 style=\"text-align: center;\">Aquest curs la jornada de portes obertes de l&#8217;escola ser\u00e0 el dia <span style=\"color: #c91ec9;\"><strong>23 de febrer<\/strong><\/span><strong>. Per assistir us demanem que us inscriviu al seg\u00fcent <span style=\"color: #339966;\"><a style=\"color: #339966;\" href=\"https:\/\/forms.gle\/FiM12fAnFBbNbdX17\">formulari.<\/a><\/span><\/strong><\/h5>\n<p>&nbsp;<\/p>\n<p>Organitzarem la jornada en dos tipus de sessions:<\/p>\n<ul style=\"list-style-type: circle;\">\n<li><span style=\"color: #c91ec9;\">Telem\u00e0tica<\/span> &#8211; on compartirem el nostre projecte educatiu, els aspectes m\u00e9s rellevants de l&#8217;escola, els nostres trets d&#8217;identitat, el proc\u00e9s de preinscripci\u00f3 d&#8217;aquest curs i resoldrem les preguntes i dubtes que ens plantegeu. Us farem arribar l&#8217;enlla\u00e7 un cop us inscriviu al formulari.\n<ul>\n<li style=\"list-style-type: none;\">\n<ul>\n<li style=\"list-style-type: none;\">\n<ul style=\"list-style-type: circle;\">\n<li>Horaris:\n<ul style=\"list-style-type: circle;\">\n<li>Mati: 9:30h<\/li>\n<li>Tarda: 15:15h<\/li>\n<\/ul>\n<\/li>\n<\/ul>\n<\/li>\n<\/ul>\n<\/li>\n<\/ul>\n<\/li>\n<\/ul>\n<ul style=\"list-style-type: circle;\">\n<li><span style=\"color: #c91ec9;\">Presencial<\/span> &#8211; ser\u00e0 una visita a les instal\u00b7lacions, per poder situar-vos a l&#8217;espai de l&#8217;escola. Tamb\u00e9 cal preinscriure&#8217;s al formulari.\n<ul>\n<li style=\"list-style-type: none;\">\n<ul>\n<li style=\"list-style-type: none;\">\n<ul style=\"list-style-type: circle;\">\n<li>Horaris:\n<ul style=\"list-style-type: circle;\">\n<li>Tarda: 17:15h<\/li>\n<li>Tarda: 18:00h<\/li>\n<\/ul>\n<\/li>\n<\/ul>\n<\/li>\n<\/ul>\n<\/li>\n<\/ul>\n<\/li>\n<\/ul>\n<p>\u00c9s important poder assistir a les dues per tenir una visi\u00f3 complerta de l&#8217;escola, per\u00f2 la telem\u00e0tica \u00e9s fonamental, ja que ser\u00e0 all\u00e0 on tindreu la informaci\u00f3 rellevant. Si teniu cap dubte podeu contactar amb nosaltres al correu electr\u00f2nic <span style=\"color: #c91ec9;\">a8034400@xtec.cat<\/span> o trucant al tel\u00e8fon de l&#8217;escola <span style=\"color: #c91ec9;\">936303345.<\/span><\/p>\n<p>Us deixem un v\u00eddeo de presentaci\u00f3, el tr\u00edptic de l&#8217;escola, el projecte educatiu i una presentaci\u00f3 on us expliquem com aprenem al Gaud\u00ed. <span style=\"font-family: inherit; font-size: 1em;\">\u00a0<\/span><\/p>\n<ul>\n<li><span style=\"color: #ff00ff;\"><span style=\"color: #c91ec9;\"><b><span style=\"color: #339966;\"><a style=\"color: #339966;\" href=\"https:\/\/youtu.be\/b4eYshATH9w\">V\u00eddeo\u00a0presentaci\u00f3<\/a><\/span>\u00a0<\/b><\/span><\/span><\/li>\n<\/ul>\n<div class=\"ast-oembed-container \" style=\"height: 100%;\"><iframe loading=\"lazy\" title=\"Escola Antoni Gaud\u00ed\" width=\"500\" height=\"281\" src=\"https:\/\/www.youtube.com\/embed\/b4eYshATH9w?feature=oembed\" frameborder=\"0\" allow=\"accelerometer; autoplay; clipboard-write; encrypted-media; gyroscope; picture-in-picture; web-share\" referrerpolicy=\"strict-origin-when-cross-origin\" allowfullscreen><\/iframe><\/div>\n<ul>\n<li><span style=\"color: #339966;\"><strong><a style=\"color: #339966;\" href=\"https:\/\/agora.xtec.cat\/escolagaudisantboi\/wp-content\/uploads\/usu2030\/2021\/02\/PROJECTE-EDUCATIU-WEB.pdf\" target=\"_blank\" rel=\"noopener noreferrer\">Projecte educatiu Gaud\u00ed<\/a><\/strong><\/span><\/li>\n<li><span style=\"color: #339966;\"><strong><a style=\"color: #339966;\" href=\"https:\/\/agora.xtec.cat\/escolagaudisantboi\/wp-content\/uploads\/usu2030\/2022\/02\/triptic-Gaudi_2022.pdf\">Tr\u00edptic informatiu<\/a><\/strong><\/span><\/li>\n<li><span style=\"color: #c91ec9;\"><strong style=\"font-family: inherit; font-size: 1em;\">APRENEM AL GAUD\u00cd:<\/strong><\/span><span style=\"font-family: inherit; font-size: 1em;\"> Aqu\u00ed trobareu una presentaci\u00f3 amb un conjunt de 16 v\u00eddeos on recollim COM APRENEM AL GAUD\u00cd. Cliqueu a &#8220;bon viatge&#8221; i escolliu els temes que vulgueu veure i con\u00e8ixer. Cadascun d&#8217;ell t\u00e9 un v\u00eddeo explicatiu i alguns un espai on poder clicar i tenir m\u00e9s informaci\u00f3. Esperem que sigui d&#8217;ajut per apropar-vos a qui som i a all\u00f2 que fem.<\/span><\/li>\n<\/ul>\n<div style=\"width: 100%;\">\n<div style=\"position: relative; padding-bottom: 56.25%; padding-top: 0; height: 0;\"><iframe loading=\"lazy\" style=\"position: absolute; top: 0; left: 0; width: 100%; height: 100%;\" src=\"https:\/\/view.genial.ly\/6034d03e33f5220dc1eb1066\" width=\"1200\" height=\"675\" frameborder=\"0\" scrolling=\"yes\" allowfullscreen=\"allowfullscreen\" data-mce-fragment=\"1\"><\/iframe><\/div>\n<\/div>\n<p>&nbsp;<\/p>\n<ul>\n<li><strong>EQUIP HUM\u00c0:<\/strong> El Gaud\u00ed tamb\u00e9 t\u00e9 una mirada posada en les mestres. Aqu\u00ed podeu con\u00e8ixer el claustre d&#8217;aquest curs 21-22:<span style=\"color: #c91ec9;\"><strong> <a style=\"color: #c91ec9;\" href=\"https:\/\/agora.xtec.cat\/escolagaudisantboi\/lescola\/equip-huma\/\"><span style=\"color: #339966;\">EQUIP HUM\u00c0<\/span><\/a><\/strong><\/span><\/li>\n<li><strong>INSTAL\u00b7LACIONS<\/strong>:<span style=\"color: #339966;\"><strong> <a style=\"color: #339966;\" href=\"https:\/\/agora.xtec.cat\/escolagaudisantboi\/lescola\/instal%c2%b7lacions\/\">GALERIA DE FOTOS DELS ESPAIS<\/a><\/strong><\/span><\/li>\n<li><strong>SERVEIS: <\/strong>\n<ul>\n<li><strong>ACOLLIDA: de 8 a 9h<\/strong><\/li>\n<li><strong>ESPAI DEL MIGDIA (MENJADOR amb cuina pr\u00f2pia):\u00a0<\/strong>\n<ul>\n<li><span style=\"color: #339966;\"><strong><a style=\"color: #339966;\" href=\"https:\/\/centres.escoles.fundesplai.org\/escola-antoni-gaudi\/\" target=\"_blank\" rel=\"noopener noreferrer\">Web Fundesplai lleure Gaud\u00ed<\/a><\/strong><\/span><\/li>\n<li><span style=\"color: #339966;\"><a style=\"color: #339966;\" href=\"https:\/\/agora.xtec.cat\/escolagaudisantboi\/wp-content\/uploads\/usu2030\/2021\/02\/Portes-Obertes-Antoni-Gaud\u00ed.pdf\" target=\"_blank\" rel=\"noopener noreferrer\">Tr\u00edptic temps del migdia<\/a><\/span><\/li>\n<\/ul>\n<\/li>\n<\/ul>\n<\/li>\n<\/ul>\n<p>&nbsp;<\/p>\n<p><strong><span style=\"color: #000000;\">Cliqueu als enlla\u00e7os per accedir a m\u00e9s informaci\u00f3.<\/span><\/strong><\/p>\n","protected":false},"excerpt":{"rendered":"<p>&nbsp; Aquest curs la jornada de portes obertes de l&#8217;escola ser\u00e0 el dia 23 de febrer. Per assistir us demanem que us inscriviu al seg\u00fcent formulari. &nbsp; Organitzarem la jornada en dos tipus de sessions: Telem\u00e0tica &#8211; on compartirem el nostre projecte educatiu, els aspectes m\u00e9s rellevants de l&#8217;escola, els nostres trets d&#8217;identitat, el proc\u00e9s [&hellip;]<\/p>\n","protected":false},"author":22,"featured_media":5658,"comment_status":"open","ping_status":"closed","sticky":false,"template":"","format":"standard","meta":{"_bbp_topic_count":0,"_bbp_reply_count":0,"_bbp_total_topic_count":0,"_bbp_total_reply_count":0,"_bbp_voice_count":0,"_bbp_anonymous_reply_count":0,"_bbp_topic_count_hidden":0,"_bbp_reply_count_hidden":0,"_bbp_forum_subforum_count":0,"site-sidebar-layout":"default","site-content-layout":"","ast-site-content-layout":"","site-content-style":"default","site-sidebar-style":"default","ast-global-header-display":"","ast-banner-title-visibility":"","ast-main-header-display":"","ast-hfb-above-header-display":"","ast-hfb-below-header-display":"","ast-hfb-mobile-header-display":"","site-post-title":"","ast-breadcrumbs-content":"","ast-featured-img":"","footer-sml-layout":"","theme-transparent-header-meta":"","adv-header-id-meta":"","stick-header-meta":"","header-above-stick-meta":"","header-main-stick-meta":"","header-below-stick-meta":"","astra-migrate-meta-layouts":"default","ast-page-background-enabled":"default","ast-page-background-meta":{"desktop":{"background-color":"var(--ast-global-color-4)","background-image":"","background-repeat":"repeat","background-position":"center center","background-size":"auto","background-attachment":"scroll","background-type":"","background-media":"","overlay-type":"","overlay-color":"","overlay-opacity":"","overlay-gradient":""},"tablet":{"background-color":"","background-image":"","background-repeat":"repeat","background-position":"center center","background-size":"auto","background-attachment":"scroll","background-type":"","background-media":"","overlay-type":"","overlay-color":"","overlay-opacity":"","overlay-gradient":""},"mobile":{"background-color":"","background-image":"","background-repeat":"repeat","background-position":"center center","background-size":"auto","background-attachment":"scroll","background-type":"","background-media":"","overlay-type":"","overlay-color":"","overlay-opacity":"","overlay-gradient":""}},"ast-content-background-meta":{"desktop":{"background-color":"var(--ast-global-color-5)","background-image":"","background-repeat":"repeat","background-position":"center center","background-size":"auto","background-attachment":"scroll","background-type":"","background-media":"","overlay-type":"","overlay-color":"","overlay-opacity":"","overlay-gradient":""},"tablet":{"background-color":"var(--ast-global-color-5)","background-image":"","background-repeat":"repeat","background-position":"center center","background-size":"auto","background-attachment":"scroll","background-type":"","background-media":"","overlay-type":"","overlay-color":"","overlay-opacity":"","overlay-gradient":""},"mobile":{"background-color":"var(--ast-global-color-5)","background-image":"","background-repeat":"repeat","background-position":"center center","background-size":"auto","background-attachment":"scroll","background-type":"","background-media":"","overlay-type":"","overlay-color":"","overlay-opacity":"","overlay-gradient":""}},"footnotes":""},"categories":[1,2,4,5],"tags":[89,90,93,91,195],"class_list":["post-5656","post","type-post","status-publish","format-standard","has-post-thumbnail","hentry","category-general","category-infantil","category-portada","category-primaria","tag-cicle-mitja","tag-cicle-superior","tag-educacio-infantil","tag-families","tag-portes-obertes"],"post_mailing_queue_ids":[],"_links":{"self":[{"href":"https:\/\/agora.xtec.cat\/escolagaudisantboi\/wp-json\/wp\/v2\/posts\/5656","targetHints":{"allow":["GET"]}}],"collection":[{"href":"https:\/\/agora.xtec.cat\/escolagaudisantboi\/wp-json\/wp\/v2\/posts"}],"about":[{"href":"https:\/\/agora.xtec.cat\/escolagaudisantboi\/wp-json\/wp\/v2\/types\/post"}],"author":[{"embeddable":true,"href":"https:\/\/agora.xtec.cat\/escolagaudisantboi\/wp-json\/wp\/v2\/users\/22"}],"replies":[{"embeddable":true,"href":"https:\/\/agora.xtec.cat\/escolagaudisantboi\/wp-json\/wp\/v2\/comments?post=5656"}],"version-history":[{"count":5,"href":"https:\/\/agora.xtec.cat\/escolagaudisantboi\/wp-json\/wp\/v2\/posts\/5656\/revisions"}],"predecessor-version":[{"id":18350,"href":"https:\/\/agora.xtec.cat\/escolagaudisantboi\/wp-json\/wp\/v2\/posts\/5656\/revisions\/18350"}],"wp:featuredmedia":[{"embeddable":true,"href":"https:\/\/agora.xtec.cat\/escolagaudisantboi\/wp-json\/wp\/v2\/media\/5658"}],"wp:attachment":[{"href":"https:\/\/agora.xtec.cat\/escolagaudisantboi\/wp-json\/wp\/v2\/media?parent=5656"}],"wp:term":[{"taxonomy":"category","embeddable":true,"href":"https:\/\/agora.xtec.cat\/escolagaudisantboi\/wp-json\/wp\/v2\/categories?post=5656"},{"taxonomy":"post_tag","embeddable":true,"href":"https:\/\/agora.xtec.cat\/escolagaudisantboi\/wp-json\/wp\/v2\/tags?post=5656"}],"curies":[{"name":"wp","href":"https:\/\/api.w.org\/{rel}","templated":true}]}}