{"id":5618,"date":"2022-01-26T14:27:09","date_gmt":"2022-01-26T13:27:09","guid":{"rendered":"https:\/\/agora.xtec.cat\/escolagaudisantboi\/?p=5618"},"modified":"2022-01-26T14:27:09","modified_gmt":"2022-01-26T13:27:09","slug":"tallers-de-teatre-amb-la-gallia","status":"publish","type":"post","link":"https:\/\/agora.xtec.cat\/escolagaudisantboi\/general\/tallers-de-teatre-amb-la-gallia\/","title":{"rendered":"Tallers de teatre amb la G\u00e0l\u00b7lia"},"content":{"rendered":"<p><span style=\"font-weight: 400;\">Com ja sabeu des d\u2019inici de curs els infants de prim\u00e0ria gaudeixen d\u2019una sessi\u00f3 setmanal de t\u00e8cnica teatral, de la m\u00e0 de la M\u00f2nica Ballesteros, del Grup la G\u00e0l\u00b7lia Creativitat.<\/span><\/p>\n<p><span style=\"font-weight: 400;\">L\u2019objectiu d\u2019aquest taller era el treball de la\u00a0 gesti\u00f3 d\u2019emocions i la millora de l\u2019autoconeixement. Els jocs plantejats potencien la concentraci\u00f3, la proposta activa, l\u2019escolta i l\u2019acceptaci\u00f3, el treball en equip, la creaci\u00f3 per mitj\u00e0 de la pr\u00f2pia imaginaci\u00f3 i la dels companys i companyes i l\u2019exposici\u00f3 d\u2019un mateix davant del grup. Totes aquestes facetes han fet que cada alumne visqui moments de superaci\u00f3 segons les seves pr\u00f2pies inseguretats, d\u2019haver de proposar les pr\u00f2pies idees o d\u2019acceptar la proposta d\u2019un altre, constru\u00efr conjuntament, etc. Tot en un ambient c\u00e0lid i confortable, on la confian\u00e7a i la toler\u00e0ncia s\u00f3n fonamentals.<\/span><\/p>\n<p><span style=\"font-weight: 400;\">La valoraci\u00f3 \u00e9s molt positiva,\u00a0 els infants participen molt motivats i estan avan\u00e7ant molt en tots els aspectes.\u00a0<\/span><\/p>\n<p><span style=\"font-weight: 400;\">Les sessions del teatre estaven planificades per al primer trimestre ja que estaven finan\u00e7ades pel Projecte per l\u2019\u00e8xit educatiu POEFA que finalitzava aquest desembre. Hem pogut per\u00f2 vincular-les a un altre projecte per l\u2019equitat, el Projecte PMOE, i amb el seu finan\u00e7ament hem decidit allargar l\u2019activitat aquests mesos de gener i febrer per poder aprofitar-la al m\u00e0xim.<\/span><\/p>\n<p><span style=\"font-weight: 400;\">Ten\u00edem una activitat de conta-contes molt especial prevista per Nadal que malauradament no vam poder dur a terme, per\u00f2 que gaudirem aquest curs\u2026 Potser per Sant Jordi?<\/span><\/p>\n<p><span style=\"font-weight: 400;\">Us deixem amb un petit tastet del que han estat fent, esperem que el gaudiu.<\/span><\/p>\n<p><a href=\"https:\/\/agora.xtec.cat\/escolagaudisantboi\/wp-content\/uploads\/usu2030\/2020\/12\/logo_FSE.png\"><img loading=\"lazy\" decoding=\"async\" class=\"alignnone size-full wp-image-4672\" src=\"https:\/\/agora.xtec.cat\/escolagaudisantboi\/wp-content\/uploads\/usu2030\/2020\/12\/logo_FSE.png\" alt=\"\" width=\"524\" height=\"69\" srcset=\"https:\/\/agora.xtec.cat\/escolagaudisantboi\/wp-content\/uploads\/usu2030\/2020\/12\/logo_FSE.png 524w, https:\/\/agora.xtec.cat\/escolagaudisantboi\/wp-content\/uploads\/usu2030\/2020\/12\/logo_FSE-300x40.png 300w\" sizes=\"auto, (max-width: 524px) 100vw, 524px\" \/><\/a><\/p>\n<ul>\n<li>Programa operatiu d\u2019ocupaci\u00f3, formaci\u00f3 i educaci\u00f3 de l\u2019FSE 2014-2020<\/li>\n<li>Programa finan\u00e7at pel\u00a0Ministeri d\u2019Educaci\u00f3 i Formaci\u00f3 Professional\u00a0i cofinan\u00e7at pel\u00a0Fons Social Europeu<\/li>\n<\/ul>\n<div class=\"ast-oembed-container \" style=\"height: 100%;\"><iframe loading=\"lazy\" title=\"Teatre amb la Gal\u00b7lia\" width=\"500\" height=\"281\" src=\"https:\/\/www.youtube.com\/embed\/rCuFELGwpxk?feature=oembed\" frameborder=\"0\" allow=\"accelerometer; autoplay; clipboard-write; encrypted-media; gyroscope; picture-in-picture; web-share\" referrerpolicy=\"strict-origin-when-cross-origin\" allowfullscreen><\/iframe><\/div>\n<div class=\"ast-oembed-container \" style=\"height: 100%;\"><iframe loading=\"lazy\" title=\"Teatre amb la G\u00e0l\u00b7lia 2\" width=\"500\" height=\"281\" src=\"https:\/\/www.youtube.com\/embed\/bOcc4DvF6TY?feature=oembed\" frameborder=\"0\" allow=\"accelerometer; autoplay; clipboard-write; encrypted-media; gyroscope; picture-in-picture; web-share\" referrerpolicy=\"strict-origin-when-cross-origin\" allowfullscreen><\/iframe><\/div>\n<div class=\"ast-oembed-container \" style=\"height: 100%;\"><iframe loading=\"lazy\" title=\"Teatre amb la G\u00e0l\u00b7lia 3\" width=\"500\" height=\"281\" src=\"https:\/\/www.youtube.com\/embed\/y59IQBfGsII?feature=oembed\" frameborder=\"0\" allow=\"accelerometer; autoplay; clipboard-write; encrypted-media; gyroscope; picture-in-picture; web-share\" referrerpolicy=\"strict-origin-when-cross-origin\" allowfullscreen><\/iframe><\/div>\n","protected":false},"excerpt":{"rendered":"<p>Com ja sabeu des d\u2019inici de curs els infants de prim\u00e0ria gaudeixen d\u2019una sessi\u00f3 setmanal de t\u00e8cnica teatral, de la m\u00e0 de la M\u00f2nica Ballesteros, del Grup la G\u00e0l\u00b7lia Creativitat. L\u2019objectiu d\u2019aquest taller era el treball de la\u00a0 gesti\u00f3 d\u2019emocions i la millora de l\u2019autoconeixement. Els jocs plantejats potencien la concentraci\u00f3, la proposta activa, l\u2019escolta [&hellip;]<\/p>\n","protected":false},"author":22,"featured_media":4672,"comment_status":"open","ping_status":"closed","sticky":false,"template":"","format":"standard","meta":{"_bbp_topic_count":0,"_bbp_reply_count":0,"_bbp_total_topic_count":0,"_bbp_total_reply_count":0,"_bbp_voice_count":0,"_bbp_anonymous_reply_count":0,"_bbp_topic_count_hidden":0,"_bbp_reply_count_hidden":0,"_bbp_forum_subforum_count":0,"site-sidebar-layout":"default","site-content-layout":"","ast-site-content-layout":"","site-content-style":"default","site-sidebar-style":"default","ast-global-header-display":"","ast-banner-title-visibility":"","ast-main-header-display":"","ast-hfb-above-header-display":"","ast-hfb-below-header-display":"","ast-hfb-mobile-header-display":"","site-post-title":"","ast-breadcrumbs-content":"","ast-featured-img":"","footer-sml-layout":"","theme-transparent-header-meta":"","adv-header-id-meta":"","stick-header-meta":"","header-above-stick-meta":"","header-main-stick-meta":"","header-below-stick-meta":"","astra-migrate-meta-layouts":"default","ast-page-background-enabled":"default","ast-page-background-meta":{"desktop":{"background-color":"var(--ast-global-color-4)","background-image":"","background-repeat":"repeat","background-position":"center center","background-size":"auto","background-attachment":"scroll","background-type":"","background-media":"","overlay-type":"","overlay-color":"","overlay-opacity":"","overlay-gradient":""},"tablet":{"background-color":"","background-image":"","background-repeat":"repeat","background-position":"center center","background-size":"auto","background-attachment":"scroll","background-type":"","background-media":"","overlay-type":"","overlay-color":"","overlay-opacity":"","overlay-gradient":""},"mobile":{"background-color":"","background-image":"","background-repeat":"repeat","background-position":"center center","background-size":"auto","background-attachment":"scroll","background-type":"","background-media":"","overlay-type":"","overlay-color":"","overlay-opacity":"","overlay-gradient":""}},"ast-content-background-meta":{"desktop":{"background-color":"var(--ast-global-color-5)","background-image":"","background-repeat":"repeat","background-position":"center center","background-size":"auto","background-attachment":"scroll","background-type":"","background-media":"","overlay-type":"","overlay-color":"","overlay-opacity":"","overlay-gradient":""},"tablet":{"background-color":"var(--ast-global-color-5)","background-image":"","background-repeat":"repeat","background-position":"center center","background-size":"auto","background-attachment":"scroll","background-type":"","background-media":"","overlay-type":"","overlay-color":"","overlay-opacity":"","overlay-gradient":""},"mobile":{"background-color":"var(--ast-global-color-5)","background-image":"","background-repeat":"repeat","background-position":"center center","background-size":"auto","background-attachment":"scroll","background-type":"","background-media":"","overlay-type":"","overlay-color":"","overlay-opacity":"","overlay-gradient":""}},"footnotes":""},"categories":[10,11,12,13,14,1,4,5,161],"tags":[],"class_list":["post-5618","post","type-post","status-publish","format-standard","has-post-thumbnail","hentry","category-1r","category-2n","category-3r","category-4t","category-5e","category-general","category-portada","category-primaria","category-art"],"post_mailing_queue_ids":[],"_links":{"self":[{"href":"https:\/\/agora.xtec.cat\/escolagaudisantboi\/wp-json\/wp\/v2\/posts\/5618","targetHints":{"allow":["GET"]}}],"collection":[{"href":"https:\/\/agora.xtec.cat\/escolagaudisantboi\/wp-json\/wp\/v2\/posts"}],"about":[{"href":"https:\/\/agora.xtec.cat\/escolagaudisantboi\/wp-json\/wp\/v2\/types\/post"}],"author":[{"embeddable":true,"href":"https:\/\/agora.xtec.cat\/escolagaudisantboi\/wp-json\/wp\/v2\/users\/22"}],"replies":[{"embeddable":true,"href":"https:\/\/agora.xtec.cat\/escolagaudisantboi\/wp-json\/wp\/v2\/comments?post=5618"}],"version-history":[{"count":3,"href":"https:\/\/agora.xtec.cat\/escolagaudisantboi\/wp-json\/wp\/v2\/posts\/5618\/revisions"}],"predecessor-version":[{"id":5622,"href":"https:\/\/agora.xtec.cat\/escolagaudisantboi\/wp-json\/wp\/v2\/posts\/5618\/revisions\/5622"}],"wp:featuredmedia":[{"embeddable":true,"href":"https:\/\/agora.xtec.cat\/escolagaudisantboi\/wp-json\/wp\/v2\/media\/4672"}],"wp:attachment":[{"href":"https:\/\/agora.xtec.cat\/escolagaudisantboi\/wp-json\/wp\/v2\/media?parent=5618"}],"wp:term":[{"taxonomy":"category","embeddable":true,"href":"https:\/\/agora.xtec.cat\/escolagaudisantboi\/wp-json\/wp\/v2\/categories?post=5618"},{"taxonomy":"post_tag","embeddable":true,"href":"https:\/\/agora.xtec.cat\/escolagaudisantboi\/wp-json\/wp\/v2\/tags?post=5618"}],"curies":[{"name":"wp","href":"https:\/\/api.w.org\/{rel}","templated":true}]}}