{"id":5382,"date":"2021-11-19T15:54:29","date_gmt":"2021-11-19T14:54:29","guid":{"rendered":"https:\/\/agora.xtec.cat\/escolagaudisantboi\/?p=5382"},"modified":"2021-12-05T09:29:51","modified_gmt":"2021-12-05T08:29:51","slug":"sabo-6e","status":"publish","type":"post","link":"https:\/\/agora.xtec.cat\/escolagaudisantboi\/portada\/sabo-6e\/","title":{"rendered":"Sab\u00f3 6\u00e8"},"content":{"rendered":"<p><u>\u00a0SAB\u00d3 6\u00c8<\/u><\/p>\n<p>Som una cooperativa de nens i nenes de 6\u00e8 de l\u2019escola Antoni Gaud\u00ed. Estem produint sab\u00f3 per vendre\u2019l i aconseguir que l\u2019esquiada sigui\u00a0 m\u00e9s econ\u00f2mica perqu\u00e8 tothom puguem anar.<\/p>\n<p>Estarem venent sab\u00f3 a Sant Boi de Llobregat \u00a0el sis, set i vuit de desembre al parc de la muntanyeta. Vendrem diferents tipus de sab\u00f3: sab\u00f3 corporal en pastilla, bossetes d\u2019olor, sab\u00f3 de rentadora en pastilla i en l\u00edquid i packs al gust del client.<\/p>\n<p>Esperem que vingueu a comprar-nos i puguem anar tots d\u2019esquiada. Gr\u00e0cies.<\/p>\n<p>ELS I LES ALUMNES DE 6\u00c8<\/p>\n<p><a href=\"https:\/\/agora.xtec.cat\/escolagaudisantboi\/wp-content\/uploads\/usu2030\/2021\/11\/SABO.jpg\"><img loading=\"lazy\" decoding=\"async\" class=\"alignnone size-medium wp-image-5383\" src=\"https:\/\/agora.xtec.cat\/escolagaudisantboi\/wp-content\/uploads\/usu2030\/2021\/11\/SABO-300x226.jpg\" alt=\"\" width=\"300\" height=\"226\" srcset=\"https:\/\/agora.xtec.cat\/escolagaudisantboi\/wp-content\/uploads\/usu2030\/2021\/11\/SABO-300x226.jpg 300w, https:\/\/agora.xtec.cat\/escolagaudisantboi\/wp-content\/uploads\/usu2030\/2021\/11\/SABO-200x150.jpg 200w, https:\/\/agora.xtec.cat\/escolagaudisantboi\/wp-content\/uploads\/usu2030\/2021\/11\/SABO.jpg 504w\" sizes=\"auto, (max-width: 300px) 100vw, 300px\" \/><\/a><\/p>\n","protected":false},"excerpt":{"rendered":"<p>\u00a0SAB\u00d3 6\u00c8 Som una cooperativa de nens i nenes de 6\u00e8 de l\u2019escola Antoni Gaud\u00ed. Estem produint sab\u00f3 per vendre\u2019l i aconseguir que l\u2019esquiada sigui\u00a0 m\u00e9s econ\u00f2mica perqu\u00e8 tothom puguem anar. Estarem venent sab\u00f3 a Sant Boi de Llobregat \u00a0el sis, set i vuit de desembre al parc de la muntanyeta. Vendrem diferents tipus de [&hellip;]<\/p>\n","protected":false},"author":10,"featured_media":5383,"comment_status":"open","ping_status":"closed","sticky":false,"template":"","format":"standard","meta":{"_bbp_topic_count":0,"_bbp_reply_count":0,"_bbp_total_topic_count":0,"_bbp_total_reply_count":0,"_bbp_voice_count":0,"_bbp_anonymous_reply_count":0,"_bbp_topic_count_hidden":0,"_bbp_reply_count_hidden":0,"_bbp_forum_subforum_count":0,"site-sidebar-layout":"default","site-content-layout":"","ast-site-content-layout":"","site-content-style":"default","site-sidebar-style":"default","ast-global-header-display":"","ast-banner-title-visibility":"","ast-main-header-display":"","ast-hfb-above-header-display":"","ast-hfb-below-header-display":"","ast-hfb-mobile-header-display":"","site-post-title":"","ast-breadcrumbs-content":"","ast-featured-img":"","footer-sml-layout":"","theme-transparent-header-meta":"","adv-header-id-meta":"","stick-header-meta":"","header-above-stick-meta":"","header-main-stick-meta":"","header-below-stick-meta":"","astra-migrate-meta-layouts":"default","ast-page-background-enabled":"default","ast-page-background-meta":{"desktop":{"background-color":"var(--ast-global-color-4)","background-image":"","background-repeat":"repeat","background-position":"center center","background-size":"auto","background-attachment":"scroll","background-type":"","background-media":"","overlay-type":"","overlay-color":"","overlay-opacity":"","overlay-gradient":""},"tablet":{"background-color":"","background-image":"","background-repeat":"repeat","background-position":"center center","background-size":"auto","background-attachment":"scroll","background-type":"","background-media":"","overlay-type":"","overlay-color":"","overlay-opacity":"","overlay-gradient":""},"mobile":{"background-color":"","background-image":"","background-repeat":"repeat","background-position":"center center","background-size":"auto","background-attachment":"scroll","background-type":"","background-media":"","overlay-type":"","overlay-color":"","overlay-opacity":"","overlay-gradient":""}},"ast-content-background-meta":{"desktop":{"background-color":"var(--ast-global-color-5)","background-image":"","background-repeat":"repeat","background-position":"center center","background-size":"auto","background-attachment":"scroll","background-type":"","background-media":"","overlay-type":"","overlay-color":"","overlay-opacity":"","overlay-gradient":""},"tablet":{"background-color":"var(--ast-global-color-5)","background-image":"","background-repeat":"repeat","background-position":"center center","background-size":"auto","background-attachment":"scroll","background-type":"","background-media":"","overlay-type":"","overlay-color":"","overlay-opacity":"","overlay-gradient":""},"mobile":{"background-color":"var(--ast-global-color-5)","background-image":"","background-repeat":"repeat","background-position":"center center","background-size":"auto","background-attachment":"scroll","background-type":"","background-media":"","overlay-type":"","overlay-color":"","overlay-opacity":"","overlay-gradient":""}},"footnotes":""},"categories":[15,138,4,5],"tags":[141,90,139,96],"class_list":["post-5382","post","type-post","status-publish","format-standard","has-post-thumbnail","hentry","category-6e","category-projecte-sabo","category-portada","category-primaria","tag-6e","tag-cicle-superior","tag-esquiada","tag-sabo"],"post_mailing_queue_ids":[],"_links":{"self":[{"href":"https:\/\/agora.xtec.cat\/escolagaudisantboi\/wp-json\/wp\/v2\/posts\/5382","targetHints":{"allow":["GET"]}}],"collection":[{"href":"https:\/\/agora.xtec.cat\/escolagaudisantboi\/wp-json\/wp\/v2\/posts"}],"about":[{"href":"https:\/\/agora.xtec.cat\/escolagaudisantboi\/wp-json\/wp\/v2\/types\/post"}],"author":[{"embeddable":true,"href":"https:\/\/agora.xtec.cat\/escolagaudisantboi\/wp-json\/wp\/v2\/users\/10"}],"replies":[{"embeddable":true,"href":"https:\/\/agora.xtec.cat\/escolagaudisantboi\/wp-json\/wp\/v2\/comments?post=5382"}],"version-history":[{"count":3,"href":"https:\/\/agora.xtec.cat\/escolagaudisantboi\/wp-json\/wp\/v2\/posts\/5382\/revisions"}],"predecessor-version":[{"id":5544,"href":"https:\/\/agora.xtec.cat\/escolagaudisantboi\/wp-json\/wp\/v2\/posts\/5382\/revisions\/5544"}],"wp:featuredmedia":[{"embeddable":true,"href":"https:\/\/agora.xtec.cat\/escolagaudisantboi\/wp-json\/wp\/v2\/media\/5383"}],"wp:attachment":[{"href":"https:\/\/agora.xtec.cat\/escolagaudisantboi\/wp-json\/wp\/v2\/media?parent=5382"}],"wp:term":[{"taxonomy":"category","embeddable":true,"href":"https:\/\/agora.xtec.cat\/escolagaudisantboi\/wp-json\/wp\/v2\/categories?post=5382"},{"taxonomy":"post_tag","embeddable":true,"href":"https:\/\/agora.xtec.cat\/escolagaudisantboi\/wp-json\/wp\/v2\/tags?post=5382"}],"curies":[{"name":"wp","href":"https:\/\/api.w.org\/{rel}","templated":true}]}}