{"id":5256,"date":"2021-11-04T15:28:35","date_gmt":"2021-11-04T14:28:35","guid":{"rendered":"https:\/\/agora.xtec.cat\/escolagaudisantboi\/?p=5256"},"modified":"2021-11-25T19:34:24","modified_gmt":"2021-11-25T18:34:24","slug":"eleccions-al-consell-escolar","status":"publish","type":"post","link":"https:\/\/agora.xtec.cat\/escolagaudisantboi\/general\/eleccions-al-consell-escolar\/","title":{"rendered":"Eleccions al Consell Escolar"},"content":{"rendered":"<p><a href=\"https:\/\/agora.xtec.cat\/escolagaudisantboi\/wp-content\/uploads\/usu2030\/2021\/11\/cartell-eleccions.jpg\"><img loading=\"lazy\" decoding=\"async\" class=\"alignnone size-large wp-image-5258\" src=\"https:\/\/agora.xtec.cat\/escolagaudisantboi\/wp-content\/uploads\/usu2030\/2021\/11\/cartell-eleccions-1024x768.jpg\" alt=\"\" width=\"1024\" height=\"768\" srcset=\"https:\/\/agora.xtec.cat\/escolagaudisantboi\/wp-content\/uploads\/usu2030\/2021\/11\/cartell-eleccions-1024x768.jpg 1024w, https:\/\/agora.xtec.cat\/escolagaudisantboi\/wp-content\/uploads\/usu2030\/2021\/11\/cartell-eleccions-300x225.jpg 300w, https:\/\/agora.xtec.cat\/escolagaudisantboi\/wp-content\/uploads\/usu2030\/2021\/11\/cartell-eleccions-768x576.jpg 768w, https:\/\/agora.xtec.cat\/escolagaudisantboi\/wp-content\/uploads\/usu2030\/2021\/11\/cartell-eleccions-200x150.jpg 200w, https:\/\/agora.xtec.cat\/escolagaudisantboi\/wp-content\/uploads\/usu2030\/2021\/11\/cartell-eleccions.jpg 1500w\" sizes=\"auto, (max-width: 1024px) 100vw, 1024px\" \/><\/a><\/p>\n<p style=\"font-weight: 400;\">Benvolgudes fam\u00edlies,<\/p>\n<p style=\"font-weight: 400;\">Us comuniquem que obrim el proc\u00e9s d&#8217;eleccions al consell escolar i us animem a participar en ell, tan com a candidates com a les votacions.<\/p>\n<p style=\"font-weight: 400;\">El consell escolar del centre \u00e9s l\u2019<strong>\u00f2rgan col\u00b7legiat de participaci\u00f3<\/strong>\u00a0de la comunitat escolar en el govern del centre. En el consell escolar hi ha representats tots els col\u00b7lectius que intervenen en la comunitat educativa: director o directora, professorat, fam\u00edlies, personal d&#8217;administraci\u00f3 i serveis, etc.<\/p>\n<p style=\"font-weight: 400;\">En els centres p\u00fablics, la\u00a0<a href=\"https:\/\/educacio.gencat.cat\/ca\/arees-actuacio\/centres-serveis-educatius\/centres\/consells-escolars-centres\/centres-publics\/\" data-saferedirecturl=\"https:\/\/www.google.com\/url?q=https:\/\/educacio.gencat.cat\/ca\/arees-actuacio\/centres-serveis-educatius\/centres\/consells-escolars-centres\/centres-publics\/&amp;source=gmail&amp;ust=1636115237575000&amp;usg=AOvVaw2V97xnLnweCxvZa22_hsDQ\">funci\u00f3 principal del consell escolar<\/a>\u00a0\u00e9s participar en la presa de decisions en relaci\u00f3 amb aquells temes importants per al funcionament i l\u2019organitzaci\u00f3 del centre: el projecte educatiu, la programaci\u00f3 general, la gesti\u00f3 econ\u00f2mica, etc.<\/p>\n<p style=\"font-weight: 400;\">Els membres del consell escolar s\u00f3n elegits per un per\u00edode de quatre anys i es renoven per meitats cada dos anys. Pel que respecta als representants de les fam\u00edlies a l\u2019escola, aquest any s\u2019ha de renovar a tres membres. Podeu presentar les vostres candidatures a partir del dia 5 de novembre amb el\u00a0<a href=\"https:\/\/drive.google.com\/file\/d\/1hUTlfT-FqTcMOiqGogiwp7LvVkFReRtx\/view?usp=sharing\" data-saferedirecturl=\"https:\/\/www.google.com\/url?q=https:\/\/drive.google.com\/file\/d\/1hUTlfT-FqTcMOiqGogiwp7LvVkFReRtx\/view?usp%3Dsharing&amp;source=gmail&amp;ust=1636115237575000&amp;usg=AOvVaw3vZr2k6xg3rrtbIHM8-SWE\">corresponent document<\/a>\u00a0que haureu d\u2019entregar a la direcci\u00f3 del centre o comunicant-ho a la direcci\u00f3 telef\u00f2nicament \u00a0i demanant cita pr\u00e8via per omplir el document<\/p>\n<p style=\"font-weight: 400;\"><strong>Calendari del proc\u00e9s electoral ser\u00e0 el seg\u00fcent:<\/strong><\/p>\n<ul>\n<li style=\"font-weight: 400;\">Inici del proc\u00e9s: a partir del dia 2 de novembre de 2021<\/li>\n<li style=\"font-weight: 400;\">Constituci\u00f3 de les meses electorals: abans del dia 11 de novembre de 2021<\/li>\n<li style=\"font-weight: 400;\">Votacions: entre els dies 22 i 26 de novembre de 2021, ambd\u00f3s inclosos<\/li>\n<li style=\"font-weight: 400;\">Constituci\u00f3 del consell escolar i presa de possessi\u00f3 dels seus membres: no m\u00e9s tard del dia 20 de desembre de 2021<\/li>\n<\/ul>\n<p style=\"font-weight: 400;\">Participant constru\u00efm l&#8217;escola plegats, us esperem.<\/p>\n","protected":false},"excerpt":{"rendered":"<p>Benvolgudes fam\u00edlies, Us comuniquem que obrim el proc\u00e9s d&#8217;eleccions al consell escolar i us animem a participar en ell, tan com a candidates com a les votacions. El consell escolar del centre \u00e9s l\u2019\u00f2rgan col\u00b7legiat de participaci\u00f3\u00a0de la comunitat escolar en el govern del centre. En el consell escolar hi ha representats tots els col\u00b7lectius [&hellip;]<\/p>\n","protected":false},"author":9,"featured_media":5258,"comment_status":"open","ping_status":"closed","sticky":false,"template":"","format":"standard","meta":{"_bbp_topic_count":0,"_bbp_reply_count":0,"_bbp_total_topic_count":0,"_bbp_total_reply_count":0,"_bbp_voice_count":0,"_bbp_anonymous_reply_count":0,"_bbp_topic_count_hidden":0,"_bbp_reply_count_hidden":0,"_bbp_forum_subforum_count":0,"site-sidebar-layout":"default","site-content-layout":"","ast-site-content-layout":"","site-content-style":"default","site-sidebar-style":"default","ast-global-header-display":"","ast-banner-title-visibility":"","ast-main-header-display":"","ast-hfb-above-header-display":"","ast-hfb-below-header-display":"","ast-hfb-mobile-header-display":"","site-post-title":"","ast-breadcrumbs-content":"","ast-featured-img":"","footer-sml-layout":"","theme-transparent-header-meta":"","adv-header-id-meta":"","stick-header-meta":"","header-above-stick-meta":"","header-main-stick-meta":"","header-below-stick-meta":"","astra-migrate-meta-layouts":"default","ast-page-background-enabled":"default","ast-page-background-meta":{"desktop":{"background-color":"var(--ast-global-color-4)","background-image":"","background-repeat":"repeat","background-position":"center center","background-size":"auto","background-attachment":"scroll","background-type":"","background-media":"","overlay-type":"","overlay-color":"","overlay-opacity":"","overlay-gradient":""},"tablet":{"background-color":"","background-image":"","background-repeat":"repeat","background-position":"center center","background-size":"auto","background-attachment":"scroll","background-type":"","background-media":"","overlay-type":"","overlay-color":"","overlay-opacity":"","overlay-gradient":""},"mobile":{"background-color":"","background-image":"","background-repeat":"repeat","background-position":"center center","background-size":"auto","background-attachment":"scroll","background-type":"","background-media":"","overlay-type":"","overlay-color":"","overlay-opacity":"","overlay-gradient":""}},"ast-content-background-meta":{"desktop":{"background-color":"var(--ast-global-color-5)","background-image":"","background-repeat":"repeat","background-position":"center center","background-size":"auto","background-attachment":"scroll","background-type":"","background-media":"","overlay-type":"","overlay-color":"","overlay-opacity":"","overlay-gradient":""},"tablet":{"background-color":"var(--ast-global-color-5)","background-image":"","background-repeat":"repeat","background-position":"center center","background-size":"auto","background-attachment":"scroll","background-type":"","background-media":"","overlay-type":"","overlay-color":"","overlay-opacity":"","overlay-gradient":""},"mobile":{"background-color":"var(--ast-global-color-5)","background-image":"","background-repeat":"repeat","background-position":"center center","background-size":"auto","background-attachment":"scroll","background-type":"","background-media":"","overlay-type":"","overlay-color":"","overlay-opacity":"","overlay-gradient":""}},"footnotes":""},"categories":[10,11,12,13,14,15,7,1,3,9,2,8,4,5],"tags":[141,109,140,108,148,63,132,88,89,90,142,93,91,156,154,155],"class_list":["post-5256","post","type-post","status-publish","format-standard","has-post-thumbnail","hentry","category-1r","category-2n","category-3r","category-4t","category-5e","category-6e","category-afa","category-general","category-i3","category-i5","category-infantil","category-p4","category-portada","category-primaria","tag-6e","tag-1r","tag-2n","tag-3r","tag-4t","tag-5e","tag-afa","tag-cicle-inicial","tag-cicle-mitja","tag-cicle-superior","tag-consell-escolar","tag-educacio-infantil","tag-families","tag-p3","tag-p4","tag-p5"],"post_mailing_queue_ids":[],"_links":{"self":[{"href":"https:\/\/agora.xtec.cat\/escolagaudisantboi\/wp-json\/wp\/v2\/posts\/5256","targetHints":{"allow":["GET"]}}],"collection":[{"href":"https:\/\/agora.xtec.cat\/escolagaudisantboi\/wp-json\/wp\/v2\/posts"}],"about":[{"href":"https:\/\/agora.xtec.cat\/escolagaudisantboi\/wp-json\/wp\/v2\/types\/post"}],"author":[{"embeddable":true,"href":"https:\/\/agora.xtec.cat\/escolagaudisantboi\/wp-json\/wp\/v2\/users\/9"}],"replies":[{"embeddable":true,"href":"https:\/\/agora.xtec.cat\/escolagaudisantboi\/wp-json\/wp\/v2\/comments?post=5256"}],"version-history":[{"count":1,"href":"https:\/\/agora.xtec.cat\/escolagaudisantboi\/wp-json\/wp\/v2\/posts\/5256\/revisions"}],"predecessor-version":[{"id":5259,"href":"https:\/\/agora.xtec.cat\/escolagaudisantboi\/wp-json\/wp\/v2\/posts\/5256\/revisions\/5259"}],"wp:featuredmedia":[{"embeddable":true,"href":"https:\/\/agora.xtec.cat\/escolagaudisantboi\/wp-json\/wp\/v2\/media\/5258"}],"wp:attachment":[{"href":"https:\/\/agora.xtec.cat\/escolagaudisantboi\/wp-json\/wp\/v2\/media?parent=5256"}],"wp:term":[{"taxonomy":"category","embeddable":true,"href":"https:\/\/agora.xtec.cat\/escolagaudisantboi\/wp-json\/wp\/v2\/categories?post=5256"},{"taxonomy":"post_tag","embeddable":true,"href":"https:\/\/agora.xtec.cat\/escolagaudisantboi\/wp-json\/wp\/v2\/tags?post=5256"}],"curies":[{"name":"wp","href":"https:\/\/api.w.org\/{rel}","templated":true}]}}