{"id":5075,"date":"2021-09-30T20:19:59","date_gmt":"2021-09-30T18:19:59","guid":{"rendered":"https:\/\/agora.xtec.cat\/escolagaudisantboi\/?p=5075"},"modified":"2021-10-08T11:11:03","modified_gmt":"2021-10-08T09:11:03","slug":"ja-som-a-2n","status":"publish","type":"post","link":"https:\/\/agora.xtec.cat\/escolagaudisantboi\/general\/ja-som-a-2n\/","title":{"rendered":"Ja som a 2n!"},"content":{"rendered":"<p><a href=\"https:\/\/agora.xtec.cat\/escolagaudisantboi\/wp-content\/uploads\/usu2030\/2021\/09\/IMG_20210930_200401-scaled.jpg\"><img loading=\"lazy\" decoding=\"async\" class=\"size-large wp-image-5078\" src=\"https:\/\/agora.xtec.cat\/escolagaudisantboi\/wp-content\/uploads\/usu2030\/2021\/09\/IMG_20210930_200401-1024x509.jpg\" alt=\"2n\" width=\"1024\" height=\"509\" srcset=\"https:\/\/agora.xtec.cat\/escolagaudisantboi\/wp-content\/uploads\/usu2030\/2021\/09\/IMG_20210930_200401-1024x509.jpg 1024w, https:\/\/agora.xtec.cat\/escolagaudisantboi\/wp-content\/uploads\/usu2030\/2021\/09\/IMG_20210930_200401-300x149.jpg 300w, https:\/\/agora.xtec.cat\/escolagaudisantboi\/wp-content\/uploads\/usu2030\/2021\/09\/IMG_20210930_200401-768x382.jpg 768w, https:\/\/agora.xtec.cat\/escolagaudisantboi\/wp-content\/uploads\/usu2030\/2021\/09\/IMG_20210930_200401-1536x764.jpg 1536w, https:\/\/agora.xtec.cat\/escolagaudisantboi\/wp-content\/uploads\/usu2030\/2021\/09\/IMG_20210930_200401-2048x1019.jpg 2048w\" sizes=\"auto, (max-width: 1024px) 100vw, 1024px\" \/><\/a><\/p>\n<p>Hola!\u00a0Estem molt contents i molt contentes perqu\u00e8 ja som a 2n!<\/p>\n<p>Aquestes primeres setmanes hem comen\u00e7at a investigar sobre la Casa Batll\u00f3 de Gaud\u00ed i tamb\u00e9 ens hem interessat per aprendre coses dels volcans.<\/p>\n<p>Ens agrada aprendre moltes coses i explicar historietes. <span style=\"font-family: inherit; font-size: 1em;\">La setmana que ve anirem d&#8217;excursi\u00f3 i comen\u00e7arem la piscina, qu\u00e8 b\u00e9!<\/span><\/p>\n<p>Els nostres mestres ens han dit que farem moltes sortides i\u00a0<span style=\"font-family: inherit; font-size: 1em;\">activitats divertides. T<\/span>enim moltes ganes de viure mil aventures!<\/p>\n<p>Els nens i nenes de 2n<\/p>\n","protected":false},"excerpt":{"rendered":"<p>Hola!\u00a0Estem molt contents i molt contentes perqu\u00e8 ja som a 2n! Aquestes primeres setmanes hem comen\u00e7at a investigar sobre la Casa Batll\u00f3 de Gaud\u00ed i tamb\u00e9 ens hem interessat per aprendre coses dels volcans. Ens agrada aprendre moltes coses i explicar historietes. La setmana que ve anirem d&#8217;excursi\u00f3 i comen\u00e7arem la piscina, qu\u00e8 b\u00e9! Els [&hellip;]<\/p>\n","protected":false},"author":1,"featured_media":0,"comment_status":"open","ping_status":"closed","sticky":false,"template":"","format":"standard","meta":{"_bbp_topic_count":0,"_bbp_reply_count":0,"_bbp_total_topic_count":0,"_bbp_total_reply_count":0,"_bbp_voice_count":0,"_bbp_anonymous_reply_count":0,"_bbp_topic_count_hidden":0,"_bbp_reply_count_hidden":0,"_bbp_forum_subforum_count":0,"site-sidebar-layout":"default","site-content-layout":"","ast-site-content-layout":"","site-content-style":"default","site-sidebar-style":"default","ast-global-header-display":"","ast-banner-title-visibility":"","ast-main-header-display":"","ast-hfb-above-header-display":"","ast-hfb-below-header-display":"","ast-hfb-mobile-header-display":"","site-post-title":"","ast-breadcrumbs-content":"","ast-featured-img":"","footer-sml-layout":"","theme-transparent-header-meta":"","adv-header-id-meta":"","stick-header-meta":"","header-above-stick-meta":"","header-main-stick-meta":"","header-below-stick-meta":"","astra-migrate-meta-layouts":"default","ast-page-background-enabled":"default","ast-page-background-meta":{"desktop":{"background-color":"var(--ast-global-color-4)","background-image":"","background-repeat":"repeat","background-position":"center center","background-size":"auto","background-attachment":"scroll","background-type":"","background-media":"","overlay-type":"","overlay-color":"","overlay-opacity":"","overlay-gradient":""},"tablet":{"background-color":"","background-image":"","background-repeat":"repeat","background-position":"center center","background-size":"auto","background-attachment":"scroll","background-type":"","background-media":"","overlay-type":"","overlay-color":"","overlay-opacity":"","overlay-gradient":""},"mobile":{"background-color":"","background-image":"","background-repeat":"repeat","background-position":"center center","background-size":"auto","background-attachment":"scroll","background-type":"","background-media":"","overlay-type":"","overlay-color":"","overlay-opacity":"","overlay-gradient":""}},"ast-content-background-meta":{"desktop":{"background-color":"var(--ast-global-color-5)","background-image":"","background-repeat":"repeat","background-position":"center center","background-size":"auto","background-attachment":"scroll","background-type":"","background-media":"","overlay-type":"","overlay-color":"","overlay-opacity":"","overlay-gradient":""},"tablet":{"background-color":"var(--ast-global-color-5)","background-image":"","background-repeat":"repeat","background-position":"center center","background-size":"auto","background-attachment":"scroll","background-type":"","background-media":"","overlay-type":"","overlay-color":"","overlay-opacity":"","overlay-gradient":""},"mobile":{"background-color":"var(--ast-global-color-5)","background-image":"","background-repeat":"repeat","background-position":"center center","background-size":"auto","background-attachment":"scroll","background-type":"","background-media":"","overlay-type":"","overlay-color":"","overlay-opacity":"","overlay-gradient":""}},"footnotes":""},"categories":[11,1,4,5],"tags":[140,89,134],"class_list":["post-5075","post","type-post","status-publish","format-standard","hentry","category-2n","category-general","category-portada","category-primaria","tag-2n","tag-cicle-mitja","tag-presentacio"],"post_mailing_queue_ids":[],"_links":{"self":[{"href":"https:\/\/agora.xtec.cat\/escolagaudisantboi\/wp-json\/wp\/v2\/posts\/5075","targetHints":{"allow":["GET"]}}],"collection":[{"href":"https:\/\/agora.xtec.cat\/escolagaudisantboi\/wp-json\/wp\/v2\/posts"}],"about":[{"href":"https:\/\/agora.xtec.cat\/escolagaudisantboi\/wp-json\/wp\/v2\/types\/post"}],"author":[{"embeddable":true,"href":"https:\/\/agora.xtec.cat\/escolagaudisantboi\/wp-json\/wp\/v2\/users\/1"}],"replies":[{"embeddable":true,"href":"https:\/\/agora.xtec.cat\/escolagaudisantboi\/wp-json\/wp\/v2\/comments?post=5075"}],"version-history":[{"count":3,"href":"https:\/\/agora.xtec.cat\/escolagaudisantboi\/wp-json\/wp\/v2\/posts\/5075\/revisions"}],"predecessor-version":[{"id":5080,"href":"https:\/\/agora.xtec.cat\/escolagaudisantboi\/wp-json\/wp\/v2\/posts\/5075\/revisions\/5080"}],"wp:attachment":[{"href":"https:\/\/agora.xtec.cat\/escolagaudisantboi\/wp-json\/wp\/v2\/media?parent=5075"}],"wp:term":[{"taxonomy":"category","embeddable":true,"href":"https:\/\/agora.xtec.cat\/escolagaudisantboi\/wp-json\/wp\/v2\/categories?post=5075"},{"taxonomy":"post_tag","embeddable":true,"href":"https:\/\/agora.xtec.cat\/escolagaudisantboi\/wp-json\/wp\/v2\/tags?post=5075"}],"curies":[{"name":"wp","href":"https:\/\/api.w.org\/{rel}","templated":true}]}}