{"id":4853,"date":"2021-02-27T17:42:14","date_gmt":"2021-02-27T16:42:14","guid":{"rendered":"https:\/\/agora.xtec.cat\/escolagaudisantboi\/?p=4853"},"modified":"2021-02-27T17:42:14","modified_gmt":"2021-02-27T16:42:14","slug":"surfejant-el-temps-amb-art","status":"publish","type":"post","link":"https:\/\/agora.xtec.cat\/escolagaudisantboi\/portada\/surfejant-el-temps-amb-art\/","title":{"rendered":"SURFEJANT EL TEMPS AMB ART"},"content":{"rendered":"<p>Els infants de 4t hem realitzat una proposta relacionant l\u2019art (m\u00fasica i \u00a0pintura) amb el projecte d\u2019escola \u201cSurfejant el temps\u201d.<\/p>\n<p>A m\u00fasica hem escoltat la can\u00e7\u00f3 <strong><u>TIEMPO de Jarabe de Palo<\/u><\/strong> i hem extret expressions relacionades amb el projecte d\u2019aquest curs:<\/p>\n<p>TIEMPO PARA APRENDER, TIEMPO PARA JUGAR, TIEMPO PARA QUERER, ETC.<\/p>\n<p>Tot seguit hem conegut i analitzat algunes obres de l\u2019artista <strong><u>GOLSA GOLCHINI<\/u><\/strong>. Hem vist quadres que representaven l\u2019aigua, o persones surfejant. Donat que el nostre projecte es diu \u201cSurfejant el temps\u201d hem escollit aquesta artista per inspirar-nos en la seva obra que hem apr\u00e8s que combina t\u00e8cniques mixtes d\u2019empastament amb pintures acr\u00edliques i fotografia o pintura digital.<\/p>\n<p>A continuaci\u00f3 us deixem amb algunes obres d\u2019aquesta artista:<\/p>\n\n<p>&nbsp;<\/p>\n<p>&nbsp;<\/p>\n<p>I ara, us convidem a fer un <strong>tour virtual<\/strong> per les obres d\u2019art que han creat les nenes i nens de 4t representant una de les frases de la can\u00e7\u00f3 TIEMPO i inspirant-se en les t\u00e8cniques de l\u2019artista GOLSA GOLCHINI. Cada frase l\u2019han escrit en castell\u00e0, catal\u00e0 i angl\u00e8s; i al costat de l\u2019obra trobeu l\u2019esborrany o explicaci\u00f3 que han fet ells. Esperem que us agradi:<\/p>\n<div class=\"ast-oembed-container \" style=\"height: 100%;\"><iframe loading=\"lazy\" title=\"Tour virtual temps per    Golsa Golchini\" width=\"500\" height=\"281\" src=\"https:\/\/www.youtube.com\/embed\/TEMWAMKBw5g?feature=oembed\" frameborder=\"0\" allow=\"accelerometer; autoplay; clipboard-write; encrypted-media; gyroscope; picture-in-picture; web-share\" referrerpolicy=\"strict-origin-when-cross-origin\" allowfullscreen><\/iframe><\/div>\n<p>&nbsp;<\/p>\n<p>D\u2019altra banda, vam preguntar als infants: Com pintar\u00edeu el temps? Qualsevol aspecte relacionat amb el temps i com vosaltres vulgueu. Totalment lliure. Aqu\u00ed teniu els resultats amb el t\u00edtol que va voler posar cadasc\u00fa:<\/p>\n<div class=\"ast-oembed-container \" style=\"height: 100%;\"><iframe loading=\"lazy\" title=\"Pintem el temps\" width=\"500\" height=\"281\" src=\"https:\/\/www.youtube.com\/embed\/UnvJq-JkGXQ?feature=oembed\" frameborder=\"0\" allow=\"accelerometer; autoplay; clipboard-write; encrypted-media; gyroscope; picture-in-picture; web-share\" referrerpolicy=\"strict-origin-when-cross-origin\" allowfullscreen><\/iframe><\/div>\n","protected":false},"excerpt":{"rendered":"<p>Els infants de 4t hem realitzat una proposta relacionant l\u2019art (m\u00fasica i \u00a0pintura) amb el projecte d\u2019escola \u201cSurfejant el temps\u201d. A m\u00fasica hem escoltat la can\u00e7\u00f3 TIEMPO de Jarabe de Palo i hem extret expressions relacionades amb el projecte d\u2019aquest curs: TIEMPO PARA APRENDER, TIEMPO PARA JUGAR, TIEMPO PARA QUERER, ETC. Tot seguit hem conegut [&hellip;]<\/p>\n","protected":false},"author":10,"featured_media":4852,"comment_status":"open","ping_status":"closed","sticky":false,"template":"","format":"standard","meta":{"_bbp_topic_count":0,"_bbp_reply_count":0,"_bbp_total_topic_count":0,"_bbp_total_reply_count":0,"_bbp_voice_count":0,"_bbp_anonymous_reply_count":0,"_bbp_topic_count_hidden":0,"_bbp_reply_count_hidden":0,"_bbp_forum_subforum_count":0,"site-sidebar-layout":"default","site-content-layout":"","ast-site-content-layout":"","site-content-style":"default","site-sidebar-style":"default","ast-global-header-display":"","ast-banner-title-visibility":"","ast-main-header-display":"","ast-hfb-above-header-display":"","ast-hfb-below-header-display":"","ast-hfb-mobile-header-display":"","site-post-title":"","ast-breadcrumbs-content":"","ast-featured-img":"","footer-sml-layout":"","theme-transparent-header-meta":"","adv-header-id-meta":"","stick-header-meta":"","header-above-stick-meta":"","header-main-stick-meta":"","header-below-stick-meta":"","astra-migrate-meta-layouts":"default","ast-page-background-enabled":"default","ast-page-background-meta":{"desktop":{"background-color":"var(--ast-global-color-4)","background-image":"","background-repeat":"repeat","background-position":"center center","background-size":"auto","background-attachment":"scroll","background-type":"","background-media":"","overlay-type":"","overlay-color":"","overlay-opacity":"","overlay-gradient":""},"tablet":{"background-color":"","background-image":"","background-repeat":"repeat","background-position":"center center","background-size":"auto","background-attachment":"scroll","background-type":"","background-media":"","overlay-type":"","overlay-color":"","overlay-opacity":"","overlay-gradient":""},"mobile":{"background-color":"","background-image":"","background-repeat":"repeat","background-position":"center center","background-size":"auto","background-attachment":"scroll","background-type":"","background-media":"","overlay-type":"","overlay-color":"","overlay-opacity":"","overlay-gradient":""}},"ast-content-background-meta":{"desktop":{"background-color":"var(--ast-global-color-5)","background-image":"","background-repeat":"repeat","background-position":"center center","background-size":"auto","background-attachment":"scroll","background-type":"","background-media":"","overlay-type":"","overlay-color":"","overlay-opacity":"","overlay-gradient":""},"tablet":{"background-color":"var(--ast-global-color-5)","background-image":"","background-repeat":"repeat","background-position":"center center","background-size":"auto","background-attachment":"scroll","background-type":"","background-media":"","overlay-type":"","overlay-color":"","overlay-opacity":"","overlay-gradient":""},"mobile":{"background-color":"var(--ast-global-color-5)","background-image":"","background-repeat":"repeat","background-position":"center center","background-size":"auto","background-attachment":"scroll","background-type":"","background-media":"","overlay-type":"","overlay-color":"","overlay-opacity":"","overlay-gradient":""}},"footnotes":""},"categories":[13,4,5,161,118],"tags":[148,84,89,104,17,126],"class_list":["post-4853","post","type-post","status-publish","format-standard","has-post-thumbnail","hentry","category-4t","category-portada","category-primaria","category-art","category-projecte-global","tag-4t","tag-artistica","tag-cicle-mitja","tag-musica","tag-plastica","tag-projecte"],"post_mailing_queue_ids":[],"_links":{"self":[{"href":"https:\/\/agora.xtec.cat\/escolagaudisantboi\/wp-json\/wp\/v2\/posts\/4853","targetHints":{"allow":["GET"]}}],"collection":[{"href":"https:\/\/agora.xtec.cat\/escolagaudisantboi\/wp-json\/wp\/v2\/posts"}],"about":[{"href":"https:\/\/agora.xtec.cat\/escolagaudisantboi\/wp-json\/wp\/v2\/types\/post"}],"author":[{"embeddable":true,"href":"https:\/\/agora.xtec.cat\/escolagaudisantboi\/wp-json\/wp\/v2\/users\/10"}],"replies":[{"embeddable":true,"href":"https:\/\/agora.xtec.cat\/escolagaudisantboi\/wp-json\/wp\/v2\/comments?post=4853"}],"version-history":[{"count":1,"href":"https:\/\/agora.xtec.cat\/escolagaudisantboi\/wp-json\/wp\/v2\/posts\/4853\/revisions"}],"predecessor-version":[{"id":4854,"href":"https:\/\/agora.xtec.cat\/escolagaudisantboi\/wp-json\/wp\/v2\/posts\/4853\/revisions\/4854"}],"wp:featuredmedia":[{"embeddable":true,"href":"https:\/\/agora.xtec.cat\/escolagaudisantboi\/wp-json\/wp\/v2\/media\/4852"}],"wp:attachment":[{"href":"https:\/\/agora.xtec.cat\/escolagaudisantboi\/wp-json\/wp\/v2\/media?parent=4853"}],"wp:term":[{"taxonomy":"category","embeddable":true,"href":"https:\/\/agora.xtec.cat\/escolagaudisantboi\/wp-json\/wp\/v2\/categories?post=4853"},{"taxonomy":"post_tag","embeddable":true,"href":"https:\/\/agora.xtec.cat\/escolagaudisantboi\/wp-json\/wp\/v2\/tags?post=4853"}],"curies":[{"name":"wp","href":"https:\/\/api.w.org\/{rel}","templated":true}]}}