{"id":4784,"date":"2021-02-07T19:23:10","date_gmt":"2021-02-07T18:23:10","guid":{"rendered":"https:\/\/agora.xtec.cat\/escolagaudisantboi\/?p=4784"},"modified":"2021-02-07T19:25:23","modified_gmt":"2021-02-07T18:25:23","slug":"setmana-de-lenllumenat-iv-marato-destalvi-energetic","status":"publish","type":"post","link":"https:\/\/agora.xtec.cat\/escolagaudisantboi\/general\/setmana-de-lenllumenat-iv-marato-destalvi-energetic\/","title":{"rendered":"SETMANA DE L&#8217;ENLLUMENAT (IV Marat\u00f3 d&#8217;estalvi energ\u00e8tic)"},"content":{"rendered":"<p>Les i els alumnes de 4t hem estat treballant aquesta 1a setmana de febrer sobre l\u2019estalvi energ\u00e8tic. Hem recordat aspectes molt simples com fer servir m\u00e9s la llum solar i apagar sempre que no calguin els llums. Tamb\u00e9 sabem que \u00e9s m\u00e9s sa per nosaltres i pel planeta pujar i baixar per les escales en comptes de fer-ho per l\u2019ascensor (sempre que es pugui); per\u00f2 va b\u00e9 recordar-ho de tant en tant. A m\u00e9s, estalvies energia.<\/p>\n<p>Els infants us han volgut recordar alguns consells per tal que tots puguem aportar el nostre granet de sorra en aquesta lluita per salvar el planeta. ESCOLTEU-LOS!<\/p>\n<div class=\"ast-oembed-container \" style=\"height: 100%;\"><iframe loading=\"lazy\" title=\"IV Marat\u00f3 d&#039;estalvi energ\u00e8tic -Enllumenat-\" width=\"500\" height=\"281\" src=\"https:\/\/www.youtube.com\/embed\/aSpXBllNdis?feature=oembed\" frameborder=\"0\" allow=\"accelerometer; autoplay; clipboard-write; encrypted-media; gyroscope; picture-in-picture; web-share\" referrerpolicy=\"strict-origin-when-cross-origin\" allowfullscreen><\/iframe><\/div>\n<p>&nbsp;<\/p>\n<p>I vosaltres? Ens voleu enviar el vostre consell? Som-hi, l\u2019esperem.<\/p>\n<p>&nbsp;<\/p>\n<p>Tamb\u00e9 hem donat resposta a dues preguntes relacionades amb l\u2019energia:<\/p>\n<ul>\n<li>1-Quants aparells amb connexi\u00f3 el\u00e8ctrica teniu a classe? Quantes hores estan connectats?<br \/>\n<a href=\"https:\/\/agora.xtec.cat\/escolagaudisantboi\/wp-content\/uploads\/usu2030\/2021\/02\/Repte-1-Enllumenat-4tE.pdf\">Repte 1 Enllumenat 4tE<\/a><\/li>\n<li>2-Podeu treballar amb llum natural a la vostra classe? Quantes hores?<\/li>\n<li><a href=\"https:\/\/agora.xtec.cat\/escolagaudisantboi\/wp-content\/uploads\/usu2030\/2021\/02\/llum-natural-4tAD-2.pdf\">llum natural 4tAD<\/a><\/li>\n<\/ul>\n","protected":false},"excerpt":{"rendered":"<p>Les i els alumnes de 4t hem estat treballant aquesta 1a setmana de febrer sobre l\u2019estalvi energ\u00e8tic. Hem recordat aspectes molt simples com fer servir m\u00e9s la llum solar i apagar sempre que no calguin els llums. Tamb\u00e9 sabem que \u00e9s m\u00e9s sa per nosaltres i pel planeta pujar i baixar per les escales en [&hellip;]<\/p>\n","protected":false},"author":10,"featured_media":4792,"comment_status":"open","ping_status":"closed","sticky":false,"template":"","format":"standard","meta":{"_bbp_topic_count":0,"_bbp_reply_count":0,"_bbp_total_topic_count":0,"_bbp_total_reply_count":0,"_bbp_voice_count":0,"_bbp_anonymous_reply_count":0,"_bbp_topic_count_hidden":0,"_bbp_reply_count_hidden":0,"_bbp_forum_subforum_count":0,"site-sidebar-layout":"default","site-content-layout":"","ast-site-content-layout":"","site-content-style":"default","site-sidebar-style":"default","ast-global-header-display":"","ast-banner-title-visibility":"","ast-main-header-display":"","ast-hfb-above-header-display":"","ast-hfb-below-header-display":"","ast-hfb-mobile-header-display":"","site-post-title":"","ast-breadcrumbs-content":"","ast-featured-img":"","footer-sml-layout":"","theme-transparent-header-meta":"","adv-header-id-meta":"","stick-header-meta":"","header-above-stick-meta":"","header-main-stick-meta":"","header-below-stick-meta":"","astra-migrate-meta-layouts":"default","ast-page-background-enabled":"default","ast-page-background-meta":{"desktop":{"background-color":"var(--ast-global-color-4)","background-image":"","background-repeat":"repeat","background-position":"center center","background-size":"auto","background-attachment":"scroll","background-type":"","background-media":"","overlay-type":"","overlay-color":"","overlay-opacity":"","overlay-gradient":""},"tablet":{"background-color":"","background-image":"","background-repeat":"repeat","background-position":"center center","background-size":"auto","background-attachment":"scroll","background-type":"","background-media":"","overlay-type":"","overlay-color":"","overlay-opacity":"","overlay-gradient":""},"mobile":{"background-color":"","background-image":"","background-repeat":"repeat","background-position":"center center","background-size":"auto","background-attachment":"scroll","background-type":"","background-media":"","overlay-type":"","overlay-color":"","overlay-opacity":"","overlay-gradient":""}},"ast-content-background-meta":{"desktop":{"background-color":"var(--ast-global-color-5)","background-image":"","background-repeat":"repeat","background-position":"center center","background-size":"auto","background-attachment":"scroll","background-type":"","background-media":"","overlay-type":"","overlay-color":"","overlay-opacity":"","overlay-gradient":""},"tablet":{"background-color":"var(--ast-global-color-5)","background-image":"","background-repeat":"repeat","background-position":"center center","background-size":"auto","background-attachment":"scroll","background-type":"","background-media":"","overlay-type":"","overlay-color":"","overlay-opacity":"","overlay-gradient":""},"mobile":{"background-color":"var(--ast-global-color-5)","background-image":"","background-repeat":"repeat","background-position":"center center","background-size":"auto","background-attachment":"scroll","background-type":"","background-media":"","overlay-type":"","overlay-color":"","overlay-opacity":"","overlay-gradient":""}},"footnotes":""},"categories":[13,163,1,162,4,5],"tags":[148,89,149],"class_list":["post-4784","post","type-post","status-publish","format-standard","has-post-thumbnail","hentry","category-4t","category-50x50","category-general","category-mediambient","category-portada","category-primaria","tag-4t","tag-cicle-mitja","tag-medi-ambient"],"post_mailing_queue_ids":[],"_links":{"self":[{"href":"https:\/\/agora.xtec.cat\/escolagaudisantboi\/wp-json\/wp\/v2\/posts\/4784","targetHints":{"allow":["GET"]}}],"collection":[{"href":"https:\/\/agora.xtec.cat\/escolagaudisantboi\/wp-json\/wp\/v2\/posts"}],"about":[{"href":"https:\/\/agora.xtec.cat\/escolagaudisantboi\/wp-json\/wp\/v2\/types\/post"}],"author":[{"embeddable":true,"href":"https:\/\/agora.xtec.cat\/escolagaudisantboi\/wp-json\/wp\/v2\/users\/10"}],"replies":[{"embeddable":true,"href":"https:\/\/agora.xtec.cat\/escolagaudisantboi\/wp-json\/wp\/v2\/comments?post=4784"}],"version-history":[{"count":3,"href":"https:\/\/agora.xtec.cat\/escolagaudisantboi\/wp-json\/wp\/v2\/posts\/4784\/revisions"}],"predecessor-version":[{"id":4794,"href":"https:\/\/agora.xtec.cat\/escolagaudisantboi\/wp-json\/wp\/v2\/posts\/4784\/revisions\/4794"}],"wp:featuredmedia":[{"embeddable":true,"href":"https:\/\/agora.xtec.cat\/escolagaudisantboi\/wp-json\/wp\/v2\/media\/4792"}],"wp:attachment":[{"href":"https:\/\/agora.xtec.cat\/escolagaudisantboi\/wp-json\/wp\/v2\/media?parent=4784"}],"wp:term":[{"taxonomy":"category","embeddable":true,"href":"https:\/\/agora.xtec.cat\/escolagaudisantboi\/wp-json\/wp\/v2\/categories?post=4784"},{"taxonomy":"post_tag","embeddable":true,"href":"https:\/\/agora.xtec.cat\/escolagaudisantboi\/wp-json\/wp\/v2\/tags?post=4784"}],"curies":[{"name":"wp","href":"https:\/\/api.w.org\/{rel}","templated":true}]}}