{"id":4779,"date":"2021-02-04T11:06:00","date_gmt":"2021-02-04T10:06:00","guid":{"rendered":"https:\/\/agora.xtec.cat\/escolagaudisantboi\/?p=4779"},"modified":"2021-02-04T11:23:37","modified_gmt":"2021-02-04T10:23:37","slug":"gaudiari-desembre-2020","status":"publish","type":"post","link":"https:\/\/agora.xtec.cat\/escolagaudisantboi\/general\/gaudiari-desembre-2020\/","title":{"rendered":"GauDiari 53 Desembre 2020"},"content":{"rendered":"<p><b>D\u2019un temps que ser\u00e0 el nostre\u2026D\u2019un temps que \u00e9s el nostre&#8230;<\/b><\/p>\n<p><b>Cronos, <\/b><span style=\"font-weight: 400;\">el D\u00e9u del Temps, segons la mitologia grega, \u00e9s el temps que passa, el temps que mesurem, gestionem, organitzem. Quants cops ens hem dit o haurem sentit: \u201cvinga de pressa\u201d, \u201ccorre que no tenim temps\u201d, \u201canem r\u00e0pid que fem tard\u201d&#8230;, \u00e9s Cronos qui ens parla. Per\u00f2 tamb\u00e9 haurem dit o sentit: \u201camb calma si vols fer-ho b\u00e9\u201d, \u201cfes-ho a poc a poc, amb consci\u00e8ncia\u201d, \u201cviu el present\u201d, dirigits per <\/span><b>Kair\u00f3s<\/b><span style=\"font-weight: 400;\">, que <\/span><span style=\"font-weight: 400;\">representa el moment adequat, el temps que necessiten les coses,\u00a0 <\/span><span style=\"font-weight: 400;\">el temps que vivim, el present, el m\u00e9s real.<\/span><\/p>\n<p><span style=\"font-weight: 400;\">Podem dir que hi ha un <\/span><b>temps exterior<\/b><span style=\"font-weight: 400;\"> i un <\/span><b>temps interior<\/b><span style=\"font-weight: 400;\"> que fa que tinguem una diferent percepci\u00f3 del temps, per uns un mateix moment pot ser etern i per altres pot\u00a0 \u00a0 ser ef\u00edmer. I sin\u00f3 preguntem-li a Einstein, que entre els seus somnis va descobrir que <\/span><b>el temps \u00e9s relatiu<\/b><span style=\"font-weight: 400;\">. Passa igual per tothom per\u00f2 el percebem diferent. \u201c<\/span><b>Tu tens el rellotge, jo tinc el temps\u201d<\/b><span style=\"font-weight: 400;\">, diu un Tuareg, un home blau del desert del S\u00e0hara. Per fer-nos pensar.<\/span><\/p>\n<p><span style=\"font-weight: 400;\">El<\/span><b> temps de<\/b> <b>Covid<\/b><span style=\"font-weight: 400;\"> \u00e9s una viv\u00e8ncia que ens ho ha fet plantejar, hi ha moments que la vida externa s\u2019ha aturat i ha semblat que el temps s&#8217;aturava tamb\u00e9. Hem tingut m\u00e9s temps? Hem descobert una altra mesura del temps? Ens hem preguntat si una altra manera de viure \u00e9s possible? Vivint una vida m\u00e9s lenta el temps passa m\u00e9s r\u00e0pid o m\u00e9s lent? Hem reafirmat la necessitat de temps social? Hem apr\u00e8s a valorar la llibertat? Qu\u00e8 n\u2019hem apr\u00e8s d\u2019aquest temps? Qu\u00e8 n\u2019estem aprenent? Quines coses imaginem? Qu\u00e8 hem de fer per millorar el m\u00f3n? Hem perdut temps? Podem guanyar temps? Quant\u00a0 durar\u00e0 el temps de covid?&#8230;Com diu l\u2019estimat i recordat Pau Don\u00e9s, de Jarabe de Palo, a la seva can\u00e7\u00f3 \u201cTiempo\u201d<\/span><b> \u201cel tiempo dura lo que dura el tiempo, curioso elemento el tiempo\u201d<\/b><\/p>\n<p><span style=\"font-weight: 400;\">A l\u2019escola tenim clar que volem viure i prendre consci\u00e8ncia del present perqu\u00e8 <\/span><b>Passat i Futur construeixen el Present<\/b><span style=\"font-weight: 400;\">. Segons David Bueno, neurocient\u00edfic i expert en com aprenem, \u201cla mem\u00f2ria i la imaginaci\u00f3 es relacionen per construir llenguatge, aprenentatge i entendre la realitat.\u201d Amb els nens i nenes ens donarem temps d\u2019aprendre, de recordar, d\u2019imaginar, de saber, de jugar, de compartir, d\u2019estimar&#8230;temps d\u2019aprendre sobre un Temps que ja \u00e9s el nostre Temps, que ser\u00e0 el nostre Temps i que haurem d\u2019<\/span><b>aprendre a surfejar.<\/b><\/p>\n<p><span style=\"font-weight: 400;\">I ara ve el Temps de Nadal,\u00a0 temps de fam\u00edlia amb els fills, temps per tenir temps per estar, temps per gaudir del temps. Aquest Nadal <\/span><b>regalem-nos TEMPS. <\/b><span style=\"font-weight: 400;\">\u00a0<\/span><\/p>\n<p><span style=\"font-weight: 400;\">Que el proper any sigui un <\/span><b>MILLOR ANY <\/b><span style=\"font-weight: 400;\">i<\/span> <span style=\"font-weight: 400;\">que <\/span><b>el nostre fragment de temps que \u00e9s la nostra vida sigui ple de moments feli\u00e7os!<\/b><\/p>\n<div data-url=\"https:\/\/issuu.com\/webgaudi\/docs\/gaudiari_des_2020\" style=\"width: 500px; height: 354px;\" class=\"issuuembed\"><\/div>\n<p><script type=\"text\/javascript\" src=\"\/\/e.issuu.com\/embed.js\" async=\"true\"><\/script><\/p>\n","protected":false},"excerpt":{"rendered":"<p>D\u2019un temps que ser\u00e0 el nostre\u2026D\u2019un temps que \u00e9s el nostre&#8230; Cronos, el D\u00e9u del Temps, segons la mitologia grega, \u00e9s el temps que passa, el temps que mesurem, gestionem, organitzem. Quants cops ens hem dit o haurem sentit: \u201cvinga de pressa\u201d, \u201ccorre que no tenim temps\u201d, \u201canem r\u00e0pid que fem tard\u201d&#8230;, \u00e9s Cronos qui [&hellip;]<\/p>\n","protected":false},"author":9,"featured_media":3517,"comment_status":"open","ping_status":"closed","sticky":false,"template":"","format":"standard","meta":{"_bbp_topic_count":0,"_bbp_reply_count":0,"_bbp_total_topic_count":0,"_bbp_total_reply_count":0,"_bbp_voice_count":0,"_bbp_anonymous_reply_count":0,"_bbp_topic_count_hidden":0,"_bbp_reply_count_hidden":0,"_bbp_forum_subforum_count":0,"site-sidebar-layout":"default","site-content-layout":"","ast-site-content-layout":"","site-content-style":"default","site-sidebar-style":"default","ast-global-header-display":"","ast-banner-title-visibility":"","ast-main-header-display":"","ast-hfb-above-header-display":"","ast-hfb-below-header-display":"","ast-hfb-mobile-header-display":"","site-post-title":"","ast-breadcrumbs-content":"","ast-featured-img":"","footer-sml-layout":"","theme-transparent-header-meta":"","adv-header-id-meta":"","stick-header-meta":"","header-above-stick-meta":"","header-main-stick-meta":"","header-below-stick-meta":"","astra-migrate-meta-layouts":"default","ast-page-background-enabled":"default","ast-page-background-meta":{"desktop":{"background-color":"var(--ast-global-color-4)","background-image":"","background-repeat":"repeat","background-position":"center center","background-size":"auto","background-attachment":"scroll","background-type":"","background-media":"","overlay-type":"","overlay-color":"","overlay-opacity":"","overlay-gradient":""},"tablet":{"background-color":"","background-image":"","background-repeat":"repeat","background-position":"center center","background-size":"auto","background-attachment":"scroll","background-type":"","background-media":"","overlay-type":"","overlay-color":"","overlay-opacity":"","overlay-gradient":""},"mobile":{"background-color":"","background-image":"","background-repeat":"repeat","background-position":"center center","background-size":"auto","background-attachment":"scroll","background-type":"","background-media":"","overlay-type":"","overlay-color":"","overlay-opacity":"","overlay-gradient":""}},"ast-content-background-meta":{"desktop":{"background-color":"var(--ast-global-color-5)","background-image":"","background-repeat":"repeat","background-position":"center center","background-size":"auto","background-attachment":"scroll","background-type":"","background-media":"","overlay-type":"","overlay-color":"","overlay-opacity":"","overlay-gradient":""},"tablet":{"background-color":"var(--ast-global-color-5)","background-image":"","background-repeat":"repeat","background-position":"center center","background-size":"auto","background-attachment":"scroll","background-type":"","background-media":"","overlay-type":"","overlay-color":"","overlay-opacity":"","overlay-gradient":""},"mobile":{"background-color":"var(--ast-global-color-5)","background-image":"","background-repeat":"repeat","background-position":"center center","background-size":"auto","background-attachment":"scroll","background-type":"","background-media":"","overlay-type":"","overlay-color":"","overlay-opacity":"","overlay-gradient":""}},"footnotes":""},"categories":[136,1,2,4,5,118],"tags":[141,109,140,108,148,63,88,89,90,93,137,154,155,126],"class_list":["post-4779","post","type-post","status-publish","format-standard","has-post-thumbnail","hentry","category-gaudiari","category-general","category-infantil","category-portada","category-primaria","category-projecte-global","tag-6e","tag-1r","tag-2n","tag-3r","tag-4t","tag-5e","tag-cicle-inicial","tag-cicle-mitja","tag-cicle-superior","tag-educacio-infantil","tag-gaudiari","tag-p4","tag-p5","tag-projecte"],"post_mailing_queue_ids":[],"_links":{"self":[{"href":"https:\/\/agora.xtec.cat\/escolagaudisantboi\/wp-json\/wp\/v2\/posts\/4779","targetHints":{"allow":["GET"]}}],"collection":[{"href":"https:\/\/agora.xtec.cat\/escolagaudisantboi\/wp-json\/wp\/v2\/posts"}],"about":[{"href":"https:\/\/agora.xtec.cat\/escolagaudisantboi\/wp-json\/wp\/v2\/types\/post"}],"author":[{"embeddable":true,"href":"https:\/\/agora.xtec.cat\/escolagaudisantboi\/wp-json\/wp\/v2\/users\/9"}],"replies":[{"embeddable":true,"href":"https:\/\/agora.xtec.cat\/escolagaudisantboi\/wp-json\/wp\/v2\/comments?post=4779"}],"version-history":[{"count":3,"href":"https:\/\/agora.xtec.cat\/escolagaudisantboi\/wp-json\/wp\/v2\/posts\/4779\/revisions"}],"predecessor-version":[{"id":4783,"href":"https:\/\/agora.xtec.cat\/escolagaudisantboi\/wp-json\/wp\/v2\/posts\/4779\/revisions\/4783"}],"wp:featuredmedia":[{"embeddable":true,"href":"https:\/\/agora.xtec.cat\/escolagaudisantboi\/wp-json\/wp\/v2\/media\/3517"}],"wp:attachment":[{"href":"https:\/\/agora.xtec.cat\/escolagaudisantboi\/wp-json\/wp\/v2\/media?parent=4779"}],"wp:term":[{"taxonomy":"category","embeddable":true,"href":"https:\/\/agora.xtec.cat\/escolagaudisantboi\/wp-json\/wp\/v2\/categories?post=4779"},{"taxonomy":"post_tag","embeddable":true,"href":"https:\/\/agora.xtec.cat\/escolagaudisantboi\/wp-json\/wp\/v2\/tags?post=4779"}],"curies":[{"name":"wp","href":"https:\/\/api.w.org\/{rel}","templated":true}]}}