{"id":4626,"date":"2020-12-05T21:18:13","date_gmt":"2020-12-05T20:18:13","guid":{"rendered":"https:\/\/agora.xtec.cat\/escolagaudisantboi\/?p=4626"},"modified":"2021-02-28T20:22:36","modified_gmt":"2021-02-28T19:22:36","slug":"sabo-gaudi","status":"publish","type":"post","link":"https:\/\/agora.xtec.cat\/escolagaudisantboi\/general\/sabo-gaudi\/","title":{"rendered":"SAB\u00d3 GAUD\u00cd 2020"},"content":{"rendered":"<p>Bona tarda fam\u00edlies,<\/p>\n<p>Els nens i nenes de 6\u00e8, com cada any, estem fent el projecte <strong>&#8220;FEM SAB\u00d3&#8221;<\/strong>. Aquest any ens estem trobant amb alguns obstacles o dificultats per\u00f2 junts i amb il\u00b7lusi\u00f3 els estem SURFEJANT.<\/p>\n<p>Hem creat una COOPERATIVA amb l&#8217;objectiu de recaptar diners per anar tot 6\u00e8 a l&#8217;esquiada, s\u00f3n les nostres \u00faltimes col\u00f2nies junts!!<\/p>\n<p>Per dur a terme aquest projecte hem:<\/p>\n<ul>\n<li>Esbrinat qu\u00e8 \u00e9s una cooperativa.<\/li>\n<li>Dissenyat, votat i perfeccionat el nostre logotip.<\/li>\n<li>Treballat en equips cooperatius.<\/li>\n<li>Masterclass de sab\u00f3: hem apr\u00e8s a fer sab\u00f3 corporal.<\/li>\n<li>Fet assemblees dels dos grups de 6\u00e8 per prendre decisions democr\u00e0tiques.<\/li>\n<li>Calculat totes les despeses i ingressos de la nostra cooperativa.<\/li>\n<li>Dissenyat cartells i targetes publicit\u00e0ries.<\/li>\n<li>Apr\u00e8s a gestionar un compte de correu electr\u00f2nic.<\/li>\n<li>Fet recompte de tots els nostres sabons.<\/li>\n<li>Investigat sobre les propietats de cada sab\u00f3.<\/li>\n<li>i moltes coses m\u00e9s&#8230;.<\/li>\n<\/ul>\n<p>Aquest projecte ens est\u00e0 ensenyant a treballar en equip, a planificar i organitzar-se, a prendre decisions&#8230;.<\/p>\n<p>Les fam\u00edlies han estat un pilar important en el nostre projecte. Elles tamb\u00e9 s&#8217;han hagut d&#8217;organitzar i han fet un horari per venir a fer sab\u00f3 a l&#8217;escola. Ens estan ajudant molt!!!<\/p>\n<p>Hem fet molts tipus de sab\u00f3 100% artesanal i ara necessitem la vostra col\u00b7laboraci\u00f3. <strong>Com ens podeu ajudar?\u00a0<\/strong><\/p>\n<ul>\n<li>Comprant-nos sab\u00f3 a la paradeta que posarem a l&#8217;escola la setmana del 14 al 18 de desembre (us avisarem dels dies i l&#8217;horari).<\/li>\n<li>Fent-nos comandes a: <em><strong>femsabo@escolagaudisantboi.cat<\/strong><\/em><\/li>\n<li>Fent difusi\u00f3 del nostre v\u00eddeo o cartell publicitari a familiars, amics, ve\u00efns&#8230;.<\/li>\n<\/ul>\n<p>Moltes gr\u00e0cies fam\u00edlies!!<\/p>\n<div class=\"ast-oembed-container \" style=\"height: 100%;\"><iframe loading=\"lazy\" title=\"SAB\u00d3 GAUD\u00cd\" width=\"500\" height=\"281\" src=\"https:\/\/www.youtube.com\/embed\/15LwG0jMiPE?feature=oembed\" frameborder=\"0\" allow=\"accelerometer; autoplay; clipboard-write; encrypted-media; gyroscope; picture-in-picture; web-share\" referrerpolicy=\"strict-origin-when-cross-origin\" allowfullscreen><\/iframe><\/div>\n<p>Aqu\u00ed podeu veure tots els tipus de sabons que tenim disponibles i les seves propietats:<\/p>\n<p><a href=\"https:\/\/agora.xtec.cat\/escolagaudisantboi\/wp-content\/uploads\/usu2030\/2020\/12\/Propietats-dels-sabons.pdf\" target=\"_blank\" rel=\"noopener noreferrer\">Propietats dels sabons<\/a><\/p>\n<p>Aqu\u00ed pots descarregar el nostre cartell publicitari i enviar-ho a familiars i amics:<\/p>\n<p><a href=\"https:\/\/agora.xtec.cat\/escolagaudisantboi\/wp-content\/uploads\/usu2030\/2020\/12\/sab\u00f3-gaud\u00ed-1.pdf\">Cartell publicitari<\/a><\/p>\n<p><a href=\"https:\/\/agora.xtec.cat\/escolagaudisantboi\/wp-content\/uploads\/usu2030\/2020\/12\/logo_FSE.png\"><img loading=\"lazy\" decoding=\"async\" class=\"size-full wp-image-4672 alignnone\" src=\"https:\/\/agora.xtec.cat\/escolagaudisantboi\/wp-content\/uploads\/usu2030\/2020\/12\/logo_FSE.png\" alt=\"\" width=\"524\" height=\"69\" srcset=\"https:\/\/agora.xtec.cat\/escolagaudisantboi\/wp-content\/uploads\/usu2030\/2020\/12\/logo_FSE.png 524w, https:\/\/agora.xtec.cat\/escolagaudisantboi\/wp-content\/uploads\/usu2030\/2020\/12\/logo_FSE-300x40.png 300w\" sizes=\"auto, (max-width: 524px) 100vw, 524px\" \/><\/a><\/p>\n<p>Programa finan\u00e7at pel Ministeri d\u2019Educaci\u00f3 i Formaci\u00f3 Professional i cofinan\u00e7at pel Fons Social Europeu<\/p>\n","protected":false},"excerpt":{"rendered":"<p>Bona tarda fam\u00edlies, Els nens i nenes de 6\u00e8, com cada any, estem fent el projecte &#8220;FEM SAB\u00d3&#8221;. Aquest any ens estem trobant amb alguns obstacles o dificultats per\u00f2 junts i amb il\u00b7lusi\u00f3 els estem SURFEJANT. Hem creat una COOPERATIVA amb l&#8217;objectiu de recaptar diners per anar tot 6\u00e8 a l&#8217;esquiada, s\u00f3n les nostres \u00faltimes [&hellip;]<\/p>\n","protected":false},"author":1,"featured_media":4653,"comment_status":"open","ping_status":"closed","sticky":false,"template":"","format":"standard","meta":{"_bbp_topic_count":0,"_bbp_reply_count":0,"_bbp_total_topic_count":0,"_bbp_total_reply_count":0,"_bbp_voice_count":0,"_bbp_anonymous_reply_count":0,"_bbp_topic_count_hidden":0,"_bbp_reply_count_hidden":0,"_bbp_forum_subforum_count":0,"site-sidebar-layout":"default","site-content-layout":"","ast-site-content-layout":"","site-content-style":"default","site-sidebar-style":"default","ast-global-header-display":"","ast-banner-title-visibility":"","ast-main-header-display":"","ast-hfb-above-header-display":"","ast-hfb-below-header-display":"","ast-hfb-mobile-header-display":"","site-post-title":"","ast-breadcrumbs-content":"","ast-featured-img":"","footer-sml-layout":"","theme-transparent-header-meta":"","adv-header-id-meta":"","stick-header-meta":"","header-above-stick-meta":"","header-main-stick-meta":"","header-below-stick-meta":"","astra-migrate-meta-layouts":"default","ast-page-background-enabled":"default","ast-page-background-meta":{"desktop":{"background-color":"var(--ast-global-color-4)","background-image":"","background-repeat":"repeat","background-position":"center center","background-size":"auto","background-attachment":"scroll","background-type":"","background-media":"","overlay-type":"","overlay-color":"","overlay-opacity":"","overlay-gradient":""},"tablet":{"background-color":"","background-image":"","background-repeat":"repeat","background-position":"center center","background-size":"auto","background-attachment":"scroll","background-type":"","background-media":"","overlay-type":"","overlay-color":"","overlay-opacity":"","overlay-gradient":""},"mobile":{"background-color":"","background-image":"","background-repeat":"repeat","background-position":"center center","background-size":"auto","background-attachment":"scroll","background-type":"","background-media":"","overlay-type":"","overlay-color":"","overlay-opacity":"","overlay-gradient":""}},"ast-content-background-meta":{"desktop":{"background-color":"var(--ast-global-color-5)","background-image":"","background-repeat":"repeat","background-position":"center center","background-size":"auto","background-attachment":"scroll","background-type":"","background-media":"","overlay-type":"","overlay-color":"","overlay-opacity":"","overlay-gradient":""},"tablet":{"background-color":"var(--ast-global-color-5)","background-image":"","background-repeat":"repeat","background-position":"center center","background-size":"auto","background-attachment":"scroll","background-type":"","background-media":"","overlay-type":"","overlay-color":"","overlay-opacity":"","overlay-gradient":""},"mobile":{"background-color":"var(--ast-global-color-5)","background-image":"","background-repeat":"repeat","background-position":"center center","background-size":"auto","background-attachment":"scroll","background-type":"","background-media":"","overlay-type":"","overlay-color":"","overlay-opacity":"","overlay-gradient":""}},"footnotes":""},"categories":[138,1,4],"tags":[197,141,139,91,96],"class_list":["post-4626","post","type-post","status-publish","format-standard","has-post-thumbnail","hentry","category-projecte-sabo","category-general","category-portada","tag-poefa","tag-6e","tag-esquiada","tag-families","tag-sabo"],"post_mailing_queue_ids":[],"_links":{"self":[{"href":"https:\/\/agora.xtec.cat\/escolagaudisantboi\/wp-json\/wp\/v2\/posts\/4626","targetHints":{"allow":["GET"]}}],"collection":[{"href":"https:\/\/agora.xtec.cat\/escolagaudisantboi\/wp-json\/wp\/v2\/posts"}],"about":[{"href":"https:\/\/agora.xtec.cat\/escolagaudisantboi\/wp-json\/wp\/v2\/types\/post"}],"author":[{"embeddable":true,"href":"https:\/\/agora.xtec.cat\/escolagaudisantboi\/wp-json\/wp\/v2\/users\/1"}],"replies":[{"embeddable":true,"href":"https:\/\/agora.xtec.cat\/escolagaudisantboi\/wp-json\/wp\/v2\/comments?post=4626"}],"version-history":[{"count":4,"href":"https:\/\/agora.xtec.cat\/escolagaudisantboi\/wp-json\/wp\/v2\/posts\/4626\/revisions"}],"predecessor-version":[{"id":4900,"href":"https:\/\/agora.xtec.cat\/escolagaudisantboi\/wp-json\/wp\/v2\/posts\/4626\/revisions\/4900"}],"wp:featuredmedia":[{"embeddable":true,"href":"https:\/\/agora.xtec.cat\/escolagaudisantboi\/wp-json\/wp\/v2\/media\/4653"}],"wp:attachment":[{"href":"https:\/\/agora.xtec.cat\/escolagaudisantboi\/wp-json\/wp\/v2\/media?parent=4626"}],"wp:term":[{"taxonomy":"category","embeddable":true,"href":"https:\/\/agora.xtec.cat\/escolagaudisantboi\/wp-json\/wp\/v2\/categories?post=4626"},{"taxonomy":"post_tag","embeddable":true,"href":"https:\/\/agora.xtec.cat\/escolagaudisantboi\/wp-json\/wp\/v2\/tags?post=4626"}],"curies":[{"name":"wp","href":"https:\/\/api.w.org\/{rel}","templated":true}]}}