{"id":4537,"date":"2020-11-16T10:03:07","date_gmt":"2020-11-16T09:03:07","guid":{"rendered":"https:\/\/agora.xtec.cat\/escolagaudisantboi\/?p=4537"},"modified":"2020-11-16T10:03:07","modified_gmt":"2020-11-16T09:03:07","slug":"castanyada-2020","status":"publish","type":"post","link":"https:\/\/agora.xtec.cat\/escolagaudisantboi\/general\/castanyada-2020\/","title":{"rendered":"Castanyada 2020"},"content":{"rendered":"<p>I s&#8217;apropava la Castanyada&#8230; i ho vol\u00edem celebrar&#8230; i vol\u00edem fer-ho tot: menjar castanyes, fer panellets, disfressar moniatos&#8230; I ho vam fer!<\/p>\n<p>Quins artistes disfressant moniatos! Cada infant va fer el seu moniato amb el disseny que van fer a casa i han quedat preciosos!!<\/p>\n<p>Els m\u00e9s petits van treballar la tardor! I ben b\u00e9 que s&#8217;ho van passar!<\/p>\n<p>El dia de la Castanyada vam fer unes actuacions a la pista i vam tenir unes altres classes de p\u00fablic. En aquest v\u00eddeo podreu veure les nostres actuacions!<\/p>\n<p>Vam menjar castanyes a la classe i alguns grups van aprofitar per veure pel\u00b7l\u00edcules de por! Altres van fer festa a l&#8217;aula i tots ens ho vam passar molt b\u00e9! 6\u00e8 E es va haver de quedar a casa confinats per\u00f2 van fer una videoconfer\u00e8ncia ben terror\u00edfica!!!!<\/p>\n<p>Aquest curs ho hem hagut de fer diferent i fer els panellets a casa. Moltes gr\u00e0cies fam\u00edlies per les fotos que ens heu fet arribar! Quins panellets! Quina pinta que tenen!! Quins cuiners que tenim al Gaud\u00ed!!! I quines fotos m\u00e9s terror\u00edfiques del Halloween!! Aviat les penjarem!<\/p>\n<p>L&#8217;any vinent ho tornarem a celebrar tots junts! Gaudiu dels v\u00eddeos!!!<\/p>\n<div class=\"ast-oembed-container \" style=\"height: 100%;\"><iframe loading=\"lazy\" title=\"Castanyada 2020\" width=\"500\" height=\"281\" src=\"https:\/\/www.youtube.com\/embed\/1RsFf6LY9fg?feature=oembed\" frameborder=\"0\" allow=\"accelerometer; autoplay; clipboard-write; encrypted-media; gyroscope; picture-in-picture; web-share\" referrerpolicy=\"strict-origin-when-cross-origin\" allowfullscreen><\/iframe><\/div>\n","protected":false},"excerpt":{"rendered":"<p>I s&#8217;apropava la Castanyada&#8230; i ho vol\u00edem celebrar&#8230; i vol\u00edem fer-ho tot: menjar castanyes, fer panellets, disfressar moniatos&#8230; I ho vam fer! Quins artistes disfressant moniatos! Cada infant va fer el seu moniato amb el disseny que van fer a casa i han quedat preciosos!! Els m\u00e9s petits van treballar la tardor! I ben b\u00e9 [&hellip;]<\/p>\n","protected":false},"author":9,"featured_media":4555,"comment_status":"open","ping_status":"closed","sticky":false,"template":"","format":"standard","meta":{"_bbp_topic_count":0,"_bbp_reply_count":0,"_bbp_total_topic_count":0,"_bbp_total_reply_count":0,"_bbp_voice_count":0,"_bbp_anonymous_reply_count":0,"_bbp_topic_count_hidden":0,"_bbp_reply_count_hidden":0,"_bbp_forum_subforum_count":0,"site-sidebar-layout":"default","site-content-layout":"","ast-site-content-layout":"","site-content-style":"default","site-sidebar-style":"default","ast-global-header-display":"","ast-banner-title-visibility":"","ast-main-header-display":"","ast-hfb-above-header-display":"","ast-hfb-below-header-display":"","ast-hfb-mobile-header-display":"","site-post-title":"","ast-breadcrumbs-content":"","ast-featured-img":"","footer-sml-layout":"","theme-transparent-header-meta":"","adv-header-id-meta":"","stick-header-meta":"","header-above-stick-meta":"","header-main-stick-meta":"","header-below-stick-meta":"","astra-migrate-meta-layouts":"default","ast-page-background-enabled":"default","ast-page-background-meta":{"desktop":{"background-color":"var(--ast-global-color-4)","background-image":"","background-repeat":"repeat","background-position":"center center","background-size":"auto","background-attachment":"scroll","background-type":"","background-media":"","overlay-type":"","overlay-color":"","overlay-opacity":"","overlay-gradient":""},"tablet":{"background-color":"","background-image":"","background-repeat":"repeat","background-position":"center center","background-size":"auto","background-attachment":"scroll","background-type":"","background-media":"","overlay-type":"","overlay-color":"","overlay-opacity":"","overlay-gradient":""},"mobile":{"background-color":"","background-image":"","background-repeat":"repeat","background-position":"center center","background-size":"auto","background-attachment":"scroll","background-type":"","background-media":"","overlay-type":"","overlay-color":"","overlay-opacity":"","overlay-gradient":""}},"ast-content-background-meta":{"desktop":{"background-color":"var(--ast-global-color-5)","background-image":"","background-repeat":"repeat","background-position":"center center","background-size":"auto","background-attachment":"scroll","background-type":"","background-media":"","overlay-type":"","overlay-color":"","overlay-opacity":"","overlay-gradient":""},"tablet":{"background-color":"var(--ast-global-color-5)","background-image":"","background-repeat":"repeat","background-position":"center center","background-size":"auto","background-attachment":"scroll","background-type":"","background-media":"","overlay-type":"","overlay-color":"","overlay-opacity":"","overlay-gradient":""},"mobile":{"background-color":"var(--ast-global-color-5)","background-image":"","background-repeat":"repeat","background-position":"center center","background-size":"auto","background-attachment":"scroll","background-type":"","background-media":"","overlay-type":"","overlay-color":"","overlay-opacity":"","overlay-gradient":""}},"footnotes":""},"categories":[10,11,12,13,14,15,75,1,3,9,2,8,4,5],"tags":[141,109,140,108,148,63,135,88,89,90,93,68,154,155],"class_list":["post-4537","post","type-post","status-publish","format-standard","has-post-thumbnail","hentry","category-1r","category-2n","category-3r","category-4t","category-5e","category-6e","category-festes-populars","category-general","category-i3","category-i5","category-infantil","category-p4","category-portada","category-primaria","tag-6e","tag-1r","tag-2n","tag-3r","tag-4t","tag-5e","tag-castanyada","tag-cicle-inicial","tag-cicle-mitja","tag-cicle-superior","tag-educacio-infantil","tag-festes","tag-p4","tag-p5"],"post_mailing_queue_ids":[],"_links":{"self":[{"href":"https:\/\/agora.xtec.cat\/escolagaudisantboi\/wp-json\/wp\/v2\/posts\/4537","targetHints":{"allow":["GET"]}}],"collection":[{"href":"https:\/\/agora.xtec.cat\/escolagaudisantboi\/wp-json\/wp\/v2\/posts"}],"about":[{"href":"https:\/\/agora.xtec.cat\/escolagaudisantboi\/wp-json\/wp\/v2\/types\/post"}],"author":[{"embeddable":true,"href":"https:\/\/agora.xtec.cat\/escolagaudisantboi\/wp-json\/wp\/v2\/users\/9"}],"replies":[{"embeddable":true,"href":"https:\/\/agora.xtec.cat\/escolagaudisantboi\/wp-json\/wp\/v2\/comments?post=4537"}],"version-history":[{"count":3,"href":"https:\/\/agora.xtec.cat\/escolagaudisantboi\/wp-json\/wp\/v2\/posts\/4537\/revisions"}],"predecessor-version":[{"id":4556,"href":"https:\/\/agora.xtec.cat\/escolagaudisantboi\/wp-json\/wp\/v2\/posts\/4537\/revisions\/4556"}],"wp:featuredmedia":[{"embeddable":true,"href":"https:\/\/agora.xtec.cat\/escolagaudisantboi\/wp-json\/wp\/v2\/media\/4555"}],"wp:attachment":[{"href":"https:\/\/agora.xtec.cat\/escolagaudisantboi\/wp-json\/wp\/v2\/media?parent=4537"}],"wp:term":[{"taxonomy":"category","embeddable":true,"href":"https:\/\/agora.xtec.cat\/escolagaudisantboi\/wp-json\/wp\/v2\/categories?post=4537"},{"taxonomy":"post_tag","embeddable":true,"href":"https:\/\/agora.xtec.cat\/escolagaudisantboi\/wp-json\/wp\/v2\/tags?post=4537"}],"curies":[{"name":"wp","href":"https:\/\/api.w.org\/{rel}","templated":true}]}}