{"id":4382,"date":"2020-10-21T17:23:57","date_gmt":"2020-10-21T15:23:57","guid":{"rendered":"https:\/\/agora.xtec.cat\/escolagaudisantboi\/?p=4382"},"modified":"2020-10-21T18:13:09","modified_gmt":"2020-10-21T16:13:09","slug":"som-la-classe-de-6e-e","status":"publish","type":"post","link":"https:\/\/agora.xtec.cat\/escolagaudisantboi\/portada\/som-la-classe-de-6e-e\/","title":{"rendered":"Som la classe de 6\u00e8 E"},"content":{"rendered":"<p><a href=\"https:\/\/agora.xtec.cat\/escolagaudisantboi\/wp-content\/uploads\/usu2030\/2020\/10\/Grup2-2.jpg\"><img loading=\"lazy\" decoding=\"async\" class=\"alignnone size-large wp-image-4383\" src=\"https:\/\/agora.xtec.cat\/escolagaudisantboi\/wp-content\/uploads\/usu2030\/2020\/10\/Grup2-2-1024x597.jpg\" alt=\"\" width=\"1024\" height=\"597\" srcset=\"https:\/\/agora.xtec.cat\/escolagaudisantboi\/wp-content\/uploads\/usu2030\/2020\/10\/Grup2-2-1024x597.jpg 1024w, https:\/\/agora.xtec.cat\/escolagaudisantboi\/wp-content\/uploads\/usu2030\/2020\/10\/Grup2-2-300x175.jpg 300w, https:\/\/agora.xtec.cat\/escolagaudisantboi\/wp-content\/uploads\/usu2030\/2020\/10\/Grup2-2-768x447.jpg 768w\" sizes=\"auto, (max-width: 1024px) 100vw, 1024px\" \/><\/a><\/p>\n<p><strong><u>COMENCEM EL NOSTRE VIATGE A 6\u00e8 E!<\/u><\/strong><\/p>\n<p>Hola fam\u00edlia del Gaud\u00ed!<\/p>\n<p>Som els nens i nenes de 6\u00e8 E. Som un grup amb 12 nens i 13 nenes.<\/p>\n<p>Aquest any hem comen\u00e7at obrint una maleta plena de jocs i reptes per aquest viatge. Tornem a tenir a l\u2019Elisenda com tutora i estem molt contents i contentes.<\/p>\n<p>Sabeu qu\u00e8? El primer dia est\u00e0vem nerviosos i alegres de tornar a l\u2019escola despr\u00e9s de mig any.<\/p>\n<p>Sabem que aquest curs ser\u00e0 diferent per\u00f2 esperem que la situaci\u00f3 es normalitzi poc a poc. Sigui com sigui tenim moltes ganes de fer sortides, de marxar de col\u00f2nies, d\u2019anar sense mascareta, d\u2019aprendre noves coses, de passar-ho genial tots junts com a colla pessigolla i de riure molt.<\/p>\n<p>Volem exprimir al m\u00e0xim aquest any ja que \u00e9s l\u2019\u00faltim per a nosaltres a l\u2019escola. Sabem que som els m\u00e9s grans i hem de ser responsables sense deixar de ser divertits!<\/p>\n<p>Molts petons i abra\u00e7ades. Fins aviat.<\/p>\n<p>Molta sort i \u00e0nims!<\/p>\n<p>6\u00e8 E (colla pessigolla)<\/p>\n","protected":false},"excerpt":{"rendered":"<p>COMENCEM EL NOSTRE VIATGE A 6\u00e8 E! Hola fam\u00edlia del Gaud\u00ed! Som els nens i nenes de 6\u00e8 E. Som un grup amb 12 nens i 13 nenes. Aquest any hem comen\u00e7at obrint una maleta plena de jocs i reptes per aquest viatge. Tornem a tenir a l\u2019Elisenda com tutora i estem molt contents i [&hellip;]<\/p>\n","protected":false},"author":1,"featured_media":4383,"comment_status":"open","ping_status":"closed","sticky":false,"template":"","format":"standard","meta":{"_bbp_topic_count":0,"_bbp_reply_count":0,"_bbp_total_topic_count":0,"_bbp_total_reply_count":0,"_bbp_voice_count":0,"_bbp_anonymous_reply_count":0,"_bbp_topic_count_hidden":0,"_bbp_reply_count_hidden":0,"_bbp_forum_subforum_count":0,"site-sidebar-layout":"default","site-content-layout":"","ast-site-content-layout":"","site-content-style":"default","site-sidebar-style":"default","ast-global-header-display":"","ast-banner-title-visibility":"","ast-main-header-display":"","ast-hfb-above-header-display":"","ast-hfb-below-header-display":"","ast-hfb-mobile-header-display":"","site-post-title":"","ast-breadcrumbs-content":"","ast-featured-img":"","footer-sml-layout":"","theme-transparent-header-meta":"","adv-header-id-meta":"","stick-header-meta":"","header-above-stick-meta":"","header-main-stick-meta":"","header-below-stick-meta":"","astra-migrate-meta-layouts":"default","ast-page-background-enabled":"default","ast-page-background-meta":{"desktop":{"background-color":"var(--ast-global-color-4)","background-image":"","background-repeat":"repeat","background-position":"center center","background-size":"auto","background-attachment":"scroll","background-type":"","background-media":"","overlay-type":"","overlay-color":"","overlay-opacity":"","overlay-gradient":""},"tablet":{"background-color":"","background-image":"","background-repeat":"repeat","background-position":"center center","background-size":"auto","background-attachment":"scroll","background-type":"","background-media":"","overlay-type":"","overlay-color":"","overlay-opacity":"","overlay-gradient":""},"mobile":{"background-color":"","background-image":"","background-repeat":"repeat","background-position":"center center","background-size":"auto","background-attachment":"scroll","background-type":"","background-media":"","overlay-type":"","overlay-color":"","overlay-opacity":"","overlay-gradient":""}},"ast-content-background-meta":{"desktop":{"background-color":"var(--ast-global-color-5)","background-image":"","background-repeat":"repeat","background-position":"center center","background-size":"auto","background-attachment":"scroll","background-type":"","background-media":"","overlay-type":"","overlay-color":"","overlay-opacity":"","overlay-gradient":""},"tablet":{"background-color":"var(--ast-global-color-5)","background-image":"","background-repeat":"repeat","background-position":"center center","background-size":"auto","background-attachment":"scroll","background-type":"","background-media":"","overlay-type":"","overlay-color":"","overlay-opacity":"","overlay-gradient":""},"mobile":{"background-color":"var(--ast-global-color-5)","background-image":"","background-repeat":"repeat","background-position":"center center","background-size":"auto","background-attachment":"scroll","background-type":"","background-media":"","overlay-type":"","overlay-color":"","overlay-opacity":"","overlay-gradient":""}},"footnotes":""},"categories":[15,4,5],"tags":[134],"class_list":["post-4382","post","type-post","status-publish","format-standard","has-post-thumbnail","hentry","category-6e","category-portada","category-primaria","tag-presentacio"],"post_mailing_queue_ids":[],"_links":{"self":[{"href":"https:\/\/agora.xtec.cat\/escolagaudisantboi\/wp-json\/wp\/v2\/posts\/4382","targetHints":{"allow":["GET"]}}],"collection":[{"href":"https:\/\/agora.xtec.cat\/escolagaudisantboi\/wp-json\/wp\/v2\/posts"}],"about":[{"href":"https:\/\/agora.xtec.cat\/escolagaudisantboi\/wp-json\/wp\/v2\/types\/post"}],"author":[{"embeddable":true,"href":"https:\/\/agora.xtec.cat\/escolagaudisantboi\/wp-json\/wp\/v2\/users\/1"}],"replies":[{"embeddable":true,"href":"https:\/\/agora.xtec.cat\/escolagaudisantboi\/wp-json\/wp\/v2\/comments?post=4382"}],"version-history":[{"count":2,"href":"https:\/\/agora.xtec.cat\/escolagaudisantboi\/wp-json\/wp\/v2\/posts\/4382\/revisions"}],"predecessor-version":[{"id":4385,"href":"https:\/\/agora.xtec.cat\/escolagaudisantboi\/wp-json\/wp\/v2\/posts\/4382\/revisions\/4385"}],"wp:featuredmedia":[{"embeddable":true,"href":"https:\/\/agora.xtec.cat\/escolagaudisantboi\/wp-json\/wp\/v2\/media\/4383"}],"wp:attachment":[{"href":"https:\/\/agora.xtec.cat\/escolagaudisantboi\/wp-json\/wp\/v2\/media?parent=4382"}],"wp:term":[{"taxonomy":"category","embeddable":true,"href":"https:\/\/agora.xtec.cat\/escolagaudisantboi\/wp-json\/wp\/v2\/categories?post=4382"},{"taxonomy":"post_tag","embeddable":true,"href":"https:\/\/agora.xtec.cat\/escolagaudisantboi\/wp-json\/wp\/v2\/tags?post=4382"}],"curies":[{"name":"wp","href":"https:\/\/api.w.org\/{rel}","templated":true}]}}