{"id":4284,"date":"2020-10-07T17:37:19","date_gmt":"2020-10-07T15:37:19","guid":{"rendered":"https:\/\/agora.xtec.cat\/escolagaudisantboi\/?p=4284"},"modified":"2020-10-08T08:18:19","modified_gmt":"2020-10-08T06:18:19","slug":"la-classe-de-4tad","status":"publish","type":"post","link":"https:\/\/agora.xtec.cat\/escolagaudisantboi\/general\/la-classe-de-4tad\/","title":{"rendered":"La classe de 4tAD"},"content":{"rendered":"<p><a href=\"https:\/\/agora.xtec.cat\/escolagaudisantboi\/wp-content\/uploads\/usu2030\/2020\/10\/foto-grup4t.jpg\"><img loading=\"lazy\" decoding=\"async\" class=\"alignnone size-full wp-image-4285\" src=\"https:\/\/agora.xtec.cat\/escolagaudisantboi\/wp-content\/uploads\/usu2030\/2020\/10\/foto-grup4t.jpg\" alt=\"\" width=\"923\" height=\"651\" srcset=\"https:\/\/agora.xtec.cat\/escolagaudisantboi\/wp-content\/uploads\/usu2030\/2020\/10\/foto-grup4t.jpg 923w, https:\/\/agora.xtec.cat\/escolagaudisantboi\/wp-content\/uploads\/usu2030\/2020\/10\/foto-grup4t-300x212.jpg 300w, https:\/\/agora.xtec.cat\/escolagaudisantboi\/wp-content\/uploads\/usu2030\/2020\/10\/foto-grup4t-768x542.jpg 768w\" sizes=\"auto, (max-width: 923px) 100vw, 923px\" \/><\/a><\/p>\n<p>Som els nens\/es de 4tAD. Al costat de la nostra aula estan els qui eren els nostres companys a 3r (4tE). Som alegres, entusiastes, divertits i treballadors. La nostra tutora es diu Alexandra; i a les tardes tenim al David. Estem molt contents. Teniem ganes de veure&#8217;ns tots despr\u00e9s de tant de temps.<\/p>\n<p>El primer dia que vam arribar a l\u2019escola ens vam trobar una maleta. Aquest curs farem molts viatges: amb els contes, la imaginaci\u00f3, els n\u00fameros, els reptes, etc.\u00a0De vegades viatjarem sols, per\u00f2 en altres ocasions ens agradaria viatjar amb 4tE, amb tota l\u2019escola, incl\u00fas amb les fam\u00edlies; ens voldr\u00edeu acompanyar?<\/p>\n<p>Hem comen\u00e7at el curs prenent moltes decisions: quina \u00e9s la millor manera de col\u00b7locar les taules, com ser\u00e0 el nostre material, com celebrarem aquest curs els aniversaris, i moltes m\u00e9s coses. Tamb\u00e9 hem fet sobres per deixar les mascaretes i cada vegada estem sent m\u00e9s \u00e0gils en aix\u00f2 de rentar mans. Aquest curs hauran coses que podrem fer i coses que no, i no passa res.<\/p>\n<p>Els nostres millors desitjos de salut per tots, aquest curs i sempre.<\/p>\n<p>Els viatgers de 4tAD<\/p>\n","protected":false},"excerpt":{"rendered":"<p>Som els nens\/es de 4tAD. Al costat de la nostra aula estan els qui eren els nostres companys a 3r (4tE). Som alegres, entusiastes, divertits i treballadors. La nostra tutora es diu Alexandra; i a les tardes tenim al David. Estem molt contents. Teniem ganes de veure&#8217;ns tots despr\u00e9s de tant de temps. El primer [&hellip;]<\/p>\n","protected":false},"author":10,"featured_media":4285,"comment_status":"open","ping_status":"closed","sticky":false,"template":"","format":"standard","meta":{"_bbp_topic_count":0,"_bbp_reply_count":0,"_bbp_total_topic_count":0,"_bbp_total_reply_count":0,"_bbp_voice_count":0,"_bbp_anonymous_reply_count":0,"_bbp_topic_count_hidden":0,"_bbp_reply_count_hidden":0,"_bbp_forum_subforum_count":0,"site-sidebar-layout":"default","site-content-layout":"","ast-site-content-layout":"","site-content-style":"default","site-sidebar-style":"default","ast-global-header-display":"","ast-banner-title-visibility":"","ast-main-header-display":"","ast-hfb-above-header-display":"","ast-hfb-below-header-display":"","ast-hfb-mobile-header-display":"","site-post-title":"","ast-breadcrumbs-content":"","ast-featured-img":"","footer-sml-layout":"","theme-transparent-header-meta":"","adv-header-id-meta":"","stick-header-meta":"","header-above-stick-meta":"","header-main-stick-meta":"","header-below-stick-meta":"","astra-migrate-meta-layouts":"default","ast-page-background-enabled":"default","ast-page-background-meta":{"desktop":{"background-color":"var(--ast-global-color-4)","background-image":"","background-repeat":"repeat","background-position":"center center","background-size":"auto","background-attachment":"scroll","background-type":"","background-media":"","overlay-type":"","overlay-color":"","overlay-opacity":"","overlay-gradient":""},"tablet":{"background-color":"","background-image":"","background-repeat":"repeat","background-position":"center center","background-size":"auto","background-attachment":"scroll","background-type":"","background-media":"","overlay-type":"","overlay-color":"","overlay-opacity":"","overlay-gradient":""},"mobile":{"background-color":"","background-image":"","background-repeat":"repeat","background-position":"center center","background-size":"auto","background-attachment":"scroll","background-type":"","background-media":"","overlay-type":"","overlay-color":"","overlay-opacity":"","overlay-gradient":""}},"ast-content-background-meta":{"desktop":{"background-color":"var(--ast-global-color-5)","background-image":"","background-repeat":"repeat","background-position":"center center","background-size":"auto","background-attachment":"scroll","background-type":"","background-media":"","overlay-type":"","overlay-color":"","overlay-opacity":"","overlay-gradient":""},"tablet":{"background-color":"var(--ast-global-color-5)","background-image":"","background-repeat":"repeat","background-position":"center center","background-size":"auto","background-attachment":"scroll","background-type":"","background-media":"","overlay-type":"","overlay-color":"","overlay-opacity":"","overlay-gradient":""},"mobile":{"background-color":"var(--ast-global-color-5)","background-image":"","background-repeat":"repeat","background-position":"center center","background-size":"auto","background-attachment":"scroll","background-type":"","background-media":"","overlay-type":"","overlay-color":"","overlay-opacity":"","overlay-gradient":""}},"footnotes":""},"categories":[13,1,4,5],"tags":[148,89,134],"class_list":["post-4284","post","type-post","status-publish","format-standard","has-post-thumbnail","hentry","category-4t","category-general","category-portada","category-primaria","tag-4t","tag-cicle-mitja","tag-presentacio"],"post_mailing_queue_ids":[],"_links":{"self":[{"href":"https:\/\/agora.xtec.cat\/escolagaudisantboi\/wp-json\/wp\/v2\/posts\/4284","targetHints":{"allow":["GET"]}}],"collection":[{"href":"https:\/\/agora.xtec.cat\/escolagaudisantboi\/wp-json\/wp\/v2\/posts"}],"about":[{"href":"https:\/\/agora.xtec.cat\/escolagaudisantboi\/wp-json\/wp\/v2\/types\/post"}],"author":[{"embeddable":true,"href":"https:\/\/agora.xtec.cat\/escolagaudisantboi\/wp-json\/wp\/v2\/users\/10"}],"replies":[{"embeddable":true,"href":"https:\/\/agora.xtec.cat\/escolagaudisantboi\/wp-json\/wp\/v2\/comments?post=4284"}],"version-history":[{"count":3,"href":"https:\/\/agora.xtec.cat\/escolagaudisantboi\/wp-json\/wp\/v2\/posts\/4284\/revisions"}],"predecessor-version":[{"id":4335,"href":"https:\/\/agora.xtec.cat\/escolagaudisantboi\/wp-json\/wp\/v2\/posts\/4284\/revisions\/4335"}],"wp:featuredmedia":[{"embeddable":true,"href":"https:\/\/agora.xtec.cat\/escolagaudisantboi\/wp-json\/wp\/v2\/media\/4285"}],"wp:attachment":[{"href":"https:\/\/agora.xtec.cat\/escolagaudisantboi\/wp-json\/wp\/v2\/media?parent=4284"}],"wp:term":[{"taxonomy":"category","embeddable":true,"href":"https:\/\/agora.xtec.cat\/escolagaudisantboi\/wp-json\/wp\/v2\/categories?post=4284"},{"taxonomy":"post_tag","embeddable":true,"href":"https:\/\/agora.xtec.cat\/escolagaudisantboi\/wp-json\/wp\/v2\/tags?post=4284"}],"curies":[{"name":"wp","href":"https:\/\/api.w.org\/{rel}","templated":true}]}}