{"id":4212,"date":"2011-11-19T13:03:59","date_gmt":"2011-11-19T12:03:59","guid":{"rendered":"https:\/\/agora.xtec.cat\/escolagaudisantboi\/?p=4212"},"modified":"2020-09-16T13:04:28","modified_gmt":"2020-09-16T11:04:28","slug":"info-2n-fem-teatre-curs-11-12","status":"publish","type":"post","link":"https:\/\/agora.xtec.cat\/escolagaudisantboi\/general\/info-2n-fem-teatre-curs-11-12\/","title":{"rendered":"Info 2n: Fem TEATRE! (Curs 11-12)"},"content":{"rendered":"<p>El dijous 17 de novembre els nens i nenes de segon, vam representar l\u2019obra<\/p>\n<div>\u00a0<b>\u201cHa arribat la tardor\u201d\u00a0<\/b>(text d&#8217;Adelaida Fr\u00edas)<b>\u00a0<\/b>i ens va sortir molt b\u00e9. \u00c9s una obra molt bonica que explica la\u00a0hist\u00f2ria d\u2019 un bosc a la tardor. Hi ha uns bolets, les fulles seques, la pluja, el vent, els boletaires i les castanyeres, els cargols, els follets del bosc amb el seu rei i un missatger que al final fan tots una festa. Vam fer una dansa i\u00a0vam cantar una can\u00e7\u00f3 tots junts i per comen\u00e7ar vam posar La tardor de Vivaldi..<\/div>\n<div>Vam convidar als pares i mares i a algunes classes. Va venir molta gent a veure\u2019ns i a tots els va agradat molt.<\/div>\n<div>Ens vam sentir molt b\u00e9 i molt contents perqu\u00e8 tot va sortir b\u00e9 i el vestuari i la decoraci\u00f3 ens va quedar amb molts colors de tardor i molt bonica.<\/div>\n<div>Despr\u00e8s alguns nens i nenes del p\u00fablic ens van fer preguntes i nosaltres les an\u00e0vem responent.<\/div>\n<div>Els pares i les mestres ens han felicitat als actors i les actrius perqu\u00e8 ens hem apr\u00e8s for\u00e7a b\u00e9 el gui\u00f3.<\/div>\n<div>Gr\u00e0cies a tots per venir de p\u00fablic i pels aplaudiments!!<\/div>\n<div><\/div>\n<div><iframe loading=\"lazy\" src=\"https:\/\/www.youtube.com\/embed\/s67cHP6lyTE\" width=\"560\" height=\"315\" frameborder=\"0\"><\/iframe><\/div>\n","protected":false},"excerpt":{"rendered":"<p>El dijous 17 de novembre els nens i nenes de segon, vam representar l\u2019obra \u00a0\u201cHa arribat la tardor\u201d\u00a0(text d&#8217;Adelaida Fr\u00edas)\u00a0i ens va sortir molt b\u00e9. \u00c9s una obra molt bonica que explica la\u00a0hist\u00f2ria d\u2019 un bosc a la tardor. Hi ha uns bolets, les fulles seques, la pluja, el vent, els boletaires i les castanyeres, [&hellip;]<\/p>\n","protected":false},"author":9,"featured_media":4213,"comment_status":"open","ping_status":"closed","sticky":false,"template":"","format":"standard","meta":{"_bbp_topic_count":0,"_bbp_reply_count":0,"_bbp_total_topic_count":0,"_bbp_total_reply_count":0,"_bbp_voice_count":0,"_bbp_anonymous_reply_count":0,"_bbp_topic_count_hidden":0,"_bbp_reply_count_hidden":0,"_bbp_forum_subforum_count":0,"site-sidebar-layout":"default","site-content-layout":"","ast-site-content-layout":"","site-content-style":"default","site-sidebar-style":"default","ast-global-header-display":"","ast-banner-title-visibility":"","ast-main-header-display":"","ast-hfb-above-header-display":"","ast-hfb-below-header-display":"","ast-hfb-mobile-header-display":"","site-post-title":"","ast-breadcrumbs-content":"","ast-featured-img":"","footer-sml-layout":"","theme-transparent-header-meta":"","adv-header-id-meta":"","stick-header-meta":"","header-above-stick-meta":"","header-main-stick-meta":"","header-below-stick-meta":"","astra-migrate-meta-layouts":"default","ast-page-background-enabled":"default","ast-page-background-meta":{"desktop":{"background-color":"var(--ast-global-color-4)","background-image":"","background-repeat":"repeat","background-position":"center center","background-size":"auto","background-attachment":"scroll","background-type":"","background-media":"","overlay-type":"","overlay-color":"","overlay-opacity":"","overlay-gradient":""},"tablet":{"background-color":"","background-image":"","background-repeat":"repeat","background-position":"center center","background-size":"auto","background-attachment":"scroll","background-type":"","background-media":"","overlay-type":"","overlay-color":"","overlay-opacity":"","overlay-gradient":""},"mobile":{"background-color":"","background-image":"","background-repeat":"repeat","background-position":"center center","background-size":"auto","background-attachment":"scroll","background-type":"","background-media":"","overlay-type":"","overlay-color":"","overlay-opacity":"","overlay-gradient":""}},"ast-content-background-meta":{"desktop":{"background-color":"var(--ast-global-color-5)","background-image":"","background-repeat":"repeat","background-position":"center center","background-size":"auto","background-attachment":"scroll","background-type":"","background-media":"","overlay-type":"","overlay-color":"","overlay-opacity":"","overlay-gradient":""},"tablet":{"background-color":"var(--ast-global-color-5)","background-image":"","background-repeat":"repeat","background-position":"center center","background-size":"auto","background-attachment":"scroll","background-type":"","background-media":"","overlay-type":"","overlay-color":"","overlay-opacity":"","overlay-gradient":""},"mobile":{"background-color":"var(--ast-global-color-5)","background-image":"","background-repeat":"repeat","background-position":"center center","background-size":"auto","background-attachment":"scroll","background-type":"","background-media":"","overlay-type":"","overlay-color":"","overlay-opacity":"","overlay-gradient":""}},"footnotes":""},"categories":[11,1,5],"tags":[140,84,88,111],"class_list":["post-4212","post","type-post","status-publish","format-standard","has-post-thumbnail","hentry","category-2n","category-general","category-primaria","tag-2n","tag-artistica","tag-cicle-inicial","tag-teatre"],"post_mailing_queue_ids":[],"_links":{"self":[{"href":"https:\/\/agora.xtec.cat\/escolagaudisantboi\/wp-json\/wp\/v2\/posts\/4212","targetHints":{"allow":["GET"]}}],"collection":[{"href":"https:\/\/agora.xtec.cat\/escolagaudisantboi\/wp-json\/wp\/v2\/posts"}],"about":[{"href":"https:\/\/agora.xtec.cat\/escolagaudisantboi\/wp-json\/wp\/v2\/types\/post"}],"author":[{"embeddable":true,"href":"https:\/\/agora.xtec.cat\/escolagaudisantboi\/wp-json\/wp\/v2\/users\/9"}],"replies":[{"embeddable":true,"href":"https:\/\/agora.xtec.cat\/escolagaudisantboi\/wp-json\/wp\/v2\/comments?post=4212"}],"version-history":[{"count":1,"href":"https:\/\/agora.xtec.cat\/escolagaudisantboi\/wp-json\/wp\/v2\/posts\/4212\/revisions"}],"predecessor-version":[{"id":4214,"href":"https:\/\/agora.xtec.cat\/escolagaudisantboi\/wp-json\/wp\/v2\/posts\/4212\/revisions\/4214"}],"wp:featuredmedia":[{"embeddable":true,"href":"https:\/\/agora.xtec.cat\/escolagaudisantboi\/wp-json\/wp\/v2\/media\/4213"}],"wp:attachment":[{"href":"https:\/\/agora.xtec.cat\/escolagaudisantboi\/wp-json\/wp\/v2\/media?parent=4212"}],"wp:term":[{"taxonomy":"category","embeddable":true,"href":"https:\/\/agora.xtec.cat\/escolagaudisantboi\/wp-json\/wp\/v2\/categories?post=4212"},{"taxonomy":"post_tag","embeddable":true,"href":"https:\/\/agora.xtec.cat\/escolagaudisantboi\/wp-json\/wp\/v2\/tags?post=4212"}],"curies":[{"name":"wp","href":"https:\/\/api.w.org\/{rel}","templated":true}]}}