{"id":4137,"date":"2019-09-24T19:20:41","date_gmt":"2019-09-24T17:20:41","guid":{"rendered":"https:\/\/agora.xtec.cat\/escolagaudisantboi\/?p=4137"},"modified":"2020-08-31T19:21:28","modified_gmt":"2020-08-31T17:21:28","slug":"presentacio-classe-de-p5-2019-2020","status":"publish","type":"post","link":"https:\/\/agora.xtec.cat\/escolagaudisantboi\/general\/presentacio-classe-de-p5-2019-2020\/","title":{"rendered":"PRESENTACI\u00d3 CLASSE DE P5 2019-2020"},"content":{"rendered":"<p><a href=\"https:\/\/agora.xtec.cat\/escolagaudisantboi\/wp-content\/uploads\/usu2030\/2020\/08\/p5-1.jpg\"><img loading=\"lazy\" decoding=\"async\" class=\"alignnone size-large wp-image-4138\" src=\"https:\/\/agora.xtec.cat\/escolagaudisantboi\/wp-content\/uploads\/usu2030\/2020\/08\/p5-1-1024x768.jpg\" alt=\"\" width=\"1024\" height=\"768\" srcset=\"https:\/\/agora.xtec.cat\/escolagaudisantboi\/wp-content\/uploads\/usu2030\/2020\/08\/p5-1.jpg 1024w, https:\/\/agora.xtec.cat\/escolagaudisantboi\/wp-content\/uploads\/usu2030\/2020\/08\/p5-1-300x225.jpg 300w, https:\/\/agora.xtec.cat\/escolagaudisantboi\/wp-content\/uploads\/usu2030\/2020\/08\/p5-1-768x576.jpg 768w, https:\/\/agora.xtec.cat\/escolagaudisantboi\/wp-content\/uploads\/usu2030\/2020\/08\/p5-1-200x150.jpg 200w\" sizes=\"auto, (max-width: 1024px) 100vw, 1024px\" \/><\/a><\/p>\n<p style=\"font-weight: 400;\">Hola a totes i a tots!<\/p>\n<p style=\"font-weight: 400;\">Som els m\u00e9s grans del parvulari i estem molt contents! Aquest any ens retrobem amb la Judit, ella va ser la nostra mestra durant un temps a P3. Aquest any per\u00f2, tamb\u00e9 estem amb l\u2019Eva Zapata a les tardes.<\/p>\n<p style=\"font-weight: 400;\">\u00a0Som un grup molt xerraire, actiu i din\u00e0mic. Ens agrada la marxa, la gresca i la xerinola per\u00f2 tamb\u00e9 tenim moltes ganes d\u2019aprendre coses noves!<\/p>\n<p style=\"font-weight: 400;\">Som uns nens i nenes molt responsables, per aix\u00f2 tenim dues mascotes a la classe, s\u00f3n dos peixets, es diuen Petons i Abra\u00e7ades, els estem cuidant molt b\u00e9!<\/p>\n<p style=\"font-weight: 400;\">Ah, i tamb\u00e9 tenim una amiga nova, la Mariana. La classe de P5 \u00e9s molt bonica, ens agraden molt\u00edssim les propostes de joc i d\u2019aprenentatge, quan vulgueu, esteu convidats a con\u00e8ixer-la!!<\/p>\n","protected":false},"excerpt":{"rendered":"<p>Hola a totes i a tots! Som els m\u00e9s grans del parvulari i estem molt contents! Aquest any ens retrobem amb la Judit, ella va ser la nostra mestra durant un temps a P3. Aquest any per\u00f2, tamb\u00e9 estem amb l\u2019Eva Zapata a les tardes. \u00a0Som un grup molt xerraire, actiu i din\u00e0mic. Ens agrada [&hellip;]<\/p>\n","protected":false},"author":9,"featured_media":4138,"comment_status":"open","ping_status":"closed","sticky":false,"template":"","format":"standard","meta":{"_bbp_topic_count":0,"_bbp_reply_count":0,"_bbp_total_topic_count":0,"_bbp_total_reply_count":0,"_bbp_voice_count":0,"_bbp_anonymous_reply_count":0,"_bbp_topic_count_hidden":0,"_bbp_reply_count_hidden":0,"_bbp_forum_subforum_count":0,"site-sidebar-layout":"default","site-content-layout":"","ast-site-content-layout":"","site-content-style":"default","site-sidebar-style":"default","ast-global-header-display":"","ast-banner-title-visibility":"","ast-main-header-display":"","ast-hfb-above-header-display":"","ast-hfb-below-header-display":"","ast-hfb-mobile-header-display":"","site-post-title":"","ast-breadcrumbs-content":"","ast-featured-img":"","footer-sml-layout":"","theme-transparent-header-meta":"","adv-header-id-meta":"","stick-header-meta":"","header-above-stick-meta":"","header-main-stick-meta":"","header-below-stick-meta":"","astra-migrate-meta-layouts":"default","ast-page-background-enabled":"default","ast-page-background-meta":{"desktop":{"background-color":"var(--ast-global-color-4)","background-image":"","background-repeat":"repeat","background-position":"center center","background-size":"auto","background-attachment":"scroll","background-type":"","background-media":"","overlay-type":"","overlay-color":"","overlay-opacity":"","overlay-gradient":""},"tablet":{"background-color":"","background-image":"","background-repeat":"repeat","background-position":"center center","background-size":"auto","background-attachment":"scroll","background-type":"","background-media":"","overlay-type":"","overlay-color":"","overlay-opacity":"","overlay-gradient":""},"mobile":{"background-color":"","background-image":"","background-repeat":"repeat","background-position":"center center","background-size":"auto","background-attachment":"scroll","background-type":"","background-media":"","overlay-type":"","overlay-color":"","overlay-opacity":"","overlay-gradient":""}},"ast-content-background-meta":{"desktop":{"background-color":"var(--ast-global-color-5)","background-image":"","background-repeat":"repeat","background-position":"center center","background-size":"auto","background-attachment":"scroll","background-type":"","background-media":"","overlay-type":"","overlay-color":"","overlay-opacity":"","overlay-gradient":""},"tablet":{"background-color":"var(--ast-global-color-5)","background-image":"","background-repeat":"repeat","background-position":"center center","background-size":"auto","background-attachment":"scroll","background-type":"","background-media":"","overlay-type":"","overlay-color":"","overlay-opacity":"","overlay-gradient":""},"mobile":{"background-color":"var(--ast-global-color-5)","background-image":"","background-repeat":"repeat","background-position":"center center","background-size":"auto","background-attachment":"scroll","background-type":"","background-media":"","overlay-type":"","overlay-color":"","overlay-opacity":"","overlay-gradient":""}},"footnotes":""},"categories":[1,9,2],"tags":[93,134],"class_list":["post-4137","post","type-post","status-publish","format-standard","has-post-thumbnail","hentry","category-general","category-i5","category-infantil","tag-educacio-infantil","tag-presentacio"],"post_mailing_queue_ids":[],"_links":{"self":[{"href":"https:\/\/agora.xtec.cat\/escolagaudisantboi\/wp-json\/wp\/v2\/posts\/4137","targetHints":{"allow":["GET"]}}],"collection":[{"href":"https:\/\/agora.xtec.cat\/escolagaudisantboi\/wp-json\/wp\/v2\/posts"}],"about":[{"href":"https:\/\/agora.xtec.cat\/escolagaudisantboi\/wp-json\/wp\/v2\/types\/post"}],"author":[{"embeddable":true,"href":"https:\/\/agora.xtec.cat\/escolagaudisantboi\/wp-json\/wp\/v2\/users\/9"}],"replies":[{"embeddable":true,"href":"https:\/\/agora.xtec.cat\/escolagaudisantboi\/wp-json\/wp\/v2\/comments?post=4137"}],"version-history":[{"count":1,"href":"https:\/\/agora.xtec.cat\/escolagaudisantboi\/wp-json\/wp\/v2\/posts\/4137\/revisions"}],"predecessor-version":[{"id":4139,"href":"https:\/\/agora.xtec.cat\/escolagaudisantboi\/wp-json\/wp\/v2\/posts\/4137\/revisions\/4139"}],"wp:featuredmedia":[{"embeddable":true,"href":"https:\/\/agora.xtec.cat\/escolagaudisantboi\/wp-json\/wp\/v2\/media\/4138"}],"wp:attachment":[{"href":"https:\/\/agora.xtec.cat\/escolagaudisantboi\/wp-json\/wp\/v2\/media?parent=4137"}],"wp:term":[{"taxonomy":"category","embeddable":true,"href":"https:\/\/agora.xtec.cat\/escolagaudisantboi\/wp-json\/wp\/v2\/categories?post=4137"},{"taxonomy":"post_tag","embeddable":true,"href":"https:\/\/agora.xtec.cat\/escolagaudisantboi\/wp-json\/wp\/v2\/tags?post=4137"}],"curies":[{"name":"wp","href":"https:\/\/api.w.org\/{rel}","templated":true}]}}