{"id":4126,"date":"2019-06-20T18:35:12","date_gmt":"2019-06-20T16:35:12","guid":{"rendered":"https:\/\/agora.xtec.cat\/escolagaudisantboi\/?p=4126"},"modified":"2020-08-31T18:35:52","modified_gmt":"2020-08-31T16:35:52","slug":"festa-final-de-curs-juny-2019","status":"publish","type":"post","link":"https:\/\/agora.xtec.cat\/escolagaudisantboi\/general\/festa-final-de-curs-juny-2019\/","title":{"rendered":"FESTA FINAL DE CURS. JUNY 2019"},"content":{"rendered":"<p><img loading=\"lazy\" decoding=\"async\" src=\"http:\/\/www.escolagaudisantboi.cat\/images\/stories\/logo%20gaudi-2011.jpg\" alt=\"\" width=\"200\" height=\"147\" align=\"left\" \/>Benvolgudes fam\u00edlies,<\/p>\n<div>despr\u00e9s d\u2019un curs intens i de molt treball i aprenentatge, arriba el merescut final del curs.<\/div>\n<div><\/div>\n<ul type=\"disc\">\n<li>El\u00a0<b>divendres, dia 21 de juny<\/b>, \u00e9s el darrer dia del curs.<\/li>\n<li>\u00c9s un dia molt especial tamb\u00e9 perqu\u00e8 direm ad\u00e9u als nostres ESTIMATS ALUMNES de 6\u00e8.<\/li>\n<li>Us volem convidar a la festa de comiat que es far\u00e0 durant el mat\u00ed a la \u00a0PISTA de l\u2019escola.<\/li>\n<\/ul>\n<div>Programa de la Festa:<\/div>\n<div><\/div>\n<ul>\n<li><b>9:00 h:<\/b>\u00a0Entrada dels alumnes a les classes i preparaci\u00f3 per iniciar la festa.<\/li>\n<li><b>9:15 h:<\/b>\u00a0Entrada dels alumnes i de les fam\u00edlies a la pista.\u00a0Actuaci\u00f3 dels grups de vent de 4t i 5\u00e8.<\/li>\n<li><b>9:45 h :\u00a0\u00a0<\/b><\/li>\n<\/ul>\n<div>\u00b7\u00a0\u00a0\u00a0\u00a0\u00a0\u00a0\u00a0\u00a0\u00a0Comiat alumnes de sis\u00e8<\/div>\n<div>\u00b7\u00a0\u00a0\u00a0\u00a0\u00a0\u00a0\u00a0\u00a0\u00a0Actuacions\u00a0de tots els alumnes de Prim\u00e0ria i E. Infantil<\/div>\n<div>\u00b7\u00a0\u00a0\u00a0\u00a0\u00a0\u00a0\u00a0\u00a0\u00a0Actuaci\u00f3 dels alumnes de sis\u00e8<\/div>\n<ul>\n<li><b>11:30 h. (aprox.)<\/b>\u00a0Tornada a les classes<\/li>\n<\/ul>\n<div>\u00b7\u00a0\u00a0\u00a0\u00a0\u00a0\u00a0\u00a0\u00a0\u00a0Esmorzar i gelat<\/div>\n<ul>\n<li><b>11:30 a 13:00 h<\/b>\u00a0Activitats de comiat amb les tutores.<\/li>\n<li><b>13:00 h.<\/b>\u00a0Sortida dels alumnes.<\/li>\n<\/ul>\n<div><\/div>\n<div><\/div>\n<div><b>IMPORTANT:<\/b>\u00a0Cal que els nens i nenes vinguin des de casa amb la\u00a0<b>crema solar posada<\/b>,\u00a0<b>una gorra amb el nom<\/b>\u00a0i\u00a0<b>AIGUA<\/b>, per evitar insolacions.<\/div>\n<div><\/div>\n<div><\/div>\n<ul type=\"disc\">\n<li><b>SERVEI DE MENJADOR<\/b>: Hi haur\u00e0 Servei de menjador de 13h a 15,30h.<\/li>\n<li><b>Els alumnes de sis\u00e8 es quedaran a l\u2019escola i faran junts el dinar de comiat!<\/b><\/li>\n<\/ul>\n<div><i><u>I encara m\u00e9s<\/u><\/i><i>&#8230;.<\/i><\/div>\n<div><\/div>\n<p>A la tarda, de 16:30h a 19,30h&#8230;.<b>festa de l\u2019aigua i l\u2019escuma<\/b>, organitzada per l\u2019AFA.<\/p>\n<p>A partir de les 20h &#8230;.<b>sopar de germanor.<\/b><\/p>\n<div align=\"center\">(Des de la tarda hi haur\u00e0\u00a0<b>servei de bar<\/b>\u00a0portat per les classes de 5\u00e8)<\/div>\n<div><\/div>\n<div>Gaudiu molt del dia!!!<\/div>\n<div><\/div>\n<div>Aprofitem per desitjar \u00a0a tothom:<\/div>\n<div><\/div>\n<div><b>UN ESTIU PLE DE BONES EXPERI\u00c8NCIES I\u00a0<\/b><b>MOLT \u00a0BONES VACANCES !!<\/b><\/div>\n<div align=\"center\"><b>\u00a0<\/b><\/div>\n<div>\u00a0L\u2019equip de mestres<\/div>\n","protected":false},"excerpt":{"rendered":"<p>Benvolgudes fam\u00edlies, despr\u00e9s d\u2019un curs intens i de molt treball i aprenentatge, arriba el merescut final del curs. El\u00a0divendres, dia 21 de juny, \u00e9s el darrer dia del curs. \u00c9s un dia molt especial tamb\u00e9 perqu\u00e8 direm ad\u00e9u als nostres ESTIMATS ALUMNES de 6\u00e8. Us volem convidar a la festa de comiat que es far\u00e0 [&hellip;]<\/p>\n","protected":false},"author":9,"featured_media":0,"comment_status":"open","ping_status":"closed","sticky":false,"template":"","format":"standard","meta":{"_bbp_topic_count":0,"_bbp_reply_count":0,"_bbp_total_topic_count":0,"_bbp_total_reply_count":0,"_bbp_voice_count":0,"_bbp_anonymous_reply_count":0,"_bbp_topic_count_hidden":0,"_bbp_reply_count_hidden":0,"_bbp_forum_subforum_count":0,"site-sidebar-layout":"default","site-content-layout":"","ast-site-content-layout":"","site-content-style":"default","site-sidebar-style":"default","ast-global-header-display":"","ast-banner-title-visibility":"","ast-main-header-display":"","ast-hfb-above-header-display":"","ast-hfb-below-header-display":"","ast-hfb-mobile-header-display":"","site-post-title":"","ast-breadcrumbs-content":"","ast-featured-img":"","footer-sml-layout":"","theme-transparent-header-meta":"","adv-header-id-meta":"","stick-header-meta":"","header-above-stick-meta":"","header-main-stick-meta":"","header-below-stick-meta":"","astra-migrate-meta-layouts":"default","ast-page-background-enabled":"default","ast-page-background-meta":{"desktop":{"background-color":"var(--ast-global-color-4)","background-image":"","background-repeat":"repeat","background-position":"center center","background-size":"auto","background-attachment":"scroll","background-type":"","background-media":"","overlay-type":"","overlay-color":"","overlay-opacity":"","overlay-gradient":""},"tablet":{"background-color":"","background-image":"","background-repeat":"repeat","background-position":"center center","background-size":"auto","background-attachment":"scroll","background-type":"","background-media":"","overlay-type":"","overlay-color":"","overlay-opacity":"","overlay-gradient":""},"mobile":{"background-color":"","background-image":"","background-repeat":"repeat","background-position":"center center","background-size":"auto","background-attachment":"scroll","background-type":"","background-media":"","overlay-type":"","overlay-color":"","overlay-opacity":"","overlay-gradient":""}},"ast-content-background-meta":{"desktop":{"background-color":"var(--ast-global-color-5)","background-image":"","background-repeat":"repeat","background-position":"center center","background-size":"auto","background-attachment":"scroll","background-type":"","background-media":"","overlay-type":"","overlay-color":"","overlay-opacity":"","overlay-gradient":""},"tablet":{"background-color":"var(--ast-global-color-5)","background-image":"","background-repeat":"repeat","background-position":"center center","background-size":"auto","background-attachment":"scroll","background-type":"","background-media":"","overlay-type":"","overlay-color":"","overlay-opacity":"","overlay-gradient":""},"mobile":{"background-color":"var(--ast-global-color-5)","background-image":"","background-repeat":"repeat","background-position":"center center","background-size":"auto","background-attachment":"scroll","background-type":"","background-media":"","overlay-type":"","overlay-color":"","overlay-opacity":"","overlay-gradient":""}},"footnotes":""},"categories":[10,11,12,13,14,15,7,1,3,9,2,8,5],"tags":[141,109,140,108,148,63,88,89,90,93,68],"class_list":["post-4126","post","type-post","status-publish","format-standard","hentry","category-1r","category-2n","category-3r","category-4t","category-5e","category-6e","category-afa","category-general","category-i3","category-i5","category-infantil","category-p4","category-primaria","tag-6e","tag-1r","tag-2n","tag-3r","tag-4t","tag-5e","tag-cicle-inicial","tag-cicle-mitja","tag-cicle-superior","tag-educacio-infantil","tag-festes"],"post_mailing_queue_ids":[],"_links":{"self":[{"href":"https:\/\/agora.xtec.cat\/escolagaudisantboi\/wp-json\/wp\/v2\/posts\/4126","targetHints":{"allow":["GET"]}}],"collection":[{"href":"https:\/\/agora.xtec.cat\/escolagaudisantboi\/wp-json\/wp\/v2\/posts"}],"about":[{"href":"https:\/\/agora.xtec.cat\/escolagaudisantboi\/wp-json\/wp\/v2\/types\/post"}],"author":[{"embeddable":true,"href":"https:\/\/agora.xtec.cat\/escolagaudisantboi\/wp-json\/wp\/v2\/users\/9"}],"replies":[{"embeddable":true,"href":"https:\/\/agora.xtec.cat\/escolagaudisantboi\/wp-json\/wp\/v2\/comments?post=4126"}],"version-history":[{"count":1,"href":"https:\/\/agora.xtec.cat\/escolagaudisantboi\/wp-json\/wp\/v2\/posts\/4126\/revisions"}],"predecessor-version":[{"id":4127,"href":"https:\/\/agora.xtec.cat\/escolagaudisantboi\/wp-json\/wp\/v2\/posts\/4126\/revisions\/4127"}],"wp:attachment":[{"href":"https:\/\/agora.xtec.cat\/escolagaudisantboi\/wp-json\/wp\/v2\/media?parent=4126"}],"wp:term":[{"taxonomy":"category","embeddable":true,"href":"https:\/\/agora.xtec.cat\/escolagaudisantboi\/wp-json\/wp\/v2\/categories?post=4126"},{"taxonomy":"post_tag","embeddable":true,"href":"https:\/\/agora.xtec.cat\/escolagaudisantboi\/wp-json\/wp\/v2\/tags?post=4126"}],"curies":[{"name":"wp","href":"https:\/\/api.w.org\/{rel}","templated":true}]}}