{"id":4118,"date":"2019-04-23T18:24:40","date_gmt":"2019-04-23T16:24:40","guid":{"rendered":"https:\/\/agora.xtec.cat\/escolagaudisantboi\/?p=4118"},"modified":"2020-08-31T18:25:12","modified_gmt":"2020-08-31T16:25:12","slug":"jocs-florals-2019","status":"publish","type":"post","link":"https:\/\/agora.xtec.cat\/escolagaudisantboi\/general\/jocs-florals-2019\/","title":{"rendered":"JOCS FLORALS 2019"},"content":{"rendered":"<p>&nbsp;<\/p>\n<p><a href=\"https:\/\/agora.xtec.cat\/escolagaudisantboi\/wp-content\/uploads\/usu2030\/2020\/07\/jocs-f.png\"><img loading=\"lazy\" decoding=\"async\" class=\"wp-image-3493 alignleft\" src=\"https:\/\/agora.xtec.cat\/escolagaudisantboi\/wp-content\/uploads\/usu2030\/2020\/07\/jocs-f.png\" alt=\"\" width=\"223\" height=\"291\" srcset=\"https:\/\/agora.xtec.cat\/escolagaudisantboi\/wp-content\/uploads\/usu2030\/2020\/07\/jocs-f.png 417w, https:\/\/agora.xtec.cat\/escolagaudisantboi\/wp-content\/uploads\/usu2030\/2020\/07\/jocs-f-230x300.png 230w\" sizes=\"auto, (max-width: 223px) 100vw, 223px\" \/><\/a>Benvolgudes fam\u00edlies,<\/p>\n<p><span style=\"font-family: inherit; font-size: 1em;\">A<\/span><b style=\"font-family: inherit; font-size: 1em;\"> les 15:00 h<\/b><span style=\"font-family: inherit; font-size: 1em;\">\u00a0celebrarem els\u00a0<\/span><b style=\"font-family: inherit; font-size: 1em;\">Jocs Florals<\/b><span style=\"font-family: inherit; font-size: 1em;\">, el certamen literari que cada any t\u00e9 lloc per Sant Jordi.\u00a0Us hi esperem!<\/span><\/p>\n<div>Els nens i enes d\u2019 Educaci\u00f3 Infantil ens presentaran els seus \u201cLlibres d\u2019aula\u201d i es lliuraran premis als contes, poemes, poemes visuals i c\u00f2mics, fets pels nens i nenes de Prim\u00e0ria.<\/div>\n<div><\/div>\n<div>Durant tot el dia, els alumnes de sis\u00e8 ajudats per mestres organitzaran una paradeta de llibres i podreu comprar els que us agradin!!.<\/div>\n<div><\/div>\n<div>Us recordem que si voleu comprar la rosa Sant Jordi ho podeu fer a la parada que posaran les fam\u00edlies de 5\u00e8 al carrer Carles Mart\u00ed i Vil\u00e0 cantonada Torres i Bages (junt als jutjats).<\/div>\n<div><\/div>\n<div>TOTS I TOTES HI ESTEU CONVIDATS I CONVIDADES!!<\/div>\n<div>Us hi esperem!<\/div>\n<div><\/div>\n<div>L\u2019equip de mestres<\/div>\n<p>&nbsp;<\/p>\n","protected":false},"excerpt":{"rendered":"<p>&nbsp; Benvolgudes fam\u00edlies, A les 15:00 h\u00a0celebrarem els\u00a0Jocs Florals, el certamen literari que cada any t\u00e9 lloc per Sant Jordi.\u00a0Us hi esperem! Els nens i enes d\u2019 Educaci\u00f3 Infantil ens presentaran els seus \u201cLlibres d\u2019aula\u201d i es lliuraran premis als contes, poemes, poemes visuals i c\u00f2mics, fets pels nens i nenes de Prim\u00e0ria. Durant tot [&hellip;]<\/p>\n","protected":false},"author":9,"featured_media":3493,"comment_status":"open","ping_status":"closed","sticky":false,"template":"","format":"standard","meta":{"_bbp_topic_count":0,"_bbp_reply_count":0,"_bbp_total_topic_count":0,"_bbp_total_reply_count":0,"_bbp_voice_count":0,"_bbp_anonymous_reply_count":0,"_bbp_topic_count_hidden":0,"_bbp_reply_count_hidden":0,"_bbp_forum_subforum_count":0,"site-sidebar-layout":"default","site-content-layout":"","ast-site-content-layout":"","site-content-style":"default","site-sidebar-style":"default","ast-global-header-display":"","ast-banner-title-visibility":"","ast-main-header-display":"","ast-hfb-above-header-display":"","ast-hfb-below-header-display":"","ast-hfb-mobile-header-display":"","site-post-title":"","ast-breadcrumbs-content":"","ast-featured-img":"","footer-sml-layout":"","theme-transparent-header-meta":"","adv-header-id-meta":"","stick-header-meta":"","header-above-stick-meta":"","header-main-stick-meta":"","header-below-stick-meta":"","astra-migrate-meta-layouts":"default","ast-page-background-enabled":"default","ast-page-background-meta":{"desktop":{"background-color":"var(--ast-global-color-4)","background-image":"","background-repeat":"repeat","background-position":"center center","background-size":"auto","background-attachment":"scroll","background-type":"","background-media":"","overlay-type":"","overlay-color":"","overlay-opacity":"","overlay-gradient":""},"tablet":{"background-color":"","background-image":"","background-repeat":"repeat","background-position":"center center","background-size":"auto","background-attachment":"scroll","background-type":"","background-media":"","overlay-type":"","overlay-color":"","overlay-opacity":"","overlay-gradient":""},"mobile":{"background-color":"","background-image":"","background-repeat":"repeat","background-position":"center center","background-size":"auto","background-attachment":"scroll","background-type":"","background-media":"","overlay-type":"","overlay-color":"","overlay-opacity":"","overlay-gradient":""}},"ast-content-background-meta":{"desktop":{"background-color":"var(--ast-global-color-5)","background-image":"","background-repeat":"repeat","background-position":"center center","background-size":"auto","background-attachment":"scroll","background-type":"","background-media":"","overlay-type":"","overlay-color":"","overlay-opacity":"","overlay-gradient":""},"tablet":{"background-color":"var(--ast-global-color-5)","background-image":"","background-repeat":"repeat","background-position":"center center","background-size":"auto","background-attachment":"scroll","background-type":"","background-media":"","overlay-type":"","overlay-color":"","overlay-opacity":"","overlay-gradient":""},"mobile":{"background-color":"var(--ast-global-color-5)","background-image":"","background-repeat":"repeat","background-position":"center center","background-size":"auto","background-attachment":"scroll","background-type":"","background-media":"","overlay-type":"","overlay-color":"","overlay-opacity":"","overlay-gradient":""}},"footnotes":""},"categories":[10,11,12,13,14,15,1,3,9,2,8,5],"tags":[88,89,90,93,92,124,115],"class_list":["post-4118","post","type-post","status-publish","format-standard","has-post-thumbnail","hentry","category-1r","category-2n","category-3r","category-4t","category-5e","category-6e","category-general","category-i3","category-i5","category-infantil","category-p4","category-primaria","tag-cicle-inicial","tag-cicle-mitja","tag-cicle-superior","tag-educacio-infantil","tag-habit-lector","tag-jocs-florals","tag-sant-jordi"],"post_mailing_queue_ids":[],"_links":{"self":[{"href":"https:\/\/agora.xtec.cat\/escolagaudisantboi\/wp-json\/wp\/v2\/posts\/4118","targetHints":{"allow":["GET"]}}],"collection":[{"href":"https:\/\/agora.xtec.cat\/escolagaudisantboi\/wp-json\/wp\/v2\/posts"}],"about":[{"href":"https:\/\/agora.xtec.cat\/escolagaudisantboi\/wp-json\/wp\/v2\/types\/post"}],"author":[{"embeddable":true,"href":"https:\/\/agora.xtec.cat\/escolagaudisantboi\/wp-json\/wp\/v2\/users\/9"}],"replies":[{"embeddable":true,"href":"https:\/\/agora.xtec.cat\/escolagaudisantboi\/wp-json\/wp\/v2\/comments?post=4118"}],"version-history":[{"count":1,"href":"https:\/\/agora.xtec.cat\/escolagaudisantboi\/wp-json\/wp\/v2\/posts\/4118\/revisions"}],"predecessor-version":[{"id":4119,"href":"https:\/\/agora.xtec.cat\/escolagaudisantboi\/wp-json\/wp\/v2\/posts\/4118\/revisions\/4119"}],"wp:featuredmedia":[{"embeddable":true,"href":"https:\/\/agora.xtec.cat\/escolagaudisantboi\/wp-json\/wp\/v2\/media\/3493"}],"wp:attachment":[{"href":"https:\/\/agora.xtec.cat\/escolagaudisantboi\/wp-json\/wp\/v2\/media?parent=4118"}],"wp:term":[{"taxonomy":"category","embeddable":true,"href":"https:\/\/agora.xtec.cat\/escolagaudisantboi\/wp-json\/wp\/v2\/categories?post=4118"},{"taxonomy":"post_tag","embeddable":true,"href":"https:\/\/agora.xtec.cat\/escolagaudisantboi\/wp-json\/wp\/v2\/tags?post=4118"}],"curies":[{"name":"wp","href":"https:\/\/api.w.org\/{rel}","templated":true}]}}