{"id":4092,"date":"2018-11-09T12:21:07","date_gmt":"2018-11-09T11:21:07","guid":{"rendered":"https:\/\/agora.xtec.cat\/escolagaudisantboi\/?p=4092"},"modified":"2020-08-30T12:21:32","modified_gmt":"2020-08-30T10:21:32","slug":"convocatoria-deleccions-al-consell-escolar","status":"publish","type":"post","link":"https:\/\/agora.xtec.cat\/escolagaudisantboi\/general\/convocatoria-deleccions-al-consell-escolar\/","title":{"rendered":"CONVOCAT\u00d2RIA D\u2019ELECCIONS AL CONSELL ESCOLAR"},"content":{"rendered":"<p style=\"font-weight: 400;\"><strong>Benvolgudes fam\u00edlies,<\/strong><\/p>\n<p style=\"font-weight: 400;\">M\u2019adre\u00e7o a vosaltres per comunicar-vos l\u2019inici del\u00a0<strong>proc\u00e9s de renovaci\u00f3 parcial del consell escolar.<\/strong><\/p>\n<p style=\"font-weight: 400;\">\n<p style=\"font-weight: 400;\">Com ja sabeu el consell escolar \u00e9s el\u00a0<strong>m\u00e0xim \u00f2rgan col\u00b7legiat representatiu de la comunitat educativa<\/strong>, en ell s\u2019hi troben representants dels diferents sectors de l\u2019escola: professorat, personal d\u2019administraci\u00f3 i serveis, fam\u00edlies d\u2019alumnes i Ajuntament.<\/p>\n<p style=\"font-weight: 400;\">Aquest proc\u00e9s d\u2019eleccions \u00e9s una\u00a0<strong><a href=\"http:\/\/familiaiescola.gencat.cat\/ca\/recomanacions\/recomanacions\/eleccions_als_consells_escolars\/\">oportunitat\u00a0de participaci\u00f3<\/a><\/strong>\u00a0i una expressi\u00f3 de\u00a0<strong>coresponsabilitat\u00a0<\/strong>en la tasca que l\u2019escola realitza amb l\u2019objectiu d\u2019avan\u00e7ar plegats en la construcci\u00f3 del futur dels nostres infants.<\/p>\n<p style=\"font-weight: 400;\">Des de l\u2019escola, us volem encoratjar a participar\u00a0<strong>presentant-vos com a candidats i candidates<\/strong>\u00a0per representar les fam\u00edlies.\u00a0Les\u00a0<strong>candidatures<\/strong>\u00a0s\u2019han de presentar a direcci\u00f3 i teniu temps fins el\u00a0<strong>16 de novembre<\/strong>.\u00a0Hem d\u2019escollir\u00a0<strong>3 representants de les fam\u00edlies<\/strong>.<\/p>\n<p style=\"font-weight: 400;\">I sobretot us volem animar a\u00a0<strong>venir a votar<\/strong>\u00a0el dia de les eleccions, que seran\u00a0<strong>el 30 de novembre,\u00a0<\/strong>a les\u00a0<strong>hores d\u2019 entrada i sortida<\/strong>\u00a0de l\u2019escola. La mesa electoral estar\u00e0 situada al\u00a0<strong>porxo de l\u2019escola<\/strong>. Us haureu d\u2019acreditar i portar el DNI.<\/p>\n<p style=\"font-weight: 400;\"><strong>Us animem a participar en aquest proc\u00e9s d\u2019eleccions!<\/strong><\/p>\n<p style=\"font-weight: 400;\">Maite Fillat<\/p>\n<p style=\"font-weight: 400;\">Directora Escola Antoni Gaud\u00ed<\/p>\n<p style=\"font-weight: 400;\">Sant Boi de Llobregat, 7 de novembre de 2018<\/p>\n<table style=\"font-weight: 400;\">\n<tbody>\n<tr>\n<td width=\"100\">CALENDARI<\/td>\n<td width=\"429\">PROC\u00c8S<\/td>\n<\/tr>\n<tr>\n<td width=\"100\">8\/11\/2018<\/td>\n<td width=\"429\">Publicaci\u00f3 del\u00a0<strong>cens electoral<\/strong>\u00a0i del nombre de representants que s\u2019han d\u2019escollir. Per tal de comprovar el cens haureu de consultar al tauler situat al vest\u00edbul del centre.<\/td>\n<\/tr>\n<tr>\n<td width=\"100\">8 al 13\/ 11\/2018<\/td>\n<td width=\"429\"><strong>Reclamacions<\/strong>\u00a0del cens electoral.<\/td>\n<\/tr>\n<tr>\n<td width=\"100\">9 al 16\/<\/p>\n<p>11\/2018<\/td>\n<td width=\"429\">Termini per a la\u00a0<strong>presentaci\u00f3 de candidatures<\/strong>.<\/td>\n<\/tr>\n<tr>\n<td width=\"100\">14\/11\/2018<\/td>\n<td width=\"429\">Constituci\u00f3 de les\u00a0<strong>meses electorals<\/strong>.<\/td>\n<\/tr>\n<tr>\n<td width=\"100\"><\/td>\n<td width=\"429\"><\/td>\n<\/tr>\n<tr>\n<td width=\"100\">15\/11\/2018<\/td>\n<td width=\"429\">Publicaci\u00f3 del\u00a0<strong>cens definitiu<\/strong>.<\/td>\n<\/tr>\n<tr>\n<td width=\"100\">20\/11\/2018<\/td>\n<td width=\"429\"><strong>Publicaci\u00f3 de candidatures<\/strong>.<\/td>\n<\/tr>\n<tr>\n<td width=\"100\"><strong>30\/11\/2018<\/strong><\/td>\n<td width=\"429\"><strong>Eleccions sector pares i mares d\u2019alumnes.<\/strong><\/td>\n<\/tr>\n<tr>\n<td width=\"100\">5\/12\/2018<\/td>\n<td width=\"429\">Publicaci\u00f3 de resultats i membres electes.<\/td>\n<\/tr>\n<\/tbody>\n<\/table>\n","protected":false},"excerpt":{"rendered":"<p>Benvolgudes fam\u00edlies, M\u2019adre\u00e7o a vosaltres per comunicar-vos l\u2019inici del\u00a0proc\u00e9s de renovaci\u00f3 parcial del consell escolar. Com ja sabeu el consell escolar \u00e9s el\u00a0m\u00e0xim \u00f2rgan col\u00b7legiat representatiu de la comunitat educativa, en ell s\u2019hi troben representants dels diferents sectors de l\u2019escola: professorat, personal d\u2019administraci\u00f3 i serveis, fam\u00edlies d\u2019alumnes i Ajuntament. Aquest proc\u00e9s d\u2019eleccions \u00e9s una\u00a0oportunitat\u00a0de participaci\u00f3\u00a0i [&hellip;]<\/p>\n","protected":false},"author":9,"featured_media":0,"comment_status":"open","ping_status":"closed","sticky":false,"template":"","format":"standard","meta":{"_bbp_topic_count":0,"_bbp_reply_count":0,"_bbp_total_topic_count":0,"_bbp_total_reply_count":0,"_bbp_voice_count":0,"_bbp_anonymous_reply_count":0,"_bbp_topic_count_hidden":0,"_bbp_reply_count_hidden":0,"_bbp_forum_subforum_count":0,"site-sidebar-layout":"default","site-content-layout":"","ast-site-content-layout":"","site-content-style":"default","site-sidebar-style":"default","ast-global-header-display":"","ast-banner-title-visibility":"","ast-main-header-display":"","ast-hfb-above-header-display":"","ast-hfb-below-header-display":"","ast-hfb-mobile-header-display":"","site-post-title":"","ast-breadcrumbs-content":"","ast-featured-img":"","footer-sml-layout":"","theme-transparent-header-meta":"","adv-header-id-meta":"","stick-header-meta":"","header-above-stick-meta":"","header-main-stick-meta":"","header-below-stick-meta":"","astra-migrate-meta-layouts":"default","ast-page-background-enabled":"default","ast-page-background-meta":{"desktop":{"background-color":"var(--ast-global-color-4)","background-image":"","background-repeat":"repeat","background-position":"center center","background-size":"auto","background-attachment":"scroll","background-type":"","background-media":"","overlay-type":"","overlay-color":"","overlay-opacity":"","overlay-gradient":""},"tablet":{"background-color":"","background-image":"","background-repeat":"repeat","background-position":"center center","background-size":"auto","background-attachment":"scroll","background-type":"","background-media":"","overlay-type":"","overlay-color":"","overlay-opacity":"","overlay-gradient":""},"mobile":{"background-color":"","background-image":"","background-repeat":"repeat","background-position":"center center","background-size":"auto","background-attachment":"scroll","background-type":"","background-media":"","overlay-type":"","overlay-color":"","overlay-opacity":"","overlay-gradient":""}},"ast-content-background-meta":{"desktop":{"background-color":"var(--ast-global-color-5)","background-image":"","background-repeat":"repeat","background-position":"center center","background-size":"auto","background-attachment":"scroll","background-type":"","background-media":"","overlay-type":"","overlay-color":"","overlay-opacity":"","overlay-gradient":""},"tablet":{"background-color":"var(--ast-global-color-5)","background-image":"","background-repeat":"repeat","background-position":"center center","background-size":"auto","background-attachment":"scroll","background-type":"","background-media":"","overlay-type":"","overlay-color":"","overlay-opacity":"","overlay-gradient":""},"mobile":{"background-color":"var(--ast-global-color-5)","background-image":"","background-repeat":"repeat","background-position":"center center","background-size":"auto","background-attachment":"scroll","background-type":"","background-media":"","overlay-type":"","overlay-color":"","overlay-opacity":"","overlay-gradient":""}},"footnotes":""},"categories":[1],"tags":[142],"class_list":["post-4092","post","type-post","status-publish","format-standard","hentry","category-general","tag-consell-escolar"],"post_mailing_queue_ids":[],"_links":{"self":[{"href":"https:\/\/agora.xtec.cat\/escolagaudisantboi\/wp-json\/wp\/v2\/posts\/4092","targetHints":{"allow":["GET"]}}],"collection":[{"href":"https:\/\/agora.xtec.cat\/escolagaudisantboi\/wp-json\/wp\/v2\/posts"}],"about":[{"href":"https:\/\/agora.xtec.cat\/escolagaudisantboi\/wp-json\/wp\/v2\/types\/post"}],"author":[{"embeddable":true,"href":"https:\/\/agora.xtec.cat\/escolagaudisantboi\/wp-json\/wp\/v2\/users\/9"}],"replies":[{"embeddable":true,"href":"https:\/\/agora.xtec.cat\/escolagaudisantboi\/wp-json\/wp\/v2\/comments?post=4092"}],"version-history":[{"count":1,"href":"https:\/\/agora.xtec.cat\/escolagaudisantboi\/wp-json\/wp\/v2\/posts\/4092\/revisions"}],"predecessor-version":[{"id":4093,"href":"https:\/\/agora.xtec.cat\/escolagaudisantboi\/wp-json\/wp\/v2\/posts\/4092\/revisions\/4093"}],"wp:attachment":[{"href":"https:\/\/agora.xtec.cat\/escolagaudisantboi\/wp-json\/wp\/v2\/media?parent=4092"}],"wp:term":[{"taxonomy":"category","embeddable":true,"href":"https:\/\/agora.xtec.cat\/escolagaudisantboi\/wp-json\/wp\/v2\/categories?post=4092"},{"taxonomy":"post_tag","embeddable":true,"href":"https:\/\/agora.xtec.cat\/escolagaudisantboi\/wp-json\/wp\/v2\/tags?post=4092"}],"curies":[{"name":"wp","href":"https:\/\/api.w.org\/{rel}","templated":true}]}}