{"id":3946,"date":"2017-09-12T16:37:01","date_gmt":"2017-09-12T14:37:01","guid":{"rendered":"https:\/\/agora.xtec.cat\/escolagaudisantboi\/?p=3946"},"modified":"2020-08-28T16:37:48","modified_gmt":"2020-08-28T14:37:48","slug":"comenca-el-nou-curs","status":"publish","type":"post","link":"https:\/\/agora.xtec.cat\/escolagaudisantboi\/general\/comenca-el-nou-curs\/","title":{"rendered":"COMEN\u00c7A EL NOU CURS!!"},"content":{"rendered":"<div align=\"JUSTIFY\">\n<div align=\"CENTER\"><img loading=\"lazy\" decoding=\"async\" src=\"http:\/\/www.escolagaudisantboi.cat\/images\/stories\/20170912_094325.jpg\" alt=\"\" width=\"300\" height=\"225\" align=\"left\" hspace=\"5\" vspace=\"5\" \/><\/div>\n<div align=\"CENTER\"><span style=\"font-size: medium;\"><b>COMEN\u00c7A UNA NOVA ETAPA DEL CAM\u00cd PLENA DE LLUM I COLOR!!<\/b><\/span><\/div>\n<\/div>\n<div align=\"JUSTIFY\"><\/div>\n<div align=\"JUSTIFY\">Benvolgudes fam\u00edlies,<\/div>\n<div>Acabem de comen\u00e7ar el curs 2017-2018 i esperem i desitgem que sigui un curs engrescador i de treball ben fet, d\u2019aprenentatge individual i col\u00b7lectiu, de participaci\u00f3 i col\u00b7laboraci\u00f3 i de serenitat i bon ambient creat entre tots i totes. Nosaltres, l\u2019equip de mestres, hem comen\u00e7at a preparar el nou curs amb il\u00b7lusi\u00f3 i empenta i esperem que sigui compartida per tots vosaltres.<b><\/b><\/div>\n<div><\/div>\n<div><b>QUE SIGUI UN BON CURS PER A TOTHOM !!! I QUE JUNTS FEM PINYA!!!<\/b><\/div>\n<div><\/div>\n<div>Us lliurem el llistat de mestres que formem\u00a0<a href=\"http:\/\/www.escolagaudisantboi.cat\/index.php?option=com_content&amp;view=article&amp;id=1489:equip-huma-curs-2017-2018&amp;catid=108:equip-huma&amp;Itemid=60\"><strong>l\u2019equip hum\u00e0<\/strong><\/a>\u00a0d\u2019aquest curs i altres informacions necess\u00e0ries i \u00fatils. Com sempre, restem a la vostra disposici\u00f3 per a qualsevol dubte o aclariment.<\/div>\n<div><b>L\u2019 equip directiu<\/b><\/div>\n<div><\/div>\n<div>\n<table border=\"1\" width=\"671\" cellspacing=\"0\" cellpadding=\"7\">\n<colgroup>\n<col width=\"655\" \/><\/colgroup>\n<tbody>\n<tr>\n<td valign=\"TOP\" width=\"655\">\n<div align=\"CENTER\"><span style=\"font-size: medium;\"><b>HORARI ESCOLAR<\/b><\/span><\/div>\n<div><\/div>\n<\/td>\n<\/tr>\n<tr>\n<td valign=\"TOP\" width=\"655\">\n<div><b>Mat\u00ed<\/b>\u00a0: 9h- 12\u201930h\u00a0<b>Tarda<\/b>: 15h -16\u201930h\u00a0<b>Menjador<\/b>:12\u201930h-15h<\/div>\n<div><\/div>\n<\/td>\n<\/tr>\n<tr>\n<td valign=\"TOP\" width=\"655\">\n<div><b>EDUCACI\u00d3 INFANTIL<\/b><\/div>\n<div><\/div>\n<\/td>\n<\/tr>\n<tr>\n<td valign=\"TOP\" width=\"655\">\n<div><u><b>Entrada a l\u2019escola<\/b><\/u>\u00a0Les portes de la Pla\u00e7a Gaud\u00ed s\u2019obriran quinze minuts abans de les 9h i cinc minuts abans de les 15h, i les fam\u00edlies hi podreu esperar. A les 9h i a les 15h menys dos minuts s\u2019obrir\u00e0 la porta de l\u2019escola i les fam\u00edlies entrareu a acompanyar els vostres fills i filles fins la porta de l\u2019aula corresponent.<\/div>\n<div><u>La\u00a0<\/u><u><b>recollida dels alumnes tant al mat\u00ed com a la tarda<\/b><\/u>\u00a0per part de les fam\u00edlies es far\u00e0 directament a la\u00a0<u><b>porta de cada aula<\/b><\/u>.<\/div>\n<div><\/div>\n<\/td>\n<\/tr>\n<tr>\n<td valign=\"TOP\" width=\"655\">\n<div><b>PRIM\u00c0RIA<\/b><\/div>\n<div><\/div>\n<\/td>\n<\/tr>\n<tr>\n<td valign=\"TOP\" width=\"655\">\n<div><u><b>Entrada a l\u2019escola.<\/b><\/u><\/div>\n<div>Les portes de la Pla\u00e7a Gaud\u00ed s\u2019obriran 15 minuts abans de les 9h, i cinc minuts abans de les 15h, i les fam\u00edlies podreu accedir-hi com a espai d\u2019 espera. A les 9h i a les 15h menys dos minuts s\u2019obrir\u00e0 la porta de l\u2019escola per fer l\u2019entrada dels alumnes, que\u00a0<b>aniran pujant a la seva aula de manera fluida i tranquil\u00b7la sense fer files<\/b>. Les mestres esperarem els nens i nenes als diferents espais de l\u2019escola.<\/div>\n<div><\/div>\n<div><u><b>Sortida de l\u2019escola<\/b><\/u>\u00a0A les 12\u201930 i a les 16\u201930 els mestres ,des de primer fins a tercer, acompanyaran els seus alumnes fins al pati, les fam\u00edlies els esperareu per recollir-los. Els alumnes grans surten sols, tamb\u00e9 per la Pla\u00e7a Gaud\u00ed.<\/div>\n<div><\/div>\n<\/td>\n<\/tr>\n<tr>\n<td valign=\"TOP\" width=\"655\" height=\"29\">\n<div><b>Fam\u00edlies, ARRIBAR PUNTUAL A L\u2019ESCOLA \u00c9S IMPORTANT!! Us demanem que a casa us ho plantegeu com un objectiu d\u2019aquest curs.<\/b><b><\/b><\/div>\n<\/td>\n<\/tr>\n<tr>\n<td valign=\"TOP\" width=\"655\" height=\"25\">\n<div>Per fer\u00a0<b>qualsevol gesti\u00f3\u00a0<\/b>s\u2019haur\u00e0 d\u2019anar a l\u2019escola per\u00a0<b>l\u2019entrada principal .<\/b><\/div>\n<div><b>L\u2019 Emi obrir\u00e0 la porta principal a les 9h. per a les gestions de menjador<\/b><\/div>\n<\/td>\n<\/tr>\n<\/tbody>\n<\/table>\n<\/div>\n","protected":false},"excerpt":{"rendered":"<p>COMEN\u00c7A UNA NOVA ETAPA DEL CAM\u00cd PLENA DE LLUM I COLOR!! Benvolgudes fam\u00edlies, Acabem de comen\u00e7ar el curs 2017-2018 i esperem i desitgem que sigui un curs engrescador i de treball ben fet, d\u2019aprenentatge individual i col\u00b7lectiu, de participaci\u00f3 i col\u00b7laboraci\u00f3 i de serenitat i bon ambient creat entre tots i totes. Nosaltres, l\u2019equip de [&hellip;]<\/p>\n","protected":false},"author":9,"featured_media":0,"comment_status":"open","ping_status":"closed","sticky":false,"template":"","format":"standard","meta":{"_bbp_topic_count":0,"_bbp_reply_count":0,"_bbp_total_topic_count":0,"_bbp_total_reply_count":0,"_bbp_voice_count":0,"_bbp_anonymous_reply_count":0,"_bbp_topic_count_hidden":0,"_bbp_reply_count_hidden":0,"_bbp_forum_subforum_count":0,"site-sidebar-layout":"default","site-content-layout":"","ast-site-content-layout":"","site-content-style":"default","site-sidebar-style":"default","ast-global-header-display":"","ast-banner-title-visibility":"","ast-main-header-display":"","ast-hfb-above-header-display":"","ast-hfb-below-header-display":"","ast-hfb-mobile-header-display":"","site-post-title":"","ast-breadcrumbs-content":"","ast-featured-img":"","footer-sml-layout":"","theme-transparent-header-meta":"","adv-header-id-meta":"","stick-header-meta":"","header-above-stick-meta":"","header-main-stick-meta":"","header-below-stick-meta":"","astra-migrate-meta-layouts":"default","ast-page-background-enabled":"default","ast-page-background-meta":{"desktop":{"background-color":"var(--ast-global-color-4)","background-image":"","background-repeat":"repeat","background-position":"center center","background-size":"auto","background-attachment":"scroll","background-type":"","background-media":"","overlay-type":"","overlay-color":"","overlay-opacity":"","overlay-gradient":""},"tablet":{"background-color":"","background-image":"","background-repeat":"repeat","background-position":"center center","background-size":"auto","background-attachment":"scroll","background-type":"","background-media":"","overlay-type":"","overlay-color":"","overlay-opacity":"","overlay-gradient":""},"mobile":{"background-color":"","background-image":"","background-repeat":"repeat","background-position":"center center","background-size":"auto","background-attachment":"scroll","background-type":"","background-media":"","overlay-type":"","overlay-color":"","overlay-opacity":"","overlay-gradient":""}},"ast-content-background-meta":{"desktop":{"background-color":"var(--ast-global-color-5)","background-image":"","background-repeat":"repeat","background-position":"center center","background-size":"auto","background-attachment":"scroll","background-type":"","background-media":"","overlay-type":"","overlay-color":"","overlay-opacity":"","overlay-gradient":""},"tablet":{"background-color":"var(--ast-global-color-5)","background-image":"","background-repeat":"repeat","background-position":"center center","background-size":"auto","background-attachment":"scroll","background-type":"","background-media":"","overlay-type":"","overlay-color":"","overlay-opacity":"","overlay-gradient":""},"mobile":{"background-color":"var(--ast-global-color-5)","background-image":"","background-repeat":"repeat","background-position":"center center","background-size":"auto","background-attachment":"scroll","background-type":"","background-media":"","overlay-type":"","overlay-color":"","overlay-opacity":"","overlay-gradient":""}},"footnotes":""},"categories":[1,2,5],"tags":[88,89,90,93],"class_list":["post-3946","post","type-post","status-publish","format-standard","hentry","category-general","category-infantil","category-primaria","tag-cicle-inicial","tag-cicle-mitja","tag-cicle-superior","tag-educacio-infantil"],"post_mailing_queue_ids":[],"_links":{"self":[{"href":"https:\/\/agora.xtec.cat\/escolagaudisantboi\/wp-json\/wp\/v2\/posts\/3946","targetHints":{"allow":["GET"]}}],"collection":[{"href":"https:\/\/agora.xtec.cat\/escolagaudisantboi\/wp-json\/wp\/v2\/posts"}],"about":[{"href":"https:\/\/agora.xtec.cat\/escolagaudisantboi\/wp-json\/wp\/v2\/types\/post"}],"author":[{"embeddable":true,"href":"https:\/\/agora.xtec.cat\/escolagaudisantboi\/wp-json\/wp\/v2\/users\/9"}],"replies":[{"embeddable":true,"href":"https:\/\/agora.xtec.cat\/escolagaudisantboi\/wp-json\/wp\/v2\/comments?post=3946"}],"version-history":[{"count":2,"href":"https:\/\/agora.xtec.cat\/escolagaudisantboi\/wp-json\/wp\/v2\/posts\/3946\/revisions"}],"predecessor-version":[{"id":3948,"href":"https:\/\/agora.xtec.cat\/escolagaudisantboi\/wp-json\/wp\/v2\/posts\/3946\/revisions\/3948"}],"wp:attachment":[{"href":"https:\/\/agora.xtec.cat\/escolagaudisantboi\/wp-json\/wp\/v2\/media?parent=3946"}],"wp:term":[{"taxonomy":"category","embeddable":true,"href":"https:\/\/agora.xtec.cat\/escolagaudisantboi\/wp-json\/wp\/v2\/categories?post=3946"},{"taxonomy":"post_tag","embeddable":true,"href":"https:\/\/agora.xtec.cat\/escolagaudisantboi\/wp-json\/wp\/v2\/tags?post=3946"}],"curies":[{"name":"wp","href":"https:\/\/api.w.org\/{rel}","templated":true}]}}