{"id":3943,"date":"2017-07-05T16:33:40","date_gmt":"2017-07-05T14:33:40","guid":{"rendered":"https:\/\/agora.xtec.cat\/escolagaudisantboi\/?p=3943"},"modified":"2020-08-28T16:34:37","modified_gmt":"2020-08-28T14:34:37","slug":"5e-a-ciutats-que-acullen","status":"publish","type":"post","link":"https:\/\/agora.xtec.cat\/escolagaudisantboi\/general\/5e-a-ciutats-que-acullen\/","title":{"rendered":"5\u00e8 a &#8216;Ciutats que acullen&#8217;"},"content":{"rendered":"<p>Benvolgudes fam\u00edlies,<\/p>\n<p>Els alumnes de cinqu\u00e8 van participar a l&#8217;acte central commemoratiu del Dia Mundial de les Persones Refugiades. Amb la proposta &#8220;Ciutats que acullen&#8221;, 800 alumnes de 16 escoles, de les 19 participants en el projecte, van omplir la pla\u00e7a de l&#8217;Ajuntament i la rambla de Rafael Casanova amb activitats relacionades amb el concepte d&#8217;acollida.<\/p>\n<div class=\"ast-oembed-container \" style=\"height: 100%;\"><iframe loading=\"lazy\" title=\"&quot;Ciutats que acullen&quot; (Canal Ajuntament Sant Boi)\" width=\"500\" height=\"281\" src=\"https:\/\/www.youtube.com\/embed\/nPxFPoqbIsQ?feature=oembed\" frameborder=\"0\" allow=\"accelerometer; autoplay; clipboard-write; encrypted-media; gyroscope; picture-in-picture; web-share\" referrerpolicy=\"strict-origin-when-cross-origin\" allowfullscreen><\/iframe><\/div>\n<p>L&#8217;acci\u00f3, anomenada &#8220;Ciutats que acullen&#8221;, que va tenir lloc el dia 20 de juny al mat\u00ed, partia d&#8217;un taller previ condu\u00eft per la Comissi\u00f3 Catalana d&#8217;Ajuda al Refugiat i un treball pl\u00e0stic a les aules dissenyat amb la col\u00b7laboraci\u00f3 de Can Castells Centre d&#8217;Art i l&#8217;artista santboi\u00e0 Ferran Mancera. Juntament amb les activitats, hi va haver el testimoni d&#8217;una persona acollida a Sant Boi, la lectura de poemes per part d&#8217;infants i d&#8217;una declaraci\u00f3 institucional de comprom\u00eds amb la inf\u00e0ncia refugiada que ha estat impulsada per l&#8217;ong Save the Children en el marc de la campanya Mi \u00e1rbol, tus ra\u00edces . A la tarda, el concert &#8220;La Blai Net Band amb les persones refugiades&#8221; va donar pas a la cercavila, amb la participaci\u00f3 de 150 persones, de les 36 casetes de cartr\u00f3 que al mat\u00ed havien decorat els nens i les nenes fins a Can Castells Centre d&#8217;Art (CCCA).<\/p>\n<p>Amb l&#8217;aprovaci\u00f3 del Pla municipal d&#8217;acollida a persones refugiades , l&#8217;any 2016, l&#8217;Ajuntament va establir el comprom\u00eds d&#8217;iniciar la commemoraci\u00f3 del Dia Mundial de les Persones Refugiades cada 20 de juny. La campanya compta comb el suport de la Diputaci\u00f3 de Barcelona.<\/p>\n<p>&nbsp;<\/p>\n","protected":false},"excerpt":{"rendered":"<p>Benvolgudes fam\u00edlies, Els alumnes de cinqu\u00e8 van participar a l&#8217;acte central commemoratiu del Dia Mundial de les Persones Refugiades. Amb la proposta &#8220;Ciutats que acullen&#8221;, 800 alumnes de 16 escoles, de les 19 participants en el projecte, van omplir la pla\u00e7a de l&#8217;Ajuntament i la rambla de Rafael Casanova amb activitats relacionades amb el concepte [&hellip;]<\/p>\n","protected":false},"author":9,"featured_media":3944,"comment_status":"open","ping_status":"closed","sticky":false,"template":"","format":"standard","meta":{"_bbp_topic_count":0,"_bbp_reply_count":0,"_bbp_total_topic_count":0,"_bbp_total_reply_count":0,"_bbp_voice_count":0,"_bbp_anonymous_reply_count":0,"_bbp_topic_count_hidden":0,"_bbp_reply_count_hidden":0,"_bbp_forum_subforum_count":0,"site-sidebar-layout":"default","site-content-layout":"","ast-site-content-layout":"","site-content-style":"default","site-sidebar-style":"default","ast-global-header-display":"","ast-banner-title-visibility":"","ast-main-header-display":"","ast-hfb-above-header-display":"","ast-hfb-below-header-display":"","ast-hfb-mobile-header-display":"","site-post-title":"","ast-breadcrumbs-content":"","ast-featured-img":"","footer-sml-layout":"","theme-transparent-header-meta":"","adv-header-id-meta":"","stick-header-meta":"","header-above-stick-meta":"","header-main-stick-meta":"","header-below-stick-meta":"","astra-migrate-meta-layouts":"default","ast-page-background-enabled":"default","ast-page-background-meta":{"desktop":{"background-color":"var(--ast-global-color-4)","background-image":"","background-repeat":"repeat","background-position":"center center","background-size":"auto","background-attachment":"scroll","background-type":"","background-media":"","overlay-type":"","overlay-color":"","overlay-opacity":"","overlay-gradient":""},"tablet":{"background-color":"","background-image":"","background-repeat":"repeat","background-position":"center center","background-size":"auto","background-attachment":"scroll","background-type":"","background-media":"","overlay-type":"","overlay-color":"","overlay-opacity":"","overlay-gradient":""},"mobile":{"background-color":"","background-image":"","background-repeat":"repeat","background-position":"center center","background-size":"auto","background-attachment":"scroll","background-type":"","background-media":"","overlay-type":"","overlay-color":"","overlay-opacity":"","overlay-gradient":""}},"ast-content-background-meta":{"desktop":{"background-color":"var(--ast-global-color-5)","background-image":"","background-repeat":"repeat","background-position":"center center","background-size":"auto","background-attachment":"scroll","background-type":"","background-media":"","overlay-type":"","overlay-color":"","overlay-opacity":"","overlay-gradient":""},"tablet":{"background-color":"var(--ast-global-color-5)","background-image":"","background-repeat":"repeat","background-position":"center center","background-size":"auto","background-attachment":"scroll","background-type":"","background-media":"","overlay-type":"","overlay-color":"","overlay-opacity":"","overlay-gradient":""},"mobile":{"background-color":"var(--ast-global-color-5)","background-image":"","background-repeat":"repeat","background-position":"center center","background-size":"auto","background-attachment":"scroll","background-type":"","background-media":"","overlay-type":"","overlay-color":"","overlay-opacity":"","overlay-gradient":""}},"footnotes":""},"categories":[14,1,5],"tags":[63],"class_list":["post-3943","post","type-post","status-publish","format-standard","has-post-thumbnail","hentry","category-5e","category-general","category-primaria","tag-5e"],"post_mailing_queue_ids":[],"_links":{"self":[{"href":"https:\/\/agora.xtec.cat\/escolagaudisantboi\/wp-json\/wp\/v2\/posts\/3943","targetHints":{"allow":["GET"]}}],"collection":[{"href":"https:\/\/agora.xtec.cat\/escolagaudisantboi\/wp-json\/wp\/v2\/posts"}],"about":[{"href":"https:\/\/agora.xtec.cat\/escolagaudisantboi\/wp-json\/wp\/v2\/types\/post"}],"author":[{"embeddable":true,"href":"https:\/\/agora.xtec.cat\/escolagaudisantboi\/wp-json\/wp\/v2\/users\/9"}],"replies":[{"embeddable":true,"href":"https:\/\/agora.xtec.cat\/escolagaudisantboi\/wp-json\/wp\/v2\/comments?post=3943"}],"version-history":[{"count":1,"href":"https:\/\/agora.xtec.cat\/escolagaudisantboi\/wp-json\/wp\/v2\/posts\/3943\/revisions"}],"predecessor-version":[{"id":3945,"href":"https:\/\/agora.xtec.cat\/escolagaudisantboi\/wp-json\/wp\/v2\/posts\/3943\/revisions\/3945"}],"wp:featuredmedia":[{"embeddable":true,"href":"https:\/\/agora.xtec.cat\/escolagaudisantboi\/wp-json\/wp\/v2\/media\/3944"}],"wp:attachment":[{"href":"https:\/\/agora.xtec.cat\/escolagaudisantboi\/wp-json\/wp\/v2\/media?parent=3943"}],"wp:term":[{"taxonomy":"category","embeddable":true,"href":"https:\/\/agora.xtec.cat\/escolagaudisantboi\/wp-json\/wp\/v2\/categories?post=3943"},{"taxonomy":"post_tag","embeddable":true,"href":"https:\/\/agora.xtec.cat\/escolagaudisantboi\/wp-json\/wp\/v2\/tags?post=3943"}],"curies":[{"name":"wp","href":"https:\/\/api.w.org\/{rel}","templated":true}]}}