{"id":3940,"date":"2017-06-28T16:28:52","date_gmt":"2017-06-28T14:28:52","guid":{"rendered":"https:\/\/agora.xtec.cat\/escolagaudisantboi\/?p=3940"},"modified":"2020-08-28T16:30:00","modified_gmt":"2020-08-28T14:30:00","slug":"editorial-gaudiari-47","status":"publish","type":"post","link":"https:\/\/agora.xtec.cat\/escolagaudisantboi\/general\/editorial-gaudiari-47\/","title":{"rendered":"Editorial GauDiari 47"},"content":{"rendered":"<p><a href=\"https:\/\/agora.xtec.cat\/escolagaudisantboi\/wp-content\/uploads\/usu2030\/2020\/07\/logo-gaudiari-2010.jpg\"><img loading=\"lazy\" decoding=\"async\" class=\"alignnone size-large wp-image-3517\" src=\"https:\/\/agora.xtec.cat\/escolagaudisantboi\/wp-content\/uploads\/usu2030\/2020\/07\/logo-gaudiari-2010-1024x196.jpg\" alt=\"\" width=\"1024\" height=\"196\" srcset=\"https:\/\/agora.xtec.cat\/escolagaudisantboi\/wp-content\/uploads\/usu2030\/2020\/07\/logo-gaudiari-2010-1024x196.jpg 1024w, https:\/\/agora.xtec.cat\/escolagaudisantboi\/wp-content\/uploads\/usu2030\/2020\/07\/logo-gaudiari-2010-300x57.jpg 300w, https:\/\/agora.xtec.cat\/escolagaudisantboi\/wp-content\/uploads\/usu2030\/2020\/07\/logo-gaudiari-2010-768x147.jpg 768w, https:\/\/agora.xtec.cat\/escolagaudisantboi\/wp-content\/uploads\/usu2030\/2020\/07\/logo-gaudiari-2010.jpg 1197w\" sizes=\"auto, (max-width: 1024px) 100vw, 1024px\" \/><\/a><\/p>\n<p><a href=\"https:\/\/agora.xtec.cat\/escolagaudisantboi\/wp-content\/uploads\/usu2030\/2020\/08\/jubilades.jpg\"><img loading=\"lazy\" decoding=\"async\" class=\"alignnone size-full wp-image-3941\" src=\"https:\/\/agora.xtec.cat\/escolagaudisantboi\/wp-content\/uploads\/usu2030\/2020\/08\/jubilades.jpg\" alt=\"\" width=\"792\" height=\"378\" srcset=\"https:\/\/agora.xtec.cat\/escolagaudisantboi\/wp-content\/uploads\/usu2030\/2020\/08\/jubilades.jpg 792w, https:\/\/agora.xtec.cat\/escolagaudisantboi\/wp-content\/uploads\/usu2030\/2020\/08\/jubilades-300x143.jpg 300w, https:\/\/agora.xtec.cat\/escolagaudisantboi\/wp-content\/uploads\/usu2030\/2020\/08\/jubilades-768x367.jpg 768w\" sizes=\"auto, (max-width: 792px) 100vw, 792px\" \/><\/a><\/p>\n<p><strong>GR\u00c0CIES MESTRES!!<\/strong>!<\/p>\n<p>Aquest curs tres mestres de l&#8217;escola acaben la seva vida professional i iniciaran la seva etapa de merescuda jubilaci\u00f3.<\/p>\n<p>Quants anys Teresa, Dolores, Em\u00edlia!! Quant de temps dedicat a l&#8217;escola, a millorar la vostra tasca com a mestres creient que all\u00f2 que ten\u00edeu entre mans era el b\u00e9 m\u00e9s preuat: els nens i les nenes i la seva educaci\u00f3.<\/p>\n<p>La vostra estimaci\u00f3 pels nens i nenes, la vostra dedicaci\u00f3, el vostre saber fer de mestres, el vostre treball diari ensenyant lleng\u00fces, ci\u00e8ncies o arts formar\u00e0 part de la hist\u00f2ria de l\u2019escola i de la dels nens i nenes que han estat els vostres alumnes.<\/p>\n<p>Gr\u00e0cies companyes, gr\u00e0cies amigues, per la vostra feina , per la vostra professionalitat, per saber treballar en equip, perqu\u00e8 hem apr\u00e8s al vostre costat, per ajudar a cr\u00e9ixer la nostra\/vostra escola.<\/p>\n<p>Si escoltem la veu dels nens i nenes podem sentir paraules com aquestes:<\/p>\n<p>Gr\u00e0cies mestres pels bons consells.<\/p>\n<p>Gr\u00e0cies per entendre que un dia estava desmotivat i vas buscar la manera d&#8217;atreure la meva atenci\u00f3.<\/p>\n<p>Gr\u00e0cies per fer que les lleng\u00fces, les ci\u00e8ncies o les arts m&#8217;agradin.<\/p>\n<p>Gr\u00e0cies per escoltar-me, entendre\u2019m i acompanyar-me.<\/p>\n<p>Gr\u00e0cies per tolerar certes actituds que costen de tolerar.<\/p>\n<p>Gr\u00e0cies per ensenyar-me a aprendre.<\/p>\n<p>Gr\u00e0cies per ajudar-me a ser i a cr\u00e9ixer com a persona.<\/p>\n<p>Gr\u00e0cies per estimar-me.<\/p>\n<p>&nbsp;<\/p>\n<p>Teresa, Dolores, Em\u00edlia, l&#8217;escola Gaud\u00ed ser\u00e0 sempre vostra!!<\/p>\n<p>No us oblidarem!!<\/p>\n<p><strong>Comunitat educativa de l\u2019escola Antoni Gaud\u00ed<\/strong><\/p>\n<p>&nbsp;<\/p>\n<p>&nbsp;<\/p>\n<p><strong><em>DIGUEM-NOS COSES BONIQUES<\/em><\/strong><\/p>\n<p>(article de Carles Capdevila, que ens va deixar el dia 2 de juny de 2017)<\/p>\n<div>\n<div><em>QUAN PARLO en algunes xerrades de \u201cviure amb\u00a0<\/em><em>humor\u201d, no vull dir que riguem tot el dia. Ni es pot ni cal. Tenir humor vol dir tenir\u00a0<\/em><em>moral, i tenir moral vol dir tenir valors. Estar d\u2019humor vol dir tenir una bona disposici\u00f3, ser positiu. Si a sobre la ironia ens acompanya, trobarem complicitats i somriures o\u00a0<\/em><em>rialles que ens ajudin a superar mals moments.<\/em><\/div>\n<\/div>\n<div><em>\u00a0<\/em><\/div>\n<div><em>En temps dif\u00edcils, i els actuals ho s\u00f3n, l\u2019actitud marca la difer\u00e8ncia. I aquesta s\u2019alimenta de l\u2019autoestima, que no deixa de ser el balan\u00e7 de com estem amb nosaltres mateixos quan passem comptes. Tendim a carregar o descarregar l\u2019autoestima en funci\u00f3 del que diuen o pensen de nosaltres. Aquest carregador sembla f\u00e0cil i \u00e9s engany\u00f3s, perqu\u00e8 donem massa pes a la valoraci\u00f3 de l\u2019altre, que sempre ser\u00e0 apressada o s\u2019expressar\u00e0<\/em><\/div>\n<div><em>en likes superficials a les xarxes. En una societat\u00a0competitiva costa trobar elogis personalitzats i\u00a0de veritat, tots anem prou enfeinats.<\/em><\/div>\n<div><\/div>\n<div><em>Fa temps que penso que el m\u00e9s important, el m\u00e9s decisiu, el m\u00e9s transformador, \u00e9s el que ens diem a nosaltres mateixos. De la mateixa\u00a0manera que si ens agradem al mirall aquell dia\u00a0sortirem amb m\u00e9s \u00e0nims al carrer, \u00e9s bo\u00a0treballar un altre mirall, l\u2019interior, i no demanar-li\u00a0qui \u00e9s m\u00e9s bonic, sin\u00f3 dir-nos coses boniques.<\/em><\/div>\n<div><em>No es tracta d\u2019ensabonar-nos ni d\u2019enganyar-nos, que tractant-se de nosaltres mateixos no colaria.\u00a0L\u2019exercici \u00e9s m\u00e9s seri\u00f3s. Cada dia de la nostra vida t\u00e9 dues versions, la cara A i la cara B. I com que est\u00e0 de moda la queixa, i pensar que els altres tenen m\u00e9s sort i mai rebem el que ens mereixem, solem ficar-nos al llit carregats de\u00a0retrets contra el m\u00f3n. Si hi penses b\u00e9 i ho treballes, cada dia t\u2019ha dut coses bones, aprenentatges enriquidors. I si els vas recordant, si construeixes un relat cert sobre la\u00a0part positiva del que et va passar ahir, sortir\u00e0s a afrontar l\u2019avui amb m\u00e9s ganes.<\/em><\/div>\n<div><\/div>\n<div><strong>\u00a0<\/strong><\/div>\n<div><strong>GR\u00c0CIES CARLES, A L\u2019ESCOLA GAUD\u00cd ET RECORDAREM AMB MOLT D\u2019AFECTE!<\/strong><\/div>\n<div><strong>LES TEVES PARAULES SEMPRE ENS ACOMPANYARAN!<\/strong><\/div>\n","protected":false},"excerpt":{"rendered":"<p>GR\u00c0CIES MESTRES!!! Aquest curs tres mestres de l&#8217;escola acaben la seva vida professional i iniciaran la seva etapa de merescuda jubilaci\u00f3. Quants anys Teresa, Dolores, Em\u00edlia!! Quant de temps dedicat a l&#8217;escola, a millorar la vostra tasca com a mestres creient que all\u00f2 que ten\u00edeu entre mans era el b\u00e9 m\u00e9s preuat: els nens i [&hellip;]<\/p>\n","protected":false},"author":9,"featured_media":3517,"comment_status":"open","ping_status":"closed","sticky":false,"template":"","format":"standard","meta":{"_bbp_topic_count":0,"_bbp_reply_count":0,"_bbp_total_topic_count":0,"_bbp_total_reply_count":0,"_bbp_voice_count":0,"_bbp_anonymous_reply_count":0,"_bbp_topic_count_hidden":0,"_bbp_reply_count_hidden":0,"_bbp_forum_subforum_count":0,"site-sidebar-layout":"default","site-content-layout":"","ast-site-content-layout":"","site-content-style":"default","site-sidebar-style":"default","ast-global-header-display":"","ast-banner-title-visibility":"","ast-main-header-display":"","ast-hfb-above-header-display":"","ast-hfb-below-header-display":"","ast-hfb-mobile-header-display":"","site-post-title":"","ast-breadcrumbs-content":"","ast-featured-img":"","footer-sml-layout":"","theme-transparent-header-meta":"","adv-header-id-meta":"","stick-header-meta":"","header-above-stick-meta":"","header-main-stick-meta":"","header-below-stick-meta":"","astra-migrate-meta-layouts":"default","ast-page-background-enabled":"default","ast-page-background-meta":{"desktop":{"background-color":"var(--ast-global-color-4)","background-image":"","background-repeat":"repeat","background-position":"center center","background-size":"auto","background-attachment":"scroll","background-type":"","background-media":"","overlay-type":"","overlay-color":"","overlay-opacity":"","overlay-gradient":""},"tablet":{"background-color":"","background-image":"","background-repeat":"repeat","background-position":"center center","background-size":"auto","background-attachment":"scroll","background-type":"","background-media":"","overlay-type":"","overlay-color":"","overlay-opacity":"","overlay-gradient":""},"mobile":{"background-color":"","background-image":"","background-repeat":"repeat","background-position":"center center","background-size":"auto","background-attachment":"scroll","background-type":"","background-media":"","overlay-type":"","overlay-color":"","overlay-opacity":"","overlay-gradient":""}},"ast-content-background-meta":{"desktop":{"background-color":"var(--ast-global-color-5)","background-image":"","background-repeat":"repeat","background-position":"center center","background-size":"auto","background-attachment":"scroll","background-type":"","background-media":"","overlay-type":"","overlay-color":"","overlay-opacity":"","overlay-gradient":""},"tablet":{"background-color":"var(--ast-global-color-5)","background-image":"","background-repeat":"repeat","background-position":"center center","background-size":"auto","background-attachment":"scroll","background-type":"","background-media":"","overlay-type":"","overlay-color":"","overlay-opacity":"","overlay-gradient":""},"mobile":{"background-color":"var(--ast-global-color-5)","background-image":"","background-repeat":"repeat","background-position":"center center","background-size":"auto","background-attachment":"scroll","background-type":"","background-media":"","overlay-type":"","overlay-color":"","overlay-opacity":"","overlay-gradient":""}},"footnotes":""},"categories":[136,1],"tags":[137],"class_list":["post-3940","post","type-post","status-publish","format-standard","has-post-thumbnail","hentry","category-gaudiari","category-general","tag-gaudiari"],"post_mailing_queue_ids":[],"_links":{"self":[{"href":"https:\/\/agora.xtec.cat\/escolagaudisantboi\/wp-json\/wp\/v2\/posts\/3940","targetHints":{"allow":["GET"]}}],"collection":[{"href":"https:\/\/agora.xtec.cat\/escolagaudisantboi\/wp-json\/wp\/v2\/posts"}],"about":[{"href":"https:\/\/agora.xtec.cat\/escolagaudisantboi\/wp-json\/wp\/v2\/types\/post"}],"author":[{"embeddable":true,"href":"https:\/\/agora.xtec.cat\/escolagaudisantboi\/wp-json\/wp\/v2\/users\/9"}],"replies":[{"embeddable":true,"href":"https:\/\/agora.xtec.cat\/escolagaudisantboi\/wp-json\/wp\/v2\/comments?post=3940"}],"version-history":[{"count":1,"href":"https:\/\/agora.xtec.cat\/escolagaudisantboi\/wp-json\/wp\/v2\/posts\/3940\/revisions"}],"predecessor-version":[{"id":3942,"href":"https:\/\/agora.xtec.cat\/escolagaudisantboi\/wp-json\/wp\/v2\/posts\/3940\/revisions\/3942"}],"wp:featuredmedia":[{"embeddable":true,"href":"https:\/\/agora.xtec.cat\/escolagaudisantboi\/wp-json\/wp\/v2\/media\/3517"}],"wp:attachment":[{"href":"https:\/\/agora.xtec.cat\/escolagaudisantboi\/wp-json\/wp\/v2\/media?parent=3940"}],"wp:term":[{"taxonomy":"category","embeddable":true,"href":"https:\/\/agora.xtec.cat\/escolagaudisantboi\/wp-json\/wp\/v2\/categories?post=3940"},{"taxonomy":"post_tag","embeddable":true,"href":"https:\/\/agora.xtec.cat\/escolagaudisantboi\/wp-json\/wp\/v2\/tags?post=3940"}],"curies":[{"name":"wp","href":"https:\/\/api.w.org\/{rel}","templated":true}]}}