{"id":3931,"date":"2017-05-25T16:18:37","date_gmt":"2017-05-25T14:18:37","guid":{"rendered":"https:\/\/agora.xtec.cat\/escolagaudisantboi\/?p=3931"},"modified":"2020-08-28T16:19:35","modified_gmt":"2020-08-28T14:19:35","slug":"info-p5-fas-6-anys-tria-un-llibre","status":"publish","type":"post","link":"https:\/\/agora.xtec.cat\/escolagaudisantboi\/general\/info-p5-fas-6-anys-tria-un-llibre\/","title":{"rendered":"Info P5: FAS 6 ANYS. TRIA UN LLIBRE"},"content":{"rendered":"<p><img loading=\"lazy\" decoding=\"async\" src=\"http:\/\/www.escolagaudisantboi.cat\/images\/stories\/16-17\/pec\/unnamed.jpg\" alt=\"\" width=\"300\" height=\"141\" align=\"left\" hspace=\"5\" \/>Benvolgudes fam\u00edlies de P5,<\/p>\n<p>L\u2019infant que fa o hagi fet 6 anys durant aquest 2017 (<strong>alumnes de P5!<\/strong>),\u00a0<b>rebr\u00e0 a casa una targeta que el convidar\u00e0 a anar a la llibreria m\u00e9s propera adherida a la campanya\u00a0<\/b>(a Sant Boi \u00e9s Abacus).\u00a0All\u00e0 podr\u00e0 bescanviar la targeta pel llibre que m\u00e9s li agradi per un import de fins a 13\u20ac.<\/p>\n<p>La campanya\u00a0<b>finalitza el proper 17 de juny<\/b>. En cas de no rebre la targeta durant aquesta setmana, es pot enviar un correu a l\u2019adre\u00e7a\u00a0<b>\u00a0<a href=\"mailto:fas6anys@gencat.cat\">fas6anys@gencat.cat<\/a>\u00a0<\/b>\u00a0amb el nom, cognom, data de naixement i adre\u00e7a completa de l\u2019infant. Per email facilitaran el codi corresponent<\/p>\n<p>El link amb tota la informaci\u00f3 \u00e9s :\u00a0<a href=\"http:\/\/cultura.gencat.cat\/ca\/departament\/estructura_i_adreces\/organismes\/icec\/fas6anys\/\" target=\"_blank\" rel=\"noopener noreferrer\" data-saferedirecturl=\"https:\/\/www.google.com\/url?hl=ca&amp;q=http:\/\/cultura.gencat.cat\/ca\/departament\/estructura_i_adreces\/organismes\/icec\/fas6anys\/&amp;source=gmail&amp;ust=1495802046395000&amp;usg=AFQjCNHkNlj_l_Dqp6V23iQnbZ36imn8LQ\">http:\/\/cultura.gencat.cat\/<wbr \/>ca\/departament\/estructura_i_<wbr \/>adreces\/organismes\/icec\/<wbr \/>fas6anys\/<\/a><\/p>\n","protected":false},"excerpt":{"rendered":"<p>Benvolgudes fam\u00edlies de P5, L\u2019infant que fa o hagi fet 6 anys durant aquest 2017 (alumnes de P5!),\u00a0rebr\u00e0 a casa una targeta que el convidar\u00e0 a anar a la llibreria m\u00e9s propera adherida a la campanya\u00a0(a Sant Boi \u00e9s Abacus).\u00a0All\u00e0 podr\u00e0 bescanviar la targeta pel llibre que m\u00e9s li agradi per un import de fins [&hellip;]<\/p>\n","protected":false},"author":9,"featured_media":0,"comment_status":"open","ping_status":"closed","sticky":false,"template":"","format":"standard","meta":{"_bbp_topic_count":0,"_bbp_reply_count":0,"_bbp_total_topic_count":0,"_bbp_total_reply_count":0,"_bbp_voice_count":0,"_bbp_anonymous_reply_count":0,"_bbp_topic_count_hidden":0,"_bbp_reply_count_hidden":0,"_bbp_forum_subforum_count":0,"site-sidebar-layout":"default","site-content-layout":"","ast-site-content-layout":"","site-content-style":"default","site-sidebar-style":"default","ast-global-header-display":"","ast-banner-title-visibility":"","ast-main-header-display":"","ast-hfb-above-header-display":"","ast-hfb-below-header-display":"","ast-hfb-mobile-header-display":"","site-post-title":"","ast-breadcrumbs-content":"","ast-featured-img":"","footer-sml-layout":"","theme-transparent-header-meta":"","adv-header-id-meta":"","stick-header-meta":"","header-above-stick-meta":"","header-main-stick-meta":"","header-below-stick-meta":"","astra-migrate-meta-layouts":"default","ast-page-background-enabled":"default","ast-page-background-meta":{"desktop":{"background-color":"var(--ast-global-color-4)","background-image":"","background-repeat":"repeat","background-position":"center center","background-size":"auto","background-attachment":"scroll","background-type":"","background-media":"","overlay-type":"","overlay-color":"","overlay-opacity":"","overlay-gradient":""},"tablet":{"background-color":"","background-image":"","background-repeat":"repeat","background-position":"center center","background-size":"auto","background-attachment":"scroll","background-type":"","background-media":"","overlay-type":"","overlay-color":"","overlay-opacity":"","overlay-gradient":""},"mobile":{"background-color":"","background-image":"","background-repeat":"repeat","background-position":"center center","background-size":"auto","background-attachment":"scroll","background-type":"","background-media":"","overlay-type":"","overlay-color":"","overlay-opacity":"","overlay-gradient":""}},"ast-content-background-meta":{"desktop":{"background-color":"var(--ast-global-color-5)","background-image":"","background-repeat":"repeat","background-position":"center center","background-size":"auto","background-attachment":"scroll","background-type":"","background-media":"","overlay-type":"","overlay-color":"","overlay-opacity":"","overlay-gradient":""},"tablet":{"background-color":"var(--ast-global-color-5)","background-image":"","background-repeat":"repeat","background-position":"center center","background-size":"auto","background-attachment":"scroll","background-type":"","background-media":"","overlay-type":"","overlay-color":"","overlay-opacity":"","overlay-gradient":""},"mobile":{"background-color":"var(--ast-global-color-5)","background-image":"","background-repeat":"repeat","background-position":"center center","background-size":"auto","background-attachment":"scroll","background-type":"","background-media":"","overlay-type":"","overlay-color":"","overlay-opacity":"","overlay-gradient":""}},"footnotes":""},"categories":[1,9,2],"tags":[93,92],"class_list":["post-3931","post","type-post","status-publish","format-standard","hentry","category-general","category-i5","category-infantil","tag-educacio-infantil","tag-habit-lector"],"post_mailing_queue_ids":[],"_links":{"self":[{"href":"https:\/\/agora.xtec.cat\/escolagaudisantboi\/wp-json\/wp\/v2\/posts\/3931","targetHints":{"allow":["GET"]}}],"collection":[{"href":"https:\/\/agora.xtec.cat\/escolagaudisantboi\/wp-json\/wp\/v2\/posts"}],"about":[{"href":"https:\/\/agora.xtec.cat\/escolagaudisantboi\/wp-json\/wp\/v2\/types\/post"}],"author":[{"embeddable":true,"href":"https:\/\/agora.xtec.cat\/escolagaudisantboi\/wp-json\/wp\/v2\/users\/9"}],"replies":[{"embeddable":true,"href":"https:\/\/agora.xtec.cat\/escolagaudisantboi\/wp-json\/wp\/v2\/comments?post=3931"}],"version-history":[{"count":1,"href":"https:\/\/agora.xtec.cat\/escolagaudisantboi\/wp-json\/wp\/v2\/posts\/3931\/revisions"}],"predecessor-version":[{"id":3932,"href":"https:\/\/agora.xtec.cat\/escolagaudisantboi\/wp-json\/wp\/v2\/posts\/3931\/revisions\/3932"}],"wp:attachment":[{"href":"https:\/\/agora.xtec.cat\/escolagaudisantboi\/wp-json\/wp\/v2\/media?parent=3931"}],"wp:term":[{"taxonomy":"category","embeddable":true,"href":"https:\/\/agora.xtec.cat\/escolagaudisantboi\/wp-json\/wp\/v2\/categories?post=3931"},{"taxonomy":"post_tag","embeddable":true,"href":"https:\/\/agora.xtec.cat\/escolagaudisantboi\/wp-json\/wp\/v2\/tags?post=3931"}],"curies":[{"name":"wp","href":"https:\/\/api.w.org\/{rel}","templated":true}]}}