{"id":3919,"date":"2017-03-31T15:54:55","date_gmt":"2017-03-31T13:54:55","guid":{"rendered":"https:\/\/agora.xtec.cat\/escolagaudisantboi\/?p=3919"},"modified":"2020-08-28T15:56:13","modified_gmt":"2020-08-28T13:56:13","slug":"projecte-el-pati-que-somiem","status":"publish","type":"post","link":"https:\/\/agora.xtec.cat\/escolagaudisantboi\/general\/projecte-el-pati-que-somiem\/","title":{"rendered":"PROJECTE &#8220;EL PATI QUE SOMIEM!&#8221;"},"content":{"rendered":"<p><img loading=\"lazy\" decoding=\"async\" src=\"http:\/\/www.escolagaudisantboi.cat\/images\/stories\/logo%20gaudi-2011.jpg\" alt=\"\" width=\"150\" height=\"110\" align=\"left\" \/><\/p>\n<p><b>FAM\u00cdLIES, PARLEM DEL NOU PROJECTE DE PATI!!!<\/b><\/p>\n<div><b>DIMECRES 5 D&#8217;ABRIL A LES 15h<\/b><\/div>\n<div align=\"center\"><\/div>\n<div>La Comissi\u00f3 Pati us convida a con\u00e8ixer\u00a0<b>l&#8217;arquitecte que ens assessora, Marc Cas<\/b><b>any,\u00a0<\/b>qui ens explicar\u00e0 com est\u00e0 avan\u00e7ant\u00a0<a href=\"http:\/\/www.escolagaudisantboi.cat\/index.php?option=com_content&amp;view=article&amp;id=1444:avanca-el-projecte-qel-pati-que-somiemq&amp;catid=38:escola&amp;Itemid=68\"><strong>el projecte del pati<\/strong><\/a>.<\/div>\n<div><\/div>\n<div><\/div>\n<div>Us volem explicar com partint de les idees dels nens i nenes proposem un<\/div>\n<div><b>\u00abinvent \/ estructura \/ element\u00bb<\/b><\/div>\n<div>que els proporcionar\u00e0 noves experi\u00e8ncies tant durant els patis com durant les classes.<\/div>\n<div><\/div>\n<div>A la reuni\u00f3 us explicarem tamb\u00e9 el que volem fer a partir d&#8217;ara i<strong>\u00a0com hi podeu participar<\/strong>. La vostra pres\u00e8ncia \u00e9s important, ja que volem que tothom pugui fer seu aquest projecte que tindr\u00e0 una important repercussi\u00f3 en el dia a dia dels nostres fills i filles.<\/div>\n<div><strong>Comissi\u00f3 Pati<\/strong><\/div>\n<div><strong><em><a href=\"mailto:comissio.pati.gaudi@gmail.com\">comissio.pati.gaudi@gmail.com<\/a><\/em><\/strong><\/div>\n","protected":false},"excerpt":{"rendered":"<p>FAM\u00cdLIES, PARLEM DEL NOU PROJECTE DE PATI!!! DIMECRES 5 D&#8217;ABRIL A LES 15h La Comissi\u00f3 Pati us convida a con\u00e8ixer\u00a0l&#8217;arquitecte que ens assessora, Marc Casany,\u00a0qui ens explicar\u00e0 com est\u00e0 avan\u00e7ant\u00a0el projecte del pati. Us volem explicar com partint de les idees dels nens i nenes proposem un \u00abinvent \/ estructura \/ element\u00bb que els proporcionar\u00e0 [&hellip;]<\/p>\n","protected":false},"author":9,"featured_media":0,"comment_status":"open","ping_status":"closed","sticky":false,"template":"","format":"standard","meta":{"_bbp_topic_count":0,"_bbp_reply_count":0,"_bbp_total_topic_count":0,"_bbp_total_reply_count":0,"_bbp_voice_count":0,"_bbp_anonymous_reply_count":0,"_bbp_topic_count_hidden":0,"_bbp_reply_count_hidden":0,"_bbp_forum_subforum_count":0,"site-sidebar-layout":"default","site-content-layout":"","ast-site-content-layout":"","site-content-style":"default","site-sidebar-style":"default","ast-global-header-display":"","ast-banner-title-visibility":"","ast-main-header-display":"","ast-hfb-above-header-display":"","ast-hfb-below-header-display":"","ast-hfb-mobile-header-display":"","site-post-title":"","ast-breadcrumbs-content":"","ast-featured-img":"","footer-sml-layout":"","theme-transparent-header-meta":"","adv-header-id-meta":"","stick-header-meta":"","header-above-stick-meta":"","header-main-stick-meta":"","header-below-stick-meta":"","astra-migrate-meta-layouts":"default","ast-page-background-enabled":"default","ast-page-background-meta":{"desktop":{"background-color":"var(--ast-global-color-4)","background-image":"","background-repeat":"repeat","background-position":"center center","background-size":"auto","background-attachment":"scroll","background-type":"","background-media":"","overlay-type":"","overlay-color":"","overlay-opacity":"","overlay-gradient":""},"tablet":{"background-color":"","background-image":"","background-repeat":"repeat","background-position":"center center","background-size":"auto","background-attachment":"scroll","background-type":"","background-media":"","overlay-type":"","overlay-color":"","overlay-opacity":"","overlay-gradient":""},"mobile":{"background-color":"","background-image":"","background-repeat":"repeat","background-position":"center center","background-size":"auto","background-attachment":"scroll","background-type":"","background-media":"","overlay-type":"","overlay-color":"","overlay-opacity":"","overlay-gradient":""}},"ast-content-background-meta":{"desktop":{"background-color":"var(--ast-global-color-5)","background-image":"","background-repeat":"repeat","background-position":"center center","background-size":"auto","background-attachment":"scroll","background-type":"","background-media":"","overlay-type":"","overlay-color":"","overlay-opacity":"","overlay-gradient":""},"tablet":{"background-color":"var(--ast-global-color-5)","background-image":"","background-repeat":"repeat","background-position":"center center","background-size":"auto","background-attachment":"scroll","background-type":"","background-media":"","overlay-type":"","overlay-color":"","overlay-opacity":"","overlay-gradient":""},"mobile":{"background-color":"var(--ast-global-color-5)","background-image":"","background-repeat":"repeat","background-position":"center center","background-size":"auto","background-attachment":"scroll","background-type":"","background-media":"","overlay-type":"","overlay-color":"","overlay-opacity":"","overlay-gradient":""}},"footnotes":""},"categories":[7,81,1,2,5],"tags":[91],"class_list":["post-3919","post","type-post","status-publish","format-standard","hentry","category-afa","category-families","category-general","category-infantil","category-primaria","tag-families"],"post_mailing_queue_ids":[],"_links":{"self":[{"href":"https:\/\/agora.xtec.cat\/escolagaudisantboi\/wp-json\/wp\/v2\/posts\/3919","targetHints":{"allow":["GET"]}}],"collection":[{"href":"https:\/\/agora.xtec.cat\/escolagaudisantboi\/wp-json\/wp\/v2\/posts"}],"about":[{"href":"https:\/\/agora.xtec.cat\/escolagaudisantboi\/wp-json\/wp\/v2\/types\/post"}],"author":[{"embeddable":true,"href":"https:\/\/agora.xtec.cat\/escolagaudisantboi\/wp-json\/wp\/v2\/users\/9"}],"replies":[{"embeddable":true,"href":"https:\/\/agora.xtec.cat\/escolagaudisantboi\/wp-json\/wp\/v2\/comments?post=3919"}],"version-history":[{"count":1,"href":"https:\/\/agora.xtec.cat\/escolagaudisantboi\/wp-json\/wp\/v2\/posts\/3919\/revisions"}],"predecessor-version":[{"id":3920,"href":"https:\/\/agora.xtec.cat\/escolagaudisantboi\/wp-json\/wp\/v2\/posts\/3919\/revisions\/3920"}],"wp:attachment":[{"href":"https:\/\/agora.xtec.cat\/escolagaudisantboi\/wp-json\/wp\/v2\/media?parent=3919"}],"wp:term":[{"taxonomy":"category","embeddable":true,"href":"https:\/\/agora.xtec.cat\/escolagaudisantboi\/wp-json\/wp\/v2\/categories?post=3919"},{"taxonomy":"post_tag","embeddable":true,"href":"https:\/\/agora.xtec.cat\/escolagaudisantboi\/wp-json\/wp\/v2\/tags?post=3919"}],"curies":[{"name":"wp","href":"https:\/\/api.w.org\/{rel}","templated":true}]}}