{"id":3884,"date":"2017-01-25T16:50:41","date_gmt":"2017-01-25T15:50:41","guid":{"rendered":"https:\/\/agora.xtec.cat\/escolagaudisantboi\/?p=3884"},"modified":"2020-09-01T20:43:45","modified_gmt":"2020-09-01T18:43:45","slug":"inauguracio-de-la-biblioteca-emili-teixidor","status":"publish","type":"post","link":"https:\/\/agora.xtec.cat\/escolagaudisantboi\/general\/inauguracio-de-la-biblioteca-emili-teixidor\/","title":{"rendered":"INAUGURACI\u00d3 DE LA BIBLIOTECA EMILI TEIXIDOR"},"content":{"rendered":"<p><a href=\"https:\/\/agora.xtec.cat\/escolagaudisantboi\/wp-content\/uploads\/usu2030\/2020\/07\/biblio.gif\"><img loading=\"lazy\" decoding=\"async\" class=\"size-full wp-image-3885 alignleft\" src=\"https:\/\/agora.xtec.cat\/escolagaudisantboi\/wp-content\/uploads\/usu2030\/2020\/07\/biblio.gif\" alt=\"\" width=\"300\" height=\"390\" \/><\/a><\/p>\n<p>L\u20191 de febrer de 2012 v\u00e0rem rebre a l\u2019escola la\u00a0<a href=\"http:\/\/www.escolagaudisantboi.cat\/index.php?option=com_content&amp;view=article&amp;id=518:videos-visita-emili-teixidor&amp;catid=116:visita-emili-teixidor&amp;Itemid=155\">visita de l\u2019escriptor Emili Teixidor<\/a>. Va ser un dia entranyable i inoblidable que sempre formar\u00e0 part de la hist\u00f2ria del Gaud\u00ed.<\/p>\n<p>\u00c9s per aquest motiu que el\u00a0<strong>proper 1 de febrer de 2017<\/strong>, cinc anys despr\u00e9s de la seva visita, volem fer la\u00a0<strong>inauguraci\u00f3 de la biblioteca de l\u2019escola<\/strong>\u00a0que tindr\u00e0 per nom\u00a0<strong>Biblioteca Emili Teixidor<\/strong>.<\/p>\n<p>A les 16:45h, farem una\u00a0<strong>sessi\u00f3 de contes per als nens i nenes i les fam\u00edlies a c\u00e0rrec<\/strong>\u00a0del mestre i autor del llibre \u201cLa biblioteca el cor de l\u2019escola\u201d<strong>\u00a0<a href=\"https:\/\/jaumecentelles.cat\/2017\/01\/23\/bateig-de-la-biblioteca-escolar-emili-teixidor\/\">Jaume Centelles<\/a><\/strong>.<\/p>\n<p><strong>HI ESTEU CONVIDATS I CONVIDADES!<\/strong><\/p>\n","protected":false},"excerpt":{"rendered":"<p>L\u20191 de febrer de 2012 v\u00e0rem rebre a l\u2019escola la\u00a0visita de l\u2019escriptor Emili Teixidor. Va ser un dia entranyable i inoblidable que sempre formar\u00e0 part de la hist\u00f2ria del Gaud\u00ed. \u00c9s per aquest motiu que el\u00a0proper 1 de febrer de 2017, cinc anys despr\u00e9s de la seva visita, volem fer la\u00a0inauguraci\u00f3 de la biblioteca de [&hellip;]<\/p>\n","protected":false},"author":9,"featured_media":3885,"comment_status":"open","ping_status":"closed","sticky":false,"template":"","format":"standard","meta":{"_bbp_topic_count":0,"_bbp_reply_count":0,"_bbp_total_topic_count":0,"_bbp_total_reply_count":0,"_bbp_voice_count":0,"_bbp_anonymous_reply_count":0,"_bbp_topic_count_hidden":0,"_bbp_reply_count_hidden":0,"_bbp_forum_subforum_count":0,"site-sidebar-layout":"default","site-content-layout":"","ast-site-content-layout":"","site-content-style":"default","site-sidebar-style":"default","ast-global-header-display":"","ast-banner-title-visibility":"","ast-main-header-display":"","ast-hfb-above-header-display":"","ast-hfb-below-header-display":"","ast-hfb-mobile-header-display":"","site-post-title":"","ast-breadcrumbs-content":"","ast-featured-img":"","footer-sml-layout":"","theme-transparent-header-meta":"","adv-header-id-meta":"","stick-header-meta":"","header-above-stick-meta":"","header-main-stick-meta":"","header-below-stick-meta":"","astra-migrate-meta-layouts":"default","ast-page-background-enabled":"default","ast-page-background-meta":{"desktop":{"background-color":"var(--ast-global-color-4)","background-image":"","background-repeat":"repeat","background-position":"center center","background-size":"auto","background-attachment":"scroll","background-type":"","background-media":"","overlay-type":"","overlay-color":"","overlay-opacity":"","overlay-gradient":""},"tablet":{"background-color":"","background-image":"","background-repeat":"repeat","background-position":"center center","background-size":"auto","background-attachment":"scroll","background-type":"","background-media":"","overlay-type":"","overlay-color":"","overlay-opacity":"","overlay-gradient":""},"mobile":{"background-color":"","background-image":"","background-repeat":"repeat","background-position":"center center","background-size":"auto","background-attachment":"scroll","background-type":"","background-media":"","overlay-type":"","overlay-color":"","overlay-opacity":"","overlay-gradient":""}},"ast-content-background-meta":{"desktop":{"background-color":"var(--ast-global-color-5)","background-image":"","background-repeat":"repeat","background-position":"center center","background-size":"auto","background-attachment":"scroll","background-type":"","background-media":"","overlay-type":"","overlay-color":"","overlay-opacity":"","overlay-gradient":""},"tablet":{"background-color":"var(--ast-global-color-5)","background-image":"","background-repeat":"repeat","background-position":"center center","background-size":"auto","background-attachment":"scroll","background-type":"","background-media":"","overlay-type":"","overlay-color":"","overlay-opacity":"","overlay-gradient":""},"mobile":{"background-color":"var(--ast-global-color-5)","background-image":"","background-repeat":"repeat","background-position":"center center","background-size":"auto","background-attachment":"scroll","background-type":"","background-media":"","overlay-type":"","overlay-color":"","overlay-opacity":"","overlay-gradient":""}},"footnotes":""},"categories":[10,11,12,13,14,15,61,1,3,9,2,8,5],"tags":[88,89,90,93,153,92],"class_list":["post-3884","post","type-post","status-publish","format-standard","has-post-thumbnail","hentry","category-1r","category-2n","category-3r","category-4t","category-5e","category-6e","category-biblio","category-general","category-i3","category-i5","category-infantil","category-p4","category-primaria","tag-cicle-inicial","tag-cicle-mitja","tag-cicle-superior","tag-educacio-infantil","tag-emili-teixidor","tag-habit-lector"],"post_mailing_queue_ids":[],"_links":{"self":[{"href":"https:\/\/agora.xtec.cat\/escolagaudisantboi\/wp-json\/wp\/v2\/posts\/3884","targetHints":{"allow":["GET"]}}],"collection":[{"href":"https:\/\/agora.xtec.cat\/escolagaudisantboi\/wp-json\/wp\/v2\/posts"}],"about":[{"href":"https:\/\/agora.xtec.cat\/escolagaudisantboi\/wp-json\/wp\/v2\/types\/post"}],"author":[{"embeddable":true,"href":"https:\/\/agora.xtec.cat\/escolagaudisantboi\/wp-json\/wp\/v2\/users\/9"}],"replies":[{"embeddable":true,"href":"https:\/\/agora.xtec.cat\/escolagaudisantboi\/wp-json\/wp\/v2\/comments?post=3884"}],"version-history":[{"count":1,"href":"https:\/\/agora.xtec.cat\/escolagaudisantboi\/wp-json\/wp\/v2\/posts\/3884\/revisions"}],"predecessor-version":[{"id":3886,"href":"https:\/\/agora.xtec.cat\/escolagaudisantboi\/wp-json\/wp\/v2\/posts\/3884\/revisions\/3886"}],"wp:featuredmedia":[{"embeddable":true,"href":"https:\/\/agora.xtec.cat\/escolagaudisantboi\/wp-json\/wp\/v2\/media\/3885"}],"wp:attachment":[{"href":"https:\/\/agora.xtec.cat\/escolagaudisantboi\/wp-json\/wp\/v2\/media?parent=3884"}],"wp:term":[{"taxonomy":"category","embeddable":true,"href":"https:\/\/agora.xtec.cat\/escolagaudisantboi\/wp-json\/wp\/v2\/categories?post=3884"},{"taxonomy":"post_tag","embeddable":true,"href":"https:\/\/agora.xtec.cat\/escolagaudisantboi\/wp-json\/wp\/v2\/tags?post=3884"}],"curies":[{"name":"wp","href":"https:\/\/api.w.org\/{rel}","templated":true}]}}