{"id":3749,"date":"2016-09-26T17:25:41","date_gmt":"2016-09-26T15:25:41","guid":{"rendered":"https:\/\/agora.xtec.cat\/escolagaudisantboi\/?p=3749"},"modified":"2020-07-24T17:27:33","modified_gmt":"2020-07-24T15:27:33","slug":"comissio-menjador-2","status":"publish","type":"post","link":"https:\/\/agora.xtec.cat\/escolagaudisantboi\/afa\/comissio-menjador-2\/","title":{"rendered":"Comissi\u00f3 menjador"},"content":{"rendered":"<div><img loading=\"lazy\" decoding=\"async\" src=\"http:\/\/www.escolagaudisantboi.cat\/images\/stories\/food\/enciam.jpg\" alt=\"\" width=\"100\" height=\"87\" align=\"left\" hspace=\"5\" \/>Benvolgudes fam\u00edlies,<\/div>\n<div>Ja hem comen\u00e7at el curs i ho fem amb un NOU GRAN PROJECTE que ens t\u00e9 molt il\u00b7lusionats. Hem posat en marxa la cuina in situ de l&#8217;escola!!!<\/div>\n<div>La comissi\u00f3 menjador mitjan\u00e7ant aquesta nota us vol recordar que aquest any, tal com vam decidir el curs passat, disposarem de cuina pr\u00f2pia gestionada per Fundesplai. Cada dia els nostres nens i nenes faran un dinar amb productes sans, equilibrats i de qualitat que s&#8217;elaboraran al moment.<\/div>\n<div>\n<div>Tot l&#8217;equip hum\u00e0 del menjador anterior continuar\u00e0 amb nosaltres: l&#8217;Emi Mena (responsable), l&#8217;Ana M. Mu\u00f1oz, la Bella Luis, la M. de los \u00c1ngeles M\u00e1rquez, la Nat\u00e0lia Murillo, la Nandi Mej\u00edas, l&#8217;Adela Gala, la Natasha Chub&#8230; per\u00f2 tenim noves incorporacions, l&#8217;Esther L\u00f3pez, la nostra nova cuinera a qui volem donar la benvinguda al Gaud\u00ed.<\/div>\n<div>A m\u00e9s a m\u00e9s, tal com es va acordar amb la nova empresa que gestiona el menjador, la r\u00e0tio de monitors per alumne ha millorat i en conseq\u00fc\u00e8ncia disposem d&#8217;un nou monitor per poder vetllar, acompanyar i treballar amb els nostres fills i filles.<\/div>\n<\/div>\n<p>El proper 18 d&#8217;octubre, a les 16:45h., es far\u00e0 la reuni\u00f3 informativa del servei menjador on es parlar\u00e0 de tots aquests canvis i on podreu expressar tots els vostres dubtes i\/o valoracions. Aix\u00ed mateix, si teniu qualsevol dubte, podeu adre\u00e7ar-vos a l&#8217;Emi Mena en horari de 9h. a 9:30h. qualsevol dia al despatx de l&#8217;AMPA.<\/p>\n<p>COMISSI\u00d3 MENJADOR<\/p>\n","protected":false},"excerpt":{"rendered":"<p>Benvolgudes fam\u00edlies, Ja hem comen\u00e7at el curs i ho fem amb un NOU GRAN PROJECTE que ens t\u00e9 molt il\u00b7lusionats. Hem posat en marxa la cuina in situ de l&#8217;escola!!! La comissi\u00f3 menjador mitjan\u00e7ant aquesta nota us vol recordar que aquest any, tal com vam decidir el curs passat, disposarem de cuina pr\u00f2pia gestionada per [&hellip;]<\/p>\n","protected":false},"author":9,"featured_media":0,"comment_status":"open","ping_status":"closed","sticky":false,"template":"","format":"standard","meta":{"_bbp_topic_count":0,"_bbp_reply_count":0,"_bbp_total_topic_count":0,"_bbp_total_reply_count":0,"_bbp_voice_count":0,"_bbp_anonymous_reply_count":0,"_bbp_topic_count_hidden":0,"_bbp_reply_count_hidden":0,"_bbp_forum_subforum_count":0,"site-sidebar-layout":"default","site-content-layout":"","ast-site-content-layout":"","site-content-style":"default","site-sidebar-style":"default","ast-global-header-display":"","ast-banner-title-visibility":"","ast-main-header-display":"","ast-hfb-above-header-display":"","ast-hfb-below-header-display":"","ast-hfb-mobile-header-display":"","site-post-title":"","ast-breadcrumbs-content":"","ast-featured-img":"","footer-sml-layout":"","theme-transparent-header-meta":"","adv-header-id-meta":"","stick-header-meta":"","header-above-stick-meta":"","header-main-stick-meta":"","header-below-stick-meta":"","astra-migrate-meta-layouts":"default","ast-page-background-enabled":"default","ast-page-background-meta":{"desktop":{"background-color":"var(--ast-global-color-4)","background-image":"","background-repeat":"repeat","background-position":"center center","background-size":"auto","background-attachment":"scroll","background-type":"","background-media":"","overlay-type":"","overlay-color":"","overlay-opacity":"","overlay-gradient":""},"tablet":{"background-color":"","background-image":"","background-repeat":"repeat","background-position":"center center","background-size":"auto","background-attachment":"scroll","background-type":"","background-media":"","overlay-type":"","overlay-color":"","overlay-opacity":"","overlay-gradient":""},"mobile":{"background-color":"","background-image":"","background-repeat":"repeat","background-position":"center center","background-size":"auto","background-attachment":"scroll","background-type":"","background-media":"","overlay-type":"","overlay-color":"","overlay-opacity":"","overlay-gradient":""}},"ast-content-background-meta":{"desktop":{"background-color":"var(--ast-global-color-5)","background-image":"","background-repeat":"repeat","background-position":"center center","background-size":"auto","background-attachment":"scroll","background-type":"","background-media":"","overlay-type":"","overlay-color":"","overlay-opacity":"","overlay-gradient":""},"tablet":{"background-color":"var(--ast-global-color-5)","background-image":"","background-repeat":"repeat","background-position":"center center","background-size":"auto","background-attachment":"scroll","background-type":"","background-media":"","overlay-type":"","overlay-color":"","overlay-opacity":"","overlay-gradient":""},"mobile":{"background-color":"var(--ast-global-color-5)","background-image":"","background-repeat":"repeat","background-position":"center center","background-size":"auto","background-attachment":"scroll","background-type":"","background-media":"","overlay-type":"","overlay-color":"","overlay-opacity":"","overlay-gradient":""}},"footnotes":""},"categories":[7,143],"tags":[],"class_list":["post-3749","post","type-post","status-publish","format-standard","hentry","category-afa","category-espai-del-migdia"],"post_mailing_queue_ids":[],"_links":{"self":[{"href":"https:\/\/agora.xtec.cat\/escolagaudisantboi\/wp-json\/wp\/v2\/posts\/3749","targetHints":{"allow":["GET"]}}],"collection":[{"href":"https:\/\/agora.xtec.cat\/escolagaudisantboi\/wp-json\/wp\/v2\/posts"}],"about":[{"href":"https:\/\/agora.xtec.cat\/escolagaudisantboi\/wp-json\/wp\/v2\/types\/post"}],"author":[{"embeddable":true,"href":"https:\/\/agora.xtec.cat\/escolagaudisantboi\/wp-json\/wp\/v2\/users\/9"}],"replies":[{"embeddable":true,"href":"https:\/\/agora.xtec.cat\/escolagaudisantboi\/wp-json\/wp\/v2\/comments?post=3749"}],"version-history":[{"count":1,"href":"https:\/\/agora.xtec.cat\/escolagaudisantboi\/wp-json\/wp\/v2\/posts\/3749\/revisions"}],"predecessor-version":[{"id":3750,"href":"https:\/\/agora.xtec.cat\/escolagaudisantboi\/wp-json\/wp\/v2\/posts\/3749\/revisions\/3750"}],"wp:attachment":[{"href":"https:\/\/agora.xtec.cat\/escolagaudisantboi\/wp-json\/wp\/v2\/media?parent=3749"}],"wp:term":[{"taxonomy":"category","embeddable":true,"href":"https:\/\/agora.xtec.cat\/escolagaudisantboi\/wp-json\/wp\/v2\/categories?post=3749"},{"taxonomy":"post_tag","embeddable":true,"href":"https:\/\/agora.xtec.cat\/escolagaudisantboi\/wp-json\/wp\/v2\/tags?post=3749"}],"curies":[{"name":"wp","href":"https:\/\/api.w.org\/{rel}","templated":true}]}}