{"id":3735,"date":"2016-06-27T21:02:56","date_gmt":"2016-06-27T19:02:56","guid":{"rendered":"https:\/\/agora.xtec.cat\/escolagaudisantboi\/?p=3735"},"modified":"2020-07-23T21:04:14","modified_gmt":"2020-07-23T19:04:14","slug":"gaudiari-44-abril-juny-2016","status":"publish","type":"post","link":"https:\/\/agora.xtec.cat\/escolagaudisantboi\/general\/gaudiari-44-abril-juny-2016\/","title":{"rendered":"GauDiari 44 (Abril-Juny 2016)"},"content":{"rendered":"<p style=\"margin-top: 1em; margin-bottom: 1em; color: #333333; font-family: Tahoma, Arial, Helvetica, sans-serif; font-size: 14px; background-color: #f2f2f2; text-align: justify;\"><img loading=\"lazy\" decoding=\"async\" style=\"border: none;\" src=\"http:\/\/www.escolagaudisantboi.cat\/images\/stories\/logo%20gaudiari%202010.jpg\" alt=\"\" width=\"600\" height=\"115\" align=\"textTop\" \/><\/p>\n<p>EDITORIAL:<\/p>\n<p style=\"margin-top: 1em; margin-bottom: 1em; color: #333333; font-family: Tahoma, Arial, Helvetica, sans-serif; font-size: 14px; background-color: #f2f2f2; text-align: justify;\">Arriba l\u2019estiu i amb ell, el final de curs!! Valoraci\u00f3? Un curs\u00a0molt intens i viscut en comunitat.\u00a0Multiplicitat de viv\u00e8ncies per als nens i nenes, mestres i\u00a0fam\u00edlies amb la cooperaci\u00f3 com a principi organitzador de\u00a0l\u2019escola.<\/p>\n<p style=\"margin-top: 1em; margin-bottom: 1em; color: #333333; font-family: Tahoma, Arial, Helvetica, sans-serif; font-size: 14px; background-color: #f2f2f2; text-align: justify;\">Els nens i nenes us heu sentit bombers, ADF, amics del\u00a0bosc, eco-guies, ecologistes defensors del Riu Llobregat,\u00a0membres del comit\u00e8 energ\u00e8tic, productors de sab\u00f3 ecol\u00f2gic, cuidadors de peixos, observadors d\u2019arbres,\u00a0jardiners, horticultors,&#8230; tasques totes elles amb la mirada\u00a0posada en la cura del medi ambient i amb l\u2019acci\u00f3 dirigida a fer un m\u00f3n m\u00e9s sostenible.<\/p>\n<p style=\"margin-top: 1em; margin-bottom: 1em; color: #333333; font-family: Tahoma, Arial, Helvetica, sans-serif; font-size: 14px; background-color: #f2f2f2; text-align: justify;\">\nLes fam\u00edlies heu compartit amb els vostres fills i filles totes\u00a0aquestes viv\u00e8ncies i heu entrat a l\u2019escola per treballar\u00a0conjuntament amb les mestres en la mateixa direcci\u00f3 i s\u2019han organitzat festes i activitats extraescolars,\u00a0acompanyat sortides, dinamitzat la biblioteca, els mercats\u00a0i berenars solidaris, el menjador, i hem fet dissabte per transformar el pati, sempre al costat de l\u2019escola.<\/p>\n<p style=\"margin-top: 1em; margin-bottom: 1em; color: #333333; font-family: Tahoma, Arial, Helvetica, sans-serif; font-size: 14px; background-color: #f2f2f2; text-align: justify;\">\nAra cal que totes aquestes viv\u00e8ncies hagin deixat petjada i\u00a0ens hagin portat a tots i totes a canviar actituds i h\u00e0bits\u00a0per fer un m\u00f3n m\u00e9s sostenible per\u00f2 tamb\u00e9 per crear din\u00e0miques de comunicaci\u00f3 i di\u00e0leg, de reflexi\u00f3 i creaci\u00f3\u00a0que des de l\u2019escola ens portin a fer un present i un futur\u00a0on totes les veus tinguin el seu lloc.<\/p>\n<p style=\"margin-top: 1em; margin-bottom: 1em; color: #333333; font-family: Tahoma, Arial, Helvetica, sans-serif; font-size: 14px; background-color: #f2f2f2; text-align: justify;\">\nI ara ve l\u2019estiu i les mestres us fem arribar propostes per\u00a0fer durant aquest temps:<em>\u00a0&#8220;llegiu, gaudiu i creixiu&#8221;\u00a0<\/em>(com diria\u00a0l\u2019Emili Teixidor). I no deixeu de fer castells de sorra i castells a l\u2019aire, que l\u2019estiu \u00e9s un bon moment per\u00a0somiar!!<\/p>\n<p style=\"margin-top: 1em; margin-bottom: 1em; color: #333333; font-family: Tahoma, Arial, Helvetica, sans-serif; font-size: 14px; background-color: #f2f2f2; text-align: justify;\">I no ho oblideu: \u201cTerra i humans, units de les\u00a0mans!!\u201d<\/p>\n<p style=\"margin-top: 1em; margin-bottom: 1em; color: #333333; font-family: Tahoma, Arial, Helvetica, sans-serif; font-size: 14px; background-color: #f2f2f2; text-align: justify;\">\n<strong>MOLT BON ESTIU A TOTHOM!!<\/strong><\/p>\n<div data-url=\"https:\/\/issuu.com\/webgaudi\/docs\/gaudiari_3t_2016\" style=\"width: 500px; height: 353px;\" class=\"issuuembed\"><\/div>\n<p><script type=\"text\/javascript\" src=\"\/\/e.issuu.com\/embed.js\" async=\"true\"><\/script><\/p>\n","protected":false},"excerpt":{"rendered":"<p>EDITORIAL: Arriba l\u2019estiu i amb ell, el final de curs!! Valoraci\u00f3? Un curs\u00a0molt intens i viscut en comunitat.\u00a0Multiplicitat de viv\u00e8ncies per als nens i nenes, mestres i\u00a0fam\u00edlies amb la cooperaci\u00f3 com a principi organitzador de\u00a0l\u2019escola. Els nens i nenes us heu sentit bombers, ADF, amics del\u00a0bosc, eco-guies, ecologistes defensors del Riu Llobregat,\u00a0membres del comit\u00e8 energ\u00e8tic, [&hellip;]<\/p>\n","protected":false},"author":9,"featured_media":3517,"comment_status":"open","ping_status":"closed","sticky":false,"template":"","format":"standard","meta":{"_bbp_topic_count":0,"_bbp_reply_count":0,"_bbp_total_topic_count":0,"_bbp_total_reply_count":0,"_bbp_voice_count":0,"_bbp_anonymous_reply_count":0,"_bbp_topic_count_hidden":0,"_bbp_reply_count_hidden":0,"_bbp_forum_subforum_count":0,"site-sidebar-layout":"default","site-content-layout":"","ast-site-content-layout":"","site-content-style":"default","site-sidebar-style":"default","ast-global-header-display":"","ast-banner-title-visibility":"","ast-main-header-display":"","ast-hfb-above-header-display":"","ast-hfb-below-header-display":"","ast-hfb-mobile-header-display":"","site-post-title":"","ast-breadcrumbs-content":"","ast-featured-img":"","footer-sml-layout":"","theme-transparent-header-meta":"","adv-header-id-meta":"","stick-header-meta":"","header-above-stick-meta":"","header-main-stick-meta":"","header-below-stick-meta":"","astra-migrate-meta-layouts":"default","ast-page-background-enabled":"default","ast-page-background-meta":{"desktop":{"background-color":"var(--ast-global-color-4)","background-image":"","background-repeat":"repeat","background-position":"center center","background-size":"auto","background-attachment":"scroll","background-type":"","background-media":"","overlay-type":"","overlay-color":"","overlay-opacity":"","overlay-gradient":""},"tablet":{"background-color":"","background-image":"","background-repeat":"repeat","background-position":"center center","background-size":"auto","background-attachment":"scroll","background-type":"","background-media":"","overlay-type":"","overlay-color":"","overlay-opacity":"","overlay-gradient":""},"mobile":{"background-color":"","background-image":"","background-repeat":"repeat","background-position":"center center","background-size":"auto","background-attachment":"scroll","background-type":"","background-media":"","overlay-type":"","overlay-color":"","overlay-opacity":"","overlay-gradient":""}},"ast-content-background-meta":{"desktop":{"background-color":"var(--ast-global-color-5)","background-image":"","background-repeat":"repeat","background-position":"center center","background-size":"auto","background-attachment":"scroll","background-type":"","background-media":"","overlay-type":"","overlay-color":"","overlay-opacity":"","overlay-gradient":""},"tablet":{"background-color":"var(--ast-global-color-5)","background-image":"","background-repeat":"repeat","background-position":"center center","background-size":"auto","background-attachment":"scroll","background-type":"","background-media":"","overlay-type":"","overlay-color":"","overlay-opacity":"","overlay-gradient":""},"mobile":{"background-color":"var(--ast-global-color-5)","background-image":"","background-repeat":"repeat","background-position":"center center","background-size":"auto","background-attachment":"scroll","background-type":"","background-media":"","overlay-type":"","overlay-color":"","overlay-opacity":"","overlay-gradient":""}},"footnotes":""},"categories":[10,11,12,13,14,15,136,1,3,9,2,8,5,118],"tags":[88,89,90,137],"class_list":["post-3735","post","type-post","status-publish","format-standard","has-post-thumbnail","hentry","category-1r","category-2n","category-3r","category-4t","category-5e","category-6e","category-gaudiari","category-general","category-i3","category-i5","category-infantil","category-p4","category-primaria","category-projecte-global","tag-cicle-inicial","tag-cicle-mitja","tag-cicle-superior","tag-gaudiari"],"post_mailing_queue_ids":[],"_links":{"self":[{"href":"https:\/\/agora.xtec.cat\/escolagaudisantboi\/wp-json\/wp\/v2\/posts\/3735","targetHints":{"allow":["GET"]}}],"collection":[{"href":"https:\/\/agora.xtec.cat\/escolagaudisantboi\/wp-json\/wp\/v2\/posts"}],"about":[{"href":"https:\/\/agora.xtec.cat\/escolagaudisantboi\/wp-json\/wp\/v2\/types\/post"}],"author":[{"embeddable":true,"href":"https:\/\/agora.xtec.cat\/escolagaudisantboi\/wp-json\/wp\/v2\/users\/9"}],"replies":[{"embeddable":true,"href":"https:\/\/agora.xtec.cat\/escolagaudisantboi\/wp-json\/wp\/v2\/comments?post=3735"}],"version-history":[{"count":1,"href":"https:\/\/agora.xtec.cat\/escolagaudisantboi\/wp-json\/wp\/v2\/posts\/3735\/revisions"}],"predecessor-version":[{"id":3736,"href":"https:\/\/agora.xtec.cat\/escolagaudisantboi\/wp-json\/wp\/v2\/posts\/3735\/revisions\/3736"}],"wp:featuredmedia":[{"embeddable":true,"href":"https:\/\/agora.xtec.cat\/escolagaudisantboi\/wp-json\/wp\/v2\/media\/3517"}],"wp:attachment":[{"href":"https:\/\/agora.xtec.cat\/escolagaudisantboi\/wp-json\/wp\/v2\/media?parent=3735"}],"wp:term":[{"taxonomy":"category","embeddable":true,"href":"https:\/\/agora.xtec.cat\/escolagaudisantboi\/wp-json\/wp\/v2\/categories?post=3735"},{"taxonomy":"post_tag","embeddable":true,"href":"https:\/\/agora.xtec.cat\/escolagaudisantboi\/wp-json\/wp\/v2\/tags?post=3735"}],"curies":[{"name":"wp","href":"https:\/\/api.w.org\/{rel}","templated":true}]}}