{"id":3682,"date":"2016-04-22T17:48:26","date_gmt":"2016-04-22T15:48:26","guid":{"rendered":"https:\/\/agora.xtec.cat\/escolagaudisantboi\/?p=3682"},"modified":"2020-07-22T17:48:57","modified_gmt":"2020-07-22T15:48:57","slug":"jocs-florals-sant-jordi-2016","status":"publish","type":"post","link":"https:\/\/agora.xtec.cat\/escolagaudisantboi\/general\/jocs-florals-sant-jordi-2016\/","title":{"rendered":"JOCS FLORALS &#8211; SANT JORDI 2016"},"content":{"rendered":"<p><img loading=\"lazy\" decoding=\"async\" src=\"http:\/\/www.escolagaudisantboi.cat\/images\/stories\/Sant_Jordi\/jocs-f.png\" alt=\"\" width=\"150\" height=\"196\" align=\"left\" \/>\u00a0Benvolgudes fam\u00edlies,<\/p>\n<div>Aquest any a l\u2019escola viurem la diada de Sant Jordi el proper\u00a0<b>dilluns 25 d\u2019abril<\/b>.<\/div>\n<div><\/div>\n<div>A la tarda,\u00a0<b>a partir de les 15:00 h<\/b>\u00a0celebrarem els\u00a0<b>Jocs Florals<\/b>, el certamen literari que cada any t\u00e9 lloc per Sant Jordi. Els nens i nenes d\u2019 Educaci\u00f3 Infantil ens presentaran els seus \u201cLlibres d\u2019aula\u201d i es lliuraran premis als contes, poemes, poemes visuals i c\u00f2mics, fets pels nens i nenes de Prim\u00e0ria\u00a0 .<\/div>\n<div><\/div>\n<div>Durant tot el dia, els alumnes de sis\u00e8 ajudats per mestres organitzaran una paradeta de llibres i podreu comprar els que us agradin!! Aquest any hi haur\u00e0 tamb\u00e9 una paradeta organitzada per l&#8217;AMPA, on podreu comprar punts de llibre i altres detalls elaborats per un grup de fam\u00edlies.<\/div>\n<div><\/div>\n<div>TOTS I TOTES HI ESTEU CONVIDATS I CONVIDADES!!<\/div>\n<div><\/div>\n<div>Us hi esperem!\u00a0\u00a0\u00a0\u00a0\u00a0\u00a0\u00a0\u00a0\u00a0\u00a0\u00a0\u00a0\u00a0\u00a0\u00a0\u00a0\u00a0\u00a0\u00a0\u00a0\u00a0\u00a0\u00a0\u00a0\u00a0\u00a0\u00a0\u00a0\u00a0\u00a0\u00a0\u00a0\u00a0\u00a0\u00a0\u00a0\u00a0\u00a0\u00a0\u00a0 \u00a0\u00a0\u00a0\u00a0\u00a0\u00a0\u00a0\u00a0\u00a0\u00a0\u00a0\u00a0\u00a0\u00a0\u00a0\u00a0\u00a0\u00a0\u00a0\u00a0\u00a0\u00a0\u00a0\u00a0\u00a0\u00a0\u00a0\u00a0\u00a0\u00a0L\u2019equip de mestres<\/div>\n","protected":false},"excerpt":{"rendered":"<p>\u00a0Benvolgudes fam\u00edlies, Aquest any a l\u2019escola viurem la diada de Sant Jordi el proper\u00a0dilluns 25 d\u2019abril. A la tarda,\u00a0a partir de les 15:00 h\u00a0celebrarem els\u00a0Jocs Florals, el certamen literari que cada any t\u00e9 lloc per Sant Jordi. Els nens i nenes d\u2019 Educaci\u00f3 Infantil ens presentaran els seus \u201cLlibres d\u2019aula\u201d i es lliuraran premis als [&hellip;]<\/p>\n","protected":false},"author":9,"featured_media":3493,"comment_status":"open","ping_status":"closed","sticky":false,"template":"","format":"standard","meta":{"_bbp_topic_count":0,"_bbp_reply_count":0,"_bbp_total_topic_count":0,"_bbp_total_reply_count":0,"_bbp_voice_count":0,"_bbp_anonymous_reply_count":0,"_bbp_topic_count_hidden":0,"_bbp_reply_count_hidden":0,"_bbp_forum_subforum_count":0,"site-sidebar-layout":"default","site-content-layout":"","ast-site-content-layout":"","site-content-style":"default","site-sidebar-style":"default","ast-global-header-display":"","ast-banner-title-visibility":"","ast-main-header-display":"","ast-hfb-above-header-display":"","ast-hfb-below-header-display":"","ast-hfb-mobile-header-display":"","site-post-title":"","ast-breadcrumbs-content":"","ast-featured-img":"","footer-sml-layout":"","theme-transparent-header-meta":"","adv-header-id-meta":"","stick-header-meta":"","header-above-stick-meta":"","header-main-stick-meta":"","header-below-stick-meta":"","astra-migrate-meta-layouts":"default","ast-page-background-enabled":"default","ast-page-background-meta":{"desktop":{"background-color":"var(--ast-global-color-4)","background-image":"","background-repeat":"repeat","background-position":"center center","background-size":"auto","background-attachment":"scroll","background-type":"","background-media":"","overlay-type":"","overlay-color":"","overlay-opacity":"","overlay-gradient":""},"tablet":{"background-color":"","background-image":"","background-repeat":"repeat","background-position":"center center","background-size":"auto","background-attachment":"scroll","background-type":"","background-media":"","overlay-type":"","overlay-color":"","overlay-opacity":"","overlay-gradient":""},"mobile":{"background-color":"","background-image":"","background-repeat":"repeat","background-position":"center center","background-size":"auto","background-attachment":"scroll","background-type":"","background-media":"","overlay-type":"","overlay-color":"","overlay-opacity":"","overlay-gradient":""}},"ast-content-background-meta":{"desktop":{"background-color":"var(--ast-global-color-5)","background-image":"","background-repeat":"repeat","background-position":"center center","background-size":"auto","background-attachment":"scroll","background-type":"","background-media":"","overlay-type":"","overlay-color":"","overlay-opacity":"","overlay-gradient":""},"tablet":{"background-color":"var(--ast-global-color-5)","background-image":"","background-repeat":"repeat","background-position":"center center","background-size":"auto","background-attachment":"scroll","background-type":"","background-media":"","overlay-type":"","overlay-color":"","overlay-opacity":"","overlay-gradient":""},"mobile":{"background-color":"var(--ast-global-color-5)","background-image":"","background-repeat":"repeat","background-position":"center center","background-size":"auto","background-attachment":"scroll","background-type":"","background-media":"","overlay-type":"","overlay-color":"","overlay-opacity":"","overlay-gradient":""}},"footnotes":""},"categories":[10,11,12,13,14,15,1,3,9,2,8,5],"tags":[124,115],"class_list":["post-3682","post","type-post","status-publish","format-standard","has-post-thumbnail","hentry","category-1r","category-2n","category-3r","category-4t","category-5e","category-6e","category-general","category-i3","category-i5","category-infantil","category-p4","category-primaria","tag-jocs-florals","tag-sant-jordi"],"post_mailing_queue_ids":[],"_links":{"self":[{"href":"https:\/\/agora.xtec.cat\/escolagaudisantboi\/wp-json\/wp\/v2\/posts\/3682","targetHints":{"allow":["GET"]}}],"collection":[{"href":"https:\/\/agora.xtec.cat\/escolagaudisantboi\/wp-json\/wp\/v2\/posts"}],"about":[{"href":"https:\/\/agora.xtec.cat\/escolagaudisantboi\/wp-json\/wp\/v2\/types\/post"}],"author":[{"embeddable":true,"href":"https:\/\/agora.xtec.cat\/escolagaudisantboi\/wp-json\/wp\/v2\/users\/9"}],"replies":[{"embeddable":true,"href":"https:\/\/agora.xtec.cat\/escolagaudisantboi\/wp-json\/wp\/v2\/comments?post=3682"}],"version-history":[{"count":1,"href":"https:\/\/agora.xtec.cat\/escolagaudisantboi\/wp-json\/wp\/v2\/posts\/3682\/revisions"}],"predecessor-version":[{"id":3683,"href":"https:\/\/agora.xtec.cat\/escolagaudisantboi\/wp-json\/wp\/v2\/posts\/3682\/revisions\/3683"}],"wp:featuredmedia":[{"embeddable":true,"href":"https:\/\/agora.xtec.cat\/escolagaudisantboi\/wp-json\/wp\/v2\/media\/3493"}],"wp:attachment":[{"href":"https:\/\/agora.xtec.cat\/escolagaudisantboi\/wp-json\/wp\/v2\/media?parent=3682"}],"wp:term":[{"taxonomy":"category","embeddable":true,"href":"https:\/\/agora.xtec.cat\/escolagaudisantboi\/wp-json\/wp\/v2\/categories?post=3682"},{"taxonomy":"post_tag","embeddable":true,"href":"https:\/\/agora.xtec.cat\/escolagaudisantboi\/wp-json\/wp\/v2\/tags?post=3682"}],"curies":[{"name":"wp","href":"https:\/\/api.w.org\/{rel}","templated":true}]}}