{"id":3653,"date":"2016-02-16T13:35:59","date_gmt":"2016-02-16T12:35:59","guid":{"rendered":"https:\/\/agora.xtec.cat\/escolagaudisantboi\/?p=3653"},"modified":"2020-07-22T13:36:41","modified_gmt":"2020-07-22T11:36:41","slug":"preinscripcio-curs-2016-2017","status":"publish","type":"post","link":"https:\/\/agora.xtec.cat\/escolagaudisantboi\/general\/preinscripcio-curs-2016-2017\/","title":{"rendered":"PREINSCRIPCI\u00d3 CURS 2016-2017"},"content":{"rendered":"<div style=\"font-size: 14px; color: #333333; font-family: Tahoma, Arial, Helvetica, sans-serif; background-color: #f2f2f2;\">\n<p><img decoding=\"async\" style=\"border: none;\" src=\"http:\/\/www.escolagaudisantboi.cat\/images\/stories\/web\/images.png\" alt=\"\" align=\"left\" hspace=\"5\" \/><\/p>\n<div>Us convidem a con\u00e8ixer qui som, com treballem i quin \u00e9s el nostre projecte educatiu:<\/div>\n<div><span style=\"color: #000080;\"><strong>DIMECRES 2 DE MAR\u00c7 a les 17 h.<\/strong><\/span><\/div>\n<div><\/div>\n<div><\/div>\n<div style=\"text-align: right;\"><a style=\"color: #006699;\" href=\"http:\/\/www.escolagaudisantboi.cat\/index.php?option=com_content&amp;view=article&amp;id=49&amp;Itemid=57\">L&#8217;equip hum\u00e0 de l&#8217;Antoni Gaud\u00ed.<\/a><\/div>\n<p style=\"margin: 1em 0px; padding: 0px;\">\n<\/div>\n<ul style=\"margin: 1em 0px; padding: 0px; list-style: none; color: #333333; font-family: Tahoma, Arial, Helvetica, sans-serif; font-size: 14px; background-color: #f2f2f2;\">\n<li style=\"padding-left: 30px; background: url('..\/images\/bullet.gif') 18px 8px no-repeat; line-height: 25.2px;\">Informaci\u00f3 General al web\u00a0<a style=\"color: #006699;\" href=\"http:\/\/queestudiar.gencat.cat\/ca\/preinscripcio\/informacio_general\/index.html\" target=\"_blank\" rel=\"noopener noreferrer\">www.gencat.cat<\/a><\/li>\n<li style=\"padding-left: 30px; background: url('..\/images\/bullet.gif') 18px 8px no-repeat; line-height: 25.2px;\">Informaci\u00f3\u00a0<a style=\"color: #006699;\" href=\"http:\/\/www.santboi.cat\/fotos\/educacio\/preinscripcio\/postal%20Xerrada%20P3.pdf\" target=\"_blank\" rel=\"noopener noreferrer\">Sessi\u00f3 Informativa per a fam\u00edlies<\/a>\u00a0amb fills o filles que han de comen\u00e7ar P3<\/li>\n<li style=\"padding-left: 30px; background: url('..\/images\/bullet.gif') 18px 8px no-repeat; line-height: 25.2px;\">Directori de\u00a0<a style=\"color: #006699;\" href=\"http:\/\/www.santboi.cat\/fotos\/educacio\/preinscripcio\/Centres%20Educatius.pdf\" target=\"_blank\" rel=\"noopener noreferrer\">Centres Educatius<\/a>.<\/li>\n<li style=\"padding-left: 30px; background: url('..\/images\/bullet.gif') 18px 8px no-repeat; line-height: 25.2px;\">Mapa Zones Escolars 2016-17<\/li>\n<li style=\"padding-left: 30px; background: url('..\/images\/bullet.gif') 18px 8px no-repeat; line-height: 25.2px;\">Cercador del carrer en el\u00a0<a style=\"color: #006699;\" href=\"http:\/\/www.santboi.cat\/fotos\/educacio\/preinscripcio\/Mapa%20Zones%20Escolars%202016.pdf\" target=\"_blank\" rel=\"noopener noreferrer\">mapa de zones escolars curs 2016-17<\/a><\/li>\n<li style=\"padding-left: 30px; background: url('..\/images\/bullet.gif') 18px 8px no-repeat; line-height: 25.2px;\"><a style=\"color: #006699;\" href=\"http:\/\/www.santboi.cat\/fotos\/educacio\/preinscripcio\/Mapa%20Adscripcions%202016.pdf\">Mapa adscripci\u00f3 2016<\/a><\/li>\n<li style=\"padding-left: 30px; background: url('..\/images\/bullet.gif') 18px 8px no-repeat; line-height: 25.2px;\"><a style=\"color: #006699;\" href=\"http:\/\/www.santboi.cat\/fotos\/educacio\/preinscripcio\/PORTES%20OBERTES%20infantil%20i%20prim%E0ria%202016.pdf\" target=\"_blank\" rel=\"noopener noreferrer\">Calendari de Portes Obertes als Centres P\u00fablics i Concertats d&#8217; infantil i prim\u00e0ria de Sant Boi<\/a><\/li>\n<li style=\"padding-left: 30px; background: url('..\/images\/bullet.gif') 18px 8px no-repeat; line-height: 25.2px;\"><a style=\"color: #006699;\" href=\"http:\/\/www.santboi.cat\/fotos\/educacio\/preinscripcio\/Portes%20obertes%20ESO%202016.pdf\" target=\"_blank\" rel=\"noopener noreferrer\">Calendari de Portes Obertes als Centres de Secund\u00e0ria de Sant Boi<\/a><\/li>\n<\/ul>\n","protected":false},"excerpt":{"rendered":"<p>Us convidem a con\u00e8ixer qui som, com treballem i quin \u00e9s el nostre projecte educatiu: DIMECRES 2 DE MAR\u00c7 a les 17 h. L&#8217;equip hum\u00e0 de l&#8217;Antoni Gaud\u00ed. Informaci\u00f3 General al web\u00a0www.gencat.cat Informaci\u00f3\u00a0Sessi\u00f3 Informativa per a fam\u00edlies\u00a0amb fills o filles que han de comen\u00e7ar P3 Directori de\u00a0Centres Educatius. Mapa Zones Escolars 2016-17 Cercador del carrer [&hellip;]<\/p>\n","protected":false},"author":9,"featured_media":0,"comment_status":"open","ping_status":"closed","sticky":false,"template":"","format":"standard","meta":{"_bbp_topic_count":0,"_bbp_reply_count":0,"_bbp_total_topic_count":0,"_bbp_total_reply_count":0,"_bbp_voice_count":0,"_bbp_anonymous_reply_count":0,"_bbp_topic_count_hidden":0,"_bbp_reply_count_hidden":0,"_bbp_forum_subforum_count":0,"site-sidebar-layout":"default","site-content-layout":"","ast-site-content-layout":"","site-content-style":"default","site-sidebar-style":"default","ast-global-header-display":"","ast-banner-title-visibility":"","ast-main-header-display":"","ast-hfb-above-header-display":"","ast-hfb-below-header-display":"","ast-hfb-mobile-header-display":"","site-post-title":"","ast-breadcrumbs-content":"","ast-featured-img":"","footer-sml-layout":"","theme-transparent-header-meta":"","adv-header-id-meta":"","stick-header-meta":"","header-above-stick-meta":"","header-main-stick-meta":"","header-below-stick-meta":"","astra-migrate-meta-layouts":"default","ast-page-background-enabled":"default","ast-page-background-meta":{"desktop":{"background-color":"var(--ast-global-color-4)","background-image":"","background-repeat":"repeat","background-position":"center center","background-size":"auto","background-attachment":"scroll","background-type":"","background-media":"","overlay-type":"","overlay-color":"","overlay-opacity":"","overlay-gradient":""},"tablet":{"background-color":"","background-image":"","background-repeat":"repeat","background-position":"center center","background-size":"auto","background-attachment":"scroll","background-type":"","background-media":"","overlay-type":"","overlay-color":"","overlay-opacity":"","overlay-gradient":""},"mobile":{"background-color":"","background-image":"","background-repeat":"repeat","background-position":"center center","background-size":"auto","background-attachment":"scroll","background-type":"","background-media":"","overlay-type":"","overlay-color":"","overlay-opacity":"","overlay-gradient":""}},"ast-content-background-meta":{"desktop":{"background-color":"var(--ast-global-color-5)","background-image":"","background-repeat":"repeat","background-position":"center center","background-size":"auto","background-attachment":"scroll","background-type":"","background-media":"","overlay-type":"","overlay-color":"","overlay-opacity":"","overlay-gradient":""},"tablet":{"background-color":"var(--ast-global-color-5)","background-image":"","background-repeat":"repeat","background-position":"center center","background-size":"auto","background-attachment":"scroll","background-type":"","background-media":"","overlay-type":"","overlay-color":"","overlay-opacity":"","overlay-gradient":""},"mobile":{"background-color":"var(--ast-global-color-5)","background-image":"","background-repeat":"repeat","background-position":"center center","background-size":"auto","background-attachment":"scroll","background-type":"","background-media":"","overlay-type":"","overlay-color":"","overlay-opacity":"","overlay-gradient":""}},"footnotes":""},"categories":[1],"tags":[],"class_list":["post-3653","post","type-post","status-publish","format-standard","hentry","category-general"],"post_mailing_queue_ids":[],"_links":{"self":[{"href":"https:\/\/agora.xtec.cat\/escolagaudisantboi\/wp-json\/wp\/v2\/posts\/3653","targetHints":{"allow":["GET"]}}],"collection":[{"href":"https:\/\/agora.xtec.cat\/escolagaudisantboi\/wp-json\/wp\/v2\/posts"}],"about":[{"href":"https:\/\/agora.xtec.cat\/escolagaudisantboi\/wp-json\/wp\/v2\/types\/post"}],"author":[{"embeddable":true,"href":"https:\/\/agora.xtec.cat\/escolagaudisantboi\/wp-json\/wp\/v2\/users\/9"}],"replies":[{"embeddable":true,"href":"https:\/\/agora.xtec.cat\/escolagaudisantboi\/wp-json\/wp\/v2\/comments?post=3653"}],"version-history":[{"count":2,"href":"https:\/\/agora.xtec.cat\/escolagaudisantboi\/wp-json\/wp\/v2\/posts\/3653\/revisions"}],"predecessor-version":[{"id":3655,"href":"https:\/\/agora.xtec.cat\/escolagaudisantboi\/wp-json\/wp\/v2\/posts\/3653\/revisions\/3655"}],"wp:attachment":[{"href":"https:\/\/agora.xtec.cat\/escolagaudisantboi\/wp-json\/wp\/v2\/media?parent=3653"}],"wp:term":[{"taxonomy":"category","embeddable":true,"href":"https:\/\/agora.xtec.cat\/escolagaudisantboi\/wp-json\/wp\/v2\/categories?post=3653"},{"taxonomy":"post_tag","embeddable":true,"href":"https:\/\/agora.xtec.cat\/escolagaudisantboi\/wp-json\/wp\/v2\/tags?post=3653"}],"curies":[{"name":"wp","href":"https:\/\/api.w.org\/{rel}","templated":true}]}}