{"id":3536,"date":"2015-12-09T13:07:22","date_gmt":"2015-12-09T12:07:22","guid":{"rendered":"https:\/\/agora.xtec.cat\/escolagaudisantboi\/?p=3536"},"modified":"2020-07-21T13:08:03","modified_gmt":"2020-07-21T11:08:03","slug":"dia-de-la-musica-2015","status":"publish","type":"post","link":"https:\/\/agora.xtec.cat\/escolagaudisantboi\/general\/dia-de-la-musica-2015\/","title":{"rendered":"DIA DE LA M\u00daSICA 2015"},"content":{"rendered":"<p style=\"margin-top: 1em; margin-bottom: 1em; color: #333333; font-family: Tahoma, Arial, Helvetica, sans-serif; font-size: 14px; background-color: #f2f2f2;\"><img loading=\"lazy\" decoding=\"async\" style=\"border: none; line-height: 24px;\" src=\"http:\/\/www.escolagaudisantboi.cat\/images\/stories\/15-16\/musica-2015.jpg\" alt=\"\" width=\"290\" height=\"218\" align=\"left\" hspace=\"5\" \/>Hola a tothom,<\/p>\n<p style=\"margin-top: 1em; margin-bottom: 1em; color: #333333; font-family: Tahoma, Arial, Helvetica, sans-serif; font-size: 14px; background-color: #f2f2f2;\">El passat divendres 20 de novembre a la nostra escola vam celebrar el dia de la m\u00fasica. Afegint-nos al projecte d&#8217;escola de cuidar el medi ambient, tots els cicles hem constru\u00eft diferents instruments reutilitzant diferents materials.<\/p>\n<p style=\"margin-top: 1em; margin-bottom: 1em; color: #333333; font-family: Tahoma, Arial, Helvetica, sans-serif; font-size: 14px; background-color: #f2f2f2;\">Aix\u00ed els infants d&#8217;educaci\u00f3 infantil han fet les seves pr\u00f2pies maraques, cicle inicial un tam-tam o tambor japon\u00e9s, cicle mitj\u00e0 arpes i cicle superior pals de pluja.<\/p>\n<p style=\"margin-top: 1em; margin-bottom: 1em; color: #333333; font-family: Tahoma, Arial, Helvetica, sans-serif; font-size: 14px; background-color: #f2f2f2;\">Hem exposat una petita representaci\u00f3 al hall de l&#8217;escola i ens hem juntat tots al gimn\u00e0s per cantar la can\u00e7\u00f3 SIGUEU RECICLATS!!<\/p>\n<div class=\"ast-oembed-container \" style=\"height: 100%;\"><iframe loading=\"lazy\" title=\"Dia de la M\u00fasica 2015\" width=\"500\" height=\"281\" src=\"https:\/\/www.youtube.com\/embed\/EXEorDmJBM4?feature=oembed\" frameborder=\"0\" allow=\"accelerometer; autoplay; clipboard-write; encrypted-media; gyroscope; picture-in-picture; web-share\" referrerpolicy=\"strict-origin-when-cross-origin\" allowfullscreen><\/iframe><\/div>\n<div class=\"ast-oembed-container \" style=\"height: 100%;\"><iframe loading=\"lazy\" title=\"Dia de la M\u00fasica.\" width=\"500\" height=\"281\" src=\"https:\/\/www.youtube.com\/embed\/sS0obP0ox7M?feature=oembed\" frameborder=\"0\" allow=\"accelerometer; autoplay; clipboard-write; encrypted-media; gyroscope; picture-in-picture; web-share\" referrerpolicy=\"strict-origin-when-cross-origin\" allowfullscreen><\/iframe><\/div>\n","protected":false},"excerpt":{"rendered":"<p>Hola a tothom, El passat divendres 20 de novembre a la nostra escola vam celebrar el dia de la m\u00fasica. Afegint-nos al projecte d&#8217;escola de cuidar el medi ambient, tots els cicles hem constru\u00eft diferents instruments reutilitzant diferents materials. Aix\u00ed els infants d&#8217;educaci\u00f3 infantil han fet les seves pr\u00f2pies maraques, cicle inicial un tam-tam o [&hellip;]<\/p>\n","protected":false},"author":9,"featured_media":3537,"comment_status":"open","ping_status":"closed","sticky":false,"template":"","format":"standard","meta":{"_bbp_topic_count":0,"_bbp_reply_count":0,"_bbp_total_topic_count":0,"_bbp_total_reply_count":0,"_bbp_voice_count":0,"_bbp_anonymous_reply_count":0,"_bbp_topic_count_hidden":0,"_bbp_reply_count_hidden":0,"_bbp_forum_subforum_count":0,"site-sidebar-layout":"default","site-content-layout":"","ast-site-content-layout":"","site-content-style":"default","site-sidebar-style":"default","ast-global-header-display":"","ast-banner-title-visibility":"","ast-main-header-display":"","ast-hfb-above-header-display":"","ast-hfb-below-header-display":"","ast-hfb-mobile-header-display":"","site-post-title":"","ast-breadcrumbs-content":"","ast-featured-img":"","footer-sml-layout":"","theme-transparent-header-meta":"","adv-header-id-meta":"","stick-header-meta":"","header-above-stick-meta":"","header-main-stick-meta":"","header-below-stick-meta":"","astra-migrate-meta-layouts":"default","ast-page-background-enabled":"default","ast-page-background-meta":{"desktop":{"background-color":"var(--ast-global-color-4)","background-image":"","background-repeat":"repeat","background-position":"center center","background-size":"auto","background-attachment":"scroll","background-type":"","background-media":"","overlay-type":"","overlay-color":"","overlay-opacity":"","overlay-gradient":""},"tablet":{"background-color":"","background-image":"","background-repeat":"repeat","background-position":"center center","background-size":"auto","background-attachment":"scroll","background-type":"","background-media":"","overlay-type":"","overlay-color":"","overlay-opacity":"","overlay-gradient":""},"mobile":{"background-color":"","background-image":"","background-repeat":"repeat","background-position":"center center","background-size":"auto","background-attachment":"scroll","background-type":"","background-media":"","overlay-type":"","overlay-color":"","overlay-opacity":"","overlay-gradient":""}},"ast-content-background-meta":{"desktop":{"background-color":"var(--ast-global-color-5)","background-image":"","background-repeat":"repeat","background-position":"center center","background-size":"auto","background-attachment":"scroll","background-type":"","background-media":"","overlay-type":"","overlay-color":"","overlay-opacity":"","overlay-gradient":""},"tablet":{"background-color":"var(--ast-global-color-5)","background-image":"","background-repeat":"repeat","background-position":"center center","background-size":"auto","background-attachment":"scroll","background-type":"","background-media":"","overlay-type":"","overlay-color":"","overlay-opacity":"","overlay-gradient":""},"mobile":{"background-color":"var(--ast-global-color-5)","background-image":"","background-repeat":"repeat","background-position":"center center","background-size":"auto","background-attachment":"scroll","background-type":"","background-media":"","overlay-type":"","overlay-color":"","overlay-opacity":"","overlay-gradient":""}},"footnotes":""},"categories":[10,11,12,13,14,15,75,1,3,9,2,99,8,5,118],"tags":[104],"class_list":["post-3536","post","type-post","status-publish","format-standard","has-post-thumbnail","hentry","category-1r","category-2n","category-3r","category-4t","category-5e","category-6e","category-festes-populars","category-general","category-i3","category-i5","category-infantil","category-musica","category-p4","category-primaria","category-projecte-global","tag-musica"],"post_mailing_queue_ids":[],"_links":{"self":[{"href":"https:\/\/agora.xtec.cat\/escolagaudisantboi\/wp-json\/wp\/v2\/posts\/3536","targetHints":{"allow":["GET"]}}],"collection":[{"href":"https:\/\/agora.xtec.cat\/escolagaudisantboi\/wp-json\/wp\/v2\/posts"}],"about":[{"href":"https:\/\/agora.xtec.cat\/escolagaudisantboi\/wp-json\/wp\/v2\/types\/post"}],"author":[{"embeddable":true,"href":"https:\/\/agora.xtec.cat\/escolagaudisantboi\/wp-json\/wp\/v2\/users\/9"}],"replies":[{"embeddable":true,"href":"https:\/\/agora.xtec.cat\/escolagaudisantboi\/wp-json\/wp\/v2\/comments?post=3536"}],"version-history":[{"count":1,"href":"https:\/\/agora.xtec.cat\/escolagaudisantboi\/wp-json\/wp\/v2\/posts\/3536\/revisions"}],"predecessor-version":[{"id":3538,"href":"https:\/\/agora.xtec.cat\/escolagaudisantboi\/wp-json\/wp\/v2\/posts\/3536\/revisions\/3538"}],"wp:featuredmedia":[{"embeddable":true,"href":"https:\/\/agora.xtec.cat\/escolagaudisantboi\/wp-json\/wp\/v2\/media\/3537"}],"wp:attachment":[{"href":"https:\/\/agora.xtec.cat\/escolagaudisantboi\/wp-json\/wp\/v2\/media?parent=3536"}],"wp:term":[{"taxonomy":"category","embeddable":true,"href":"https:\/\/agora.xtec.cat\/escolagaudisantboi\/wp-json\/wp\/v2\/categories?post=3536"},{"taxonomy":"post_tag","embeddable":true,"href":"https:\/\/agora.xtec.cat\/escolagaudisantboi\/wp-json\/wp\/v2\/tags?post=3536"}],"curies":[{"name":"wp","href":"https:\/\/api.w.org\/{rel}","templated":true}]}}