{"id":3521,"date":"2015-09-17T12:42:53","date_gmt":"2015-09-17T10:42:53","guid":{"rendered":"https:\/\/agora.xtec.cat\/escolagaudisantboi\/?p=3521"},"modified":"2020-07-21T12:43:58","modified_gmt":"2020-07-21T10:43:58","slug":"info-ampa-horts-can-pinyol","status":"publish","type":"post","link":"https:\/\/agora.xtec.cat\/escolagaudisantboi\/general\/info-ampa-horts-can-pinyol\/","title":{"rendered":"Info AMPA: Horts Can Pinyol"},"content":{"rendered":"<p><img loading=\"lazy\" decoding=\"async\" src=\"http:\/\/www.escolagaudisantboi.cat\/images\/stories\/AMPA\/14-15\/factory5420.jpg\" alt=\"\" width=\"300\" height=\"203\" align=\"left\" hspace=\"5\" \/>\u00a0Hola a tothom,<\/p>\n<p>L&#8217;AMPA participa al projecte\u00a0<strong>Horts Comunitaris de Can Pinyol<\/strong>\u00a0(al peu de la muntanya de Sant Ramon), que engega\u00a0<a href=\"http:\/\/www.marianao.net\/ca\/la-fundaci%C3%B3-marianao-engega-el-projecte-horts-comunitaris-de-can-pinyol-un-espai-de-trobada-i-producci%C3%B3-ecol%C3%B2gica-d-aliments_27039\"><strong>La Fundaci\u00f3 Marianao<\/strong><\/a>, un espai de trobada i producci\u00f3 ecol\u00f2gica d&#8217;aliments per a fam\u00edlies de l&#8217;escola.<\/p>\n<p>Ara participem a la formaci\u00f3\u00a0sobre agricultura ecol\u00f2gica b\u00e0sica i les comissions conformades pels participants-referents del projecte i que comptaran amb el suport del t\u00e8cnic del projecte, Adri\u00e0 Giol.<\/p>\n<p>Els Horts Comunitaris de Can Pinyol de Sant Boi s\u2019emmarquen en el projecte europeu \u201cSocial and Intercultural Dialogue through Governance for Local development: Mediterranean Urban and Peri-urban Agrticulture \u2013 SIDIG-MED\u201d , del programa de cooperaci\u00f3 transfronterera ENPI CBC MED, en el qual participa l\u2019\u00c0rea Metropolitana de Barcelona. SIDIG-MED \u00e9s una iniciativa que proporciona una estructura de cooperaci\u00f3 transfronterera que involucra el sector p\u00fablic, privat i institucions sense \u00e0nim de lucre de pa\u00efsos de la Mediterr\u00e0nia Sud (Jord\u00e0nia i Tun\u00edsia) i pa\u00efsos de la Mediterr\u00e0nia Nord (It\u00e0lia i Espanya).<\/p>\n","protected":false},"excerpt":{"rendered":"<p>\u00a0Hola a tothom, L&#8217;AMPA participa al projecte\u00a0Horts Comunitaris de Can Pinyol\u00a0(al peu de la muntanya de Sant Ramon), que engega\u00a0La Fundaci\u00f3 Marianao, un espai de trobada i producci\u00f3 ecol\u00f2gica d&#8217;aliments per a fam\u00edlies de l&#8217;escola. Ara participem a la formaci\u00f3\u00a0sobre agricultura ecol\u00f2gica b\u00e0sica i les comissions conformades pels participants-referents del projecte i que comptaran amb [&hellip;]<\/p>\n","protected":false},"author":9,"featured_media":0,"comment_status":"open","ping_status":"closed","sticky":false,"template":"","format":"standard","meta":{"_bbp_topic_count":0,"_bbp_reply_count":0,"_bbp_total_topic_count":0,"_bbp_total_reply_count":0,"_bbp_voice_count":0,"_bbp_anonymous_reply_count":0,"_bbp_topic_count_hidden":0,"_bbp_reply_count_hidden":0,"_bbp_forum_subforum_count":0,"site-sidebar-layout":"default","site-content-layout":"","ast-site-content-layout":"","site-content-style":"default","site-sidebar-style":"default","ast-global-header-display":"","ast-banner-title-visibility":"","ast-main-header-display":"","ast-hfb-above-header-display":"","ast-hfb-below-header-display":"","ast-hfb-mobile-header-display":"","site-post-title":"","ast-breadcrumbs-content":"","ast-featured-img":"","footer-sml-layout":"","theme-transparent-header-meta":"","adv-header-id-meta":"","stick-header-meta":"","header-above-stick-meta":"","header-main-stick-meta":"","header-below-stick-meta":"","astra-migrate-meta-layouts":"default","ast-page-background-enabled":"default","ast-page-background-meta":{"desktop":{"background-color":"var(--ast-global-color-4)","background-image":"","background-repeat":"repeat","background-position":"center center","background-size":"auto","background-attachment":"scroll","background-type":"","background-media":"","overlay-type":"","overlay-color":"","overlay-opacity":"","overlay-gradient":""},"tablet":{"background-color":"","background-image":"","background-repeat":"repeat","background-position":"center center","background-size":"auto","background-attachment":"scroll","background-type":"","background-media":"","overlay-type":"","overlay-color":"","overlay-opacity":"","overlay-gradient":""},"mobile":{"background-color":"","background-image":"","background-repeat":"repeat","background-position":"center center","background-size":"auto","background-attachment":"scroll","background-type":"","background-media":"","overlay-type":"","overlay-color":"","overlay-opacity":"","overlay-gradient":""}},"ast-content-background-meta":{"desktop":{"background-color":"var(--ast-global-color-5)","background-image":"","background-repeat":"repeat","background-position":"center center","background-size":"auto","background-attachment":"scroll","background-type":"","background-media":"","overlay-type":"","overlay-color":"","overlay-opacity":"","overlay-gradient":""},"tablet":{"background-color":"var(--ast-global-color-5)","background-image":"","background-repeat":"repeat","background-position":"center center","background-size":"auto","background-attachment":"scroll","background-type":"","background-media":"","overlay-type":"","overlay-color":"","overlay-opacity":"","overlay-gradient":""},"mobile":{"background-color":"var(--ast-global-color-5)","background-image":"","background-repeat":"repeat","background-position":"center center","background-size":"auto","background-attachment":"scroll","background-type":"","background-media":"","overlay-type":"","overlay-color":"","overlay-opacity":"","overlay-gradient":""}},"footnotes":""},"categories":[7,1],"tags":[132],"class_list":["post-3521","post","type-post","status-publish","format-standard","hentry","category-afa","category-general","tag-afa"],"post_mailing_queue_ids":[],"_links":{"self":[{"href":"https:\/\/agora.xtec.cat\/escolagaudisantboi\/wp-json\/wp\/v2\/posts\/3521","targetHints":{"allow":["GET"]}}],"collection":[{"href":"https:\/\/agora.xtec.cat\/escolagaudisantboi\/wp-json\/wp\/v2\/posts"}],"about":[{"href":"https:\/\/agora.xtec.cat\/escolagaudisantboi\/wp-json\/wp\/v2\/types\/post"}],"author":[{"embeddable":true,"href":"https:\/\/agora.xtec.cat\/escolagaudisantboi\/wp-json\/wp\/v2\/users\/9"}],"replies":[{"embeddable":true,"href":"https:\/\/agora.xtec.cat\/escolagaudisantboi\/wp-json\/wp\/v2\/comments?post=3521"}],"version-history":[{"count":1,"href":"https:\/\/agora.xtec.cat\/escolagaudisantboi\/wp-json\/wp\/v2\/posts\/3521\/revisions"}],"predecessor-version":[{"id":3522,"href":"https:\/\/agora.xtec.cat\/escolagaudisantboi\/wp-json\/wp\/v2\/posts\/3521\/revisions\/3522"}],"wp:attachment":[{"href":"https:\/\/agora.xtec.cat\/escolagaudisantboi\/wp-json\/wp\/v2\/media?parent=3521"}],"wp:term":[{"taxonomy":"category","embeddable":true,"href":"https:\/\/agora.xtec.cat\/escolagaudisantboi\/wp-json\/wp\/v2\/categories?post=3521"},{"taxonomy":"post_tag","embeddable":true,"href":"https:\/\/agora.xtec.cat\/escolagaudisantboi\/wp-json\/wp\/v2\/tags?post=3521"}],"curies":[{"name":"wp","href":"https:\/\/api.w.org\/{rel}","templated":true}]}}