{"id":3462,"date":"2014-11-25T11:25:47","date_gmt":"2014-11-25T10:25:47","guid":{"rendered":"https:\/\/agora.xtec.cat\/escolagaudisantboi\/?p=3462"},"modified":"2020-07-20T11:26:23","modified_gmt":"2020-07-20T09:26:23","slug":"info-ampa-consell-escolar","status":"publish","type":"post","link":"https:\/\/agora.xtec.cat\/escolagaudisantboi\/general\/info-ampa-consell-escolar\/","title":{"rendered":"Info AMPA: Consell escolar"},"content":{"rendered":"<p><img loading=\"lazy\" decoding=\"async\" src=\"http:\/\/www.escolagaudisantboi.cat\/images\/stories\/2010-11-eleccions.jpg\" alt=\"\" width=\"200\" height=\"187\" align=\"left\" hspace=\"5\" \/>\u00a0Hola fam\u00edlies!<\/p>\n<div>Des de l\u2019AMPA us deixem amb un \u2018Qu\u00e8?, Qui? i Com&#8230;?\u2019 referent al consell escolar:<\/div>\n<ul>\n<li><em>Qu\u00e8 \u00e9s el consell escolar?<\/em><\/li>\n<\/ul>\n<div>El consell escolar \u00e9s l&#8217;\u00f2rgan de participaci\u00f3 dels diferents sectors de la comunitat educativa en el\u00a0govern dels centres.<\/div>\n<ul>\n<li><em>Qui forma el consell escolar?<\/em><\/li>\n<\/ul>\n<div>El formen els representants de tota la comunitat educativa, \u00e9s a dir, direcci\u00f3, professors, fam\u00edlies,\u00a0personal d&#8217;administraci\u00f3 i serveis (Conserges), representant de l&#8217;Ajuntament<\/div>\n<ul>\n<li><em>Quina \u00e9s la funci\u00f3 del consell escolar als centres p\u00fablics?<\/em><\/li>\n<\/ul>\n<div>La funci\u00f3 principal del consell escolar \u00e9s participar en la presa de decisions en relaci\u00f3 amb aquells\u00a0temes importants per al funcionament i l&#8217;organitzaci\u00f3 del centre: el projecte educatiu, la programaci\u00f3\u00a0general, la gesti\u00f3 econ\u00f2mica, etc.<\/div>\n<div><\/div>\n<div>Recordeu que dem\u00e0 dimecres 26 de novembre podreu votar a 3\u00a0dels 5\u00a0<a href=\"http:\/\/www.escolagaudisantboi.cat\/index.php?option=com_content&amp;view=article&amp;id=1046:publicacio-candidatures&amp;catid=88:consell-escolar&amp;Itemid=61\"><strong>candidats<\/strong><\/a>, us animem a participar!<\/div>\n","protected":false},"excerpt":{"rendered":"<p>\u00a0Hola fam\u00edlies! Des de l\u2019AMPA us deixem amb un \u2018Qu\u00e8?, Qui? i Com&#8230;?\u2019 referent al consell escolar: Qu\u00e8 \u00e9s el consell escolar? El consell escolar \u00e9s l&#8217;\u00f2rgan de participaci\u00f3 dels diferents sectors de la comunitat educativa en el\u00a0govern dels centres. Qui forma el consell escolar? El formen els representants de tota la comunitat educativa, \u00e9s [&hellip;]<\/p>\n","protected":false},"author":9,"featured_media":0,"comment_status":"open","ping_status":"closed","sticky":false,"template":"","format":"standard","meta":{"_bbp_topic_count":0,"_bbp_reply_count":0,"_bbp_total_topic_count":0,"_bbp_total_reply_count":0,"_bbp_voice_count":0,"_bbp_anonymous_reply_count":0,"_bbp_topic_count_hidden":0,"_bbp_reply_count_hidden":0,"_bbp_forum_subforum_count":0,"site-sidebar-layout":"default","site-content-layout":"","ast-site-content-layout":"","site-content-style":"default","site-sidebar-style":"default","ast-global-header-display":"","ast-banner-title-visibility":"","ast-main-header-display":"","ast-hfb-above-header-display":"","ast-hfb-below-header-display":"","ast-hfb-mobile-header-display":"","site-post-title":"","ast-breadcrumbs-content":"","ast-featured-img":"","footer-sml-layout":"","theme-transparent-header-meta":"","adv-header-id-meta":"","stick-header-meta":"","header-above-stick-meta":"","header-main-stick-meta":"","header-below-stick-meta":"","astra-migrate-meta-layouts":"default","ast-page-background-enabled":"default","ast-page-background-meta":{"desktop":{"background-color":"var(--ast-global-color-4)","background-image":"","background-repeat":"repeat","background-position":"center center","background-size":"auto","background-attachment":"scroll","background-type":"","background-media":"","overlay-type":"","overlay-color":"","overlay-opacity":"","overlay-gradient":""},"tablet":{"background-color":"","background-image":"","background-repeat":"repeat","background-position":"center center","background-size":"auto","background-attachment":"scroll","background-type":"","background-media":"","overlay-type":"","overlay-color":"","overlay-opacity":"","overlay-gradient":""},"mobile":{"background-color":"","background-image":"","background-repeat":"repeat","background-position":"center center","background-size":"auto","background-attachment":"scroll","background-type":"","background-media":"","overlay-type":"","overlay-color":"","overlay-opacity":"","overlay-gradient":""}},"ast-content-background-meta":{"desktop":{"background-color":"var(--ast-global-color-5)","background-image":"","background-repeat":"repeat","background-position":"center center","background-size":"auto","background-attachment":"scroll","background-type":"","background-media":"","overlay-type":"","overlay-color":"","overlay-opacity":"","overlay-gradient":""},"tablet":{"background-color":"var(--ast-global-color-5)","background-image":"","background-repeat":"repeat","background-position":"center center","background-size":"auto","background-attachment":"scroll","background-type":"","background-media":"","overlay-type":"","overlay-color":"","overlay-opacity":"","overlay-gradient":""},"mobile":{"background-color":"var(--ast-global-color-5)","background-image":"","background-repeat":"repeat","background-position":"center center","background-size":"auto","background-attachment":"scroll","background-type":"","background-media":"","overlay-type":"","overlay-color":"","overlay-opacity":"","overlay-gradient":""}},"footnotes":""},"categories":[7,1],"tags":[132,142],"class_list":["post-3462","post","type-post","status-publish","format-standard","hentry","category-afa","category-general","tag-afa","tag-consell-escolar"],"post_mailing_queue_ids":[],"_links":{"self":[{"href":"https:\/\/agora.xtec.cat\/escolagaudisantboi\/wp-json\/wp\/v2\/posts\/3462","targetHints":{"allow":["GET"]}}],"collection":[{"href":"https:\/\/agora.xtec.cat\/escolagaudisantboi\/wp-json\/wp\/v2\/posts"}],"about":[{"href":"https:\/\/agora.xtec.cat\/escolagaudisantboi\/wp-json\/wp\/v2\/types\/post"}],"author":[{"embeddable":true,"href":"https:\/\/agora.xtec.cat\/escolagaudisantboi\/wp-json\/wp\/v2\/users\/9"}],"replies":[{"embeddable":true,"href":"https:\/\/agora.xtec.cat\/escolagaudisantboi\/wp-json\/wp\/v2\/comments?post=3462"}],"version-history":[{"count":1,"href":"https:\/\/agora.xtec.cat\/escolagaudisantboi\/wp-json\/wp\/v2\/posts\/3462\/revisions"}],"predecessor-version":[{"id":3463,"href":"https:\/\/agora.xtec.cat\/escolagaudisantboi\/wp-json\/wp\/v2\/posts\/3462\/revisions\/3463"}],"wp:attachment":[{"href":"https:\/\/agora.xtec.cat\/escolagaudisantboi\/wp-json\/wp\/v2\/media?parent=3462"}],"wp:term":[{"taxonomy":"category","embeddable":true,"href":"https:\/\/agora.xtec.cat\/escolagaudisantboi\/wp-json\/wp\/v2\/categories?post=3462"},{"taxonomy":"post_tag","embeddable":true,"href":"https:\/\/agora.xtec.cat\/escolagaudisantboi\/wp-json\/wp\/v2\/tags?post=3462"}],"curies":[{"name":"wp","href":"https:\/\/api.w.org\/{rel}","templated":true}]}}