{"id":3460,"date":"2014-11-06T11:23:43","date_gmt":"2014-11-06T10:23:43","guid":{"rendered":"https:\/\/agora.xtec.cat\/escolagaudisantboi\/?p=3460"},"modified":"2020-07-20T11:24:12","modified_gmt":"2020-07-20T09:24:12","slug":"eleccions-al-consell-escolar-2014","status":"publish","type":"post","link":"https:\/\/agora.xtec.cat\/escolagaudisantboi\/general\/eleccions-al-consell-escolar-2014\/","title":{"rendered":"ELECCIONS AL CONSELL ESCOLAR 2014"},"content":{"rendered":"<p>Benvolgudes fam\u00edlies,<\/p>\n<p>D&#8217;acord amb la resoluci\u00f3 ENS\/2160\/2014, de 16 de setembre del Departament d&#8217;Ensenyament, es convoquen\u00a0<a href=\"http:\/\/www20.gencat.cat\/portal\/site\/ensenyament\/menuitem.a735c8413184c341c65d3082b0c0e1a0\/?vgnextoid=fd48f9cd4d7e9310VgnVCM1000008d0c1e0aRCRD&amp;vgnextchannel=fd48f9cd4d7e9310VgnVCM1000008d0c1e0aRCRD&amp;vgnextfmt=default#Bloca722f9cd4d7e9310VgnVCM1000008d0c1e0a____\">eleccions per a la renovaci\u00f3 dels membres del consell escolar.<\/a><\/p>\n<p>CALENDARI DEL PROC\u00c8S ELECTORAL:<\/p>\n<table border=\"1\" width=\"590\" cellspacing=\"1\" cellpadding=\"1\">\n<tbody>\n<tr>\n<td>Cens electoral penjat al taulell d&#8217;anuncis. (Comproveu que no hi hagi errors<\/td>\n<td>A partir del dia 6 de novembre<\/td>\n<\/tr>\n<tr>\n<td>Reclamacions del cens electoral<\/td>\n<td>Fins el 7 de novembre<\/td>\n<\/tr>\n<tr>\n<td>Sorteig per designar vocals<\/td>\n<td>Dia 7 de novembre a les 15h<\/td>\n<\/tr>\n<tr>\n<td>Constituci\u00f3 meses electorals<\/td>\n<td>12 de novembre<\/td>\n<\/tr>\n<tr>\n<td>Presentaci\u00f3 de candidatures (Demanar impr\u00e8s al despatx)<\/td>\n<td>Fins el 14 de novembre<\/td>\n<\/tr>\n<tr>\n<td>Publicaci\u00f3 candidatures<\/td>\n<td>18 de novembre<\/td>\n<\/tr>\n<tr>\n<td><strong>Eleccions al consell escolar, sector de pares i mares<\/strong><\/td>\n<td><strong>26 de novembre<\/strong><\/p>\n<p><strong>de 8&#8217;45h a 16&#8217;45h\u00a0<\/strong><\/td>\n<\/tr>\n<\/tbody>\n<\/table>\n<p>El\u00a0<a href=\"http:\/\/www.escolagaudisantboi.cat\/index.php?option=com_content&amp;view=category&amp;layout=blog&amp;id=88&amp;Itemid=61\"><strong>consell escolar<\/strong><\/a>\u00a0\u00e9s un \u00f2rgan de participaci\u00f3 important en el funcionament de la nostra escola.<\/p>\n<p>Us convidem a participar activament en les eleccions del consell escolar.<\/p>\n<p>Participant, fem escola!!!<\/p>\n<p>Maite Fillat i Traveset<\/p>\n<p>Directora de l&#8217;escola<\/p>\n","protected":false},"excerpt":{"rendered":"<p>Benvolgudes fam\u00edlies, D&#8217;acord amb la resoluci\u00f3 ENS\/2160\/2014, de 16 de setembre del Departament d&#8217;Ensenyament, es convoquen\u00a0eleccions per a la renovaci\u00f3 dels membres del consell escolar. CALENDARI DEL PROC\u00c8S ELECTORAL: Cens electoral penjat al taulell d&#8217;anuncis. (Comproveu que no hi hagi errors A partir del dia 6 de novembre Reclamacions del cens electoral Fins el 7 [&hellip;]<\/p>\n","protected":false},"author":9,"featured_media":0,"comment_status":"open","ping_status":"closed","sticky":false,"template":"","format":"standard","meta":{"_bbp_topic_count":0,"_bbp_reply_count":0,"_bbp_total_topic_count":0,"_bbp_total_reply_count":0,"_bbp_voice_count":0,"_bbp_anonymous_reply_count":0,"_bbp_topic_count_hidden":0,"_bbp_reply_count_hidden":0,"_bbp_forum_subforum_count":0,"site-sidebar-layout":"default","site-content-layout":"","ast-site-content-layout":"","site-content-style":"default","site-sidebar-style":"default","ast-global-header-display":"","ast-banner-title-visibility":"","ast-main-header-display":"","ast-hfb-above-header-display":"","ast-hfb-below-header-display":"","ast-hfb-mobile-header-display":"","site-post-title":"","ast-breadcrumbs-content":"","ast-featured-img":"","footer-sml-layout":"","theme-transparent-header-meta":"","adv-header-id-meta":"","stick-header-meta":"","header-above-stick-meta":"","header-main-stick-meta":"","header-below-stick-meta":"","astra-migrate-meta-layouts":"default","ast-page-background-enabled":"default","ast-page-background-meta":{"desktop":{"background-color":"var(--ast-global-color-4)","background-image":"","background-repeat":"repeat","background-position":"center center","background-size":"auto","background-attachment":"scroll","background-type":"","background-media":"","overlay-type":"","overlay-color":"","overlay-opacity":"","overlay-gradient":""},"tablet":{"background-color":"","background-image":"","background-repeat":"repeat","background-position":"center center","background-size":"auto","background-attachment":"scroll","background-type":"","background-media":"","overlay-type":"","overlay-color":"","overlay-opacity":"","overlay-gradient":""},"mobile":{"background-color":"","background-image":"","background-repeat":"repeat","background-position":"center center","background-size":"auto","background-attachment":"scroll","background-type":"","background-media":"","overlay-type":"","overlay-color":"","overlay-opacity":"","overlay-gradient":""}},"ast-content-background-meta":{"desktop":{"background-color":"var(--ast-global-color-5)","background-image":"","background-repeat":"repeat","background-position":"center center","background-size":"auto","background-attachment":"scroll","background-type":"","background-media":"","overlay-type":"","overlay-color":"","overlay-opacity":"","overlay-gradient":""},"tablet":{"background-color":"var(--ast-global-color-5)","background-image":"","background-repeat":"repeat","background-position":"center center","background-size":"auto","background-attachment":"scroll","background-type":"","background-media":"","overlay-type":"","overlay-color":"","overlay-opacity":"","overlay-gradient":""},"mobile":{"background-color":"var(--ast-global-color-5)","background-image":"","background-repeat":"repeat","background-position":"center center","background-size":"auto","background-attachment":"scroll","background-type":"","background-media":"","overlay-type":"","overlay-color":"","overlay-opacity":"","overlay-gradient":""}},"footnotes":""},"categories":[1],"tags":[142],"class_list":["post-3460","post","type-post","status-publish","format-standard","hentry","category-general","tag-consell-escolar"],"post_mailing_queue_ids":[],"_links":{"self":[{"href":"https:\/\/agora.xtec.cat\/escolagaudisantboi\/wp-json\/wp\/v2\/posts\/3460","targetHints":{"allow":["GET"]}}],"collection":[{"href":"https:\/\/agora.xtec.cat\/escolagaudisantboi\/wp-json\/wp\/v2\/posts"}],"about":[{"href":"https:\/\/agora.xtec.cat\/escolagaudisantboi\/wp-json\/wp\/v2\/types\/post"}],"author":[{"embeddable":true,"href":"https:\/\/agora.xtec.cat\/escolagaudisantboi\/wp-json\/wp\/v2\/users\/9"}],"replies":[{"embeddable":true,"href":"https:\/\/agora.xtec.cat\/escolagaudisantboi\/wp-json\/wp\/v2\/comments?post=3460"}],"version-history":[{"count":1,"href":"https:\/\/agora.xtec.cat\/escolagaudisantboi\/wp-json\/wp\/v2\/posts\/3460\/revisions"}],"predecessor-version":[{"id":3461,"href":"https:\/\/agora.xtec.cat\/escolagaudisantboi\/wp-json\/wp\/v2\/posts\/3460\/revisions\/3461"}],"wp:attachment":[{"href":"https:\/\/agora.xtec.cat\/escolagaudisantboi\/wp-json\/wp\/v2\/media?parent=3460"}],"wp:term":[{"taxonomy":"category","embeddable":true,"href":"https:\/\/agora.xtec.cat\/escolagaudisantboi\/wp-json\/wp\/v2\/categories?post=3460"},{"taxonomy":"post_tag","embeddable":true,"href":"https:\/\/agora.xtec.cat\/escolagaudisantboi\/wp-json\/wp\/v2\/tags?post=3460"}],"curies":[{"name":"wp","href":"https:\/\/api.w.org\/{rel}","templated":true}]}}