{"id":3458,"date":"2014-11-16T11:21:33","date_gmt":"2014-11-16T10:21:33","guid":{"rendered":"https:\/\/agora.xtec.cat\/escolagaudisantboi\/?p=3458"},"modified":"2020-07-20T11:22:36","modified_gmt":"2020-07-20T09:22:36","slug":"placeta-carrer-salvador-allende","status":"publish","type":"post","link":"https:\/\/agora.xtec.cat\/escolagaudisantboi\/general\/placeta-carrer-salvador-allende\/","title":{"rendered":"Placeta carrer Salvador Allende"},"content":{"rendered":"<p><img loading=\"lazy\" decoding=\"async\" src=\"http:\/\/www.escolagaudisantboi.cat\/images\/stories\/logo%20gaudi-2011.jpg\" alt=\"\" width=\"200\" height=\"147\" align=\"left\" \/>\u00a0Benvolgudes fam\u00edlies,<\/p>\n<div><span style=\"font-size: medium;\">Us comuniquem que dem\u00e0 dilluns 17 de novembre comen\u00e7aran les obres de\u00a0<a href=\"http:\/\/www.escolagaudisantboi.cat\/index.php?option=com_content&amp;view=article&amp;id=1033:info-ampa-google&amp;catid=71:ampaactivitats&amp;Itemid=89\">remodelaci\u00f3 de la Pla\u00e7a del carrer Salvador Allende.<\/a><\/span><\/div>\n<div><span style=\"font-size: medium;\">\u00a0<\/span><\/div>\n<div><span style=\"font-size: medium;\">Aquest fet comportar\u00e0 que no es podr\u00e1 obrir la porta corredissa entre les dues places, per accedir a l&#8217;escola.<\/span><\/div>\n<div><span style=\"font-size: medium;\">\u00a0<\/span><\/div>\n<div><span style=\"font-size: medium;\">Per tant, mentre duri l&#8217;obra, nom\u00e9s s&#8217;obrir\u00e0 la porta del carrer Antoni Gaud\u00ed.<\/span><\/div>\n<div><\/div>\n<div><span style=\"font-size: medium;\">Disculpeu les mol\u00e8sties i esperem tenir ben aviat una placeta millor<\/span><\/div>\n<div><\/div>\n<div><span style=\"font-size: medium;\">Atentament<\/span><\/div>\n<div><span style=\"font-size: medium;\">Equip Directiu<\/span><\/div>\n","protected":false},"excerpt":{"rendered":"<p>\u00a0Benvolgudes fam\u00edlies, Us comuniquem que dem\u00e0 dilluns 17 de novembre comen\u00e7aran les obres de\u00a0remodelaci\u00f3 de la Pla\u00e7a del carrer Salvador Allende. \u00a0 Aquest fet comportar\u00e0 que no es podr\u00e1 obrir la porta corredissa entre les dues places, per accedir a l&#8217;escola. \u00a0 Per tant, mentre duri l&#8217;obra, nom\u00e9s s&#8217;obrir\u00e0 la porta del carrer Antoni Gaud\u00ed. [&hellip;]<\/p>\n","protected":false},"author":9,"featured_media":0,"comment_status":"open","ping_status":"closed","sticky":false,"template":"","format":"standard","meta":{"_bbp_topic_count":0,"_bbp_reply_count":0,"_bbp_total_topic_count":0,"_bbp_total_reply_count":0,"_bbp_voice_count":0,"_bbp_anonymous_reply_count":0,"_bbp_topic_count_hidden":0,"_bbp_reply_count_hidden":0,"_bbp_forum_subforum_count":0,"site-sidebar-layout":"default","site-content-layout":"","ast-site-content-layout":"","site-content-style":"default","site-sidebar-style":"default","ast-global-header-display":"","ast-banner-title-visibility":"","ast-main-header-display":"","ast-hfb-above-header-display":"","ast-hfb-below-header-display":"","ast-hfb-mobile-header-display":"","site-post-title":"","ast-breadcrumbs-content":"","ast-featured-img":"","footer-sml-layout":"","theme-transparent-header-meta":"","adv-header-id-meta":"","stick-header-meta":"","header-above-stick-meta":"","header-main-stick-meta":"","header-below-stick-meta":"","astra-migrate-meta-layouts":"default","ast-page-background-enabled":"default","ast-page-background-meta":{"desktop":{"background-color":"var(--ast-global-color-4)","background-image":"","background-repeat":"repeat","background-position":"center center","background-size":"auto","background-attachment":"scroll","background-type":"","background-media":"","overlay-type":"","overlay-color":"","overlay-opacity":"","overlay-gradient":""},"tablet":{"background-color":"","background-image":"","background-repeat":"repeat","background-position":"center center","background-size":"auto","background-attachment":"scroll","background-type":"","background-media":"","overlay-type":"","overlay-color":"","overlay-opacity":"","overlay-gradient":""},"mobile":{"background-color":"","background-image":"","background-repeat":"repeat","background-position":"center center","background-size":"auto","background-attachment":"scroll","background-type":"","background-media":"","overlay-type":"","overlay-color":"","overlay-opacity":"","overlay-gradient":""}},"ast-content-background-meta":{"desktop":{"background-color":"var(--ast-global-color-5)","background-image":"","background-repeat":"repeat","background-position":"center center","background-size":"auto","background-attachment":"scroll","background-type":"","background-media":"","overlay-type":"","overlay-color":"","overlay-opacity":"","overlay-gradient":""},"tablet":{"background-color":"var(--ast-global-color-5)","background-image":"","background-repeat":"repeat","background-position":"center center","background-size":"auto","background-attachment":"scroll","background-type":"","background-media":"","overlay-type":"","overlay-color":"","overlay-opacity":"","overlay-gradient":""},"mobile":{"background-color":"var(--ast-global-color-5)","background-image":"","background-repeat":"repeat","background-position":"center center","background-size":"auto","background-attachment":"scroll","background-type":"","background-media":"","overlay-type":"","overlay-color":"","overlay-opacity":"","overlay-gradient":""}},"footnotes":""},"categories":[10,11,12,13,14,15,1,3,9,2,8,5],"tags":[],"class_list":["post-3458","post","type-post","status-publish","format-standard","hentry","category-1r","category-2n","category-3r","category-4t","category-5e","category-6e","category-general","category-i3","category-i5","category-infantil","category-p4","category-primaria"],"post_mailing_queue_ids":[],"_links":{"self":[{"href":"https:\/\/agora.xtec.cat\/escolagaudisantboi\/wp-json\/wp\/v2\/posts\/3458","targetHints":{"allow":["GET"]}}],"collection":[{"href":"https:\/\/agora.xtec.cat\/escolagaudisantboi\/wp-json\/wp\/v2\/posts"}],"about":[{"href":"https:\/\/agora.xtec.cat\/escolagaudisantboi\/wp-json\/wp\/v2\/types\/post"}],"author":[{"embeddable":true,"href":"https:\/\/agora.xtec.cat\/escolagaudisantboi\/wp-json\/wp\/v2\/users\/9"}],"replies":[{"embeddable":true,"href":"https:\/\/agora.xtec.cat\/escolagaudisantboi\/wp-json\/wp\/v2\/comments?post=3458"}],"version-history":[{"count":1,"href":"https:\/\/agora.xtec.cat\/escolagaudisantboi\/wp-json\/wp\/v2\/posts\/3458\/revisions"}],"predecessor-version":[{"id":3459,"href":"https:\/\/agora.xtec.cat\/escolagaudisantboi\/wp-json\/wp\/v2\/posts\/3458\/revisions\/3459"}],"wp:attachment":[{"href":"https:\/\/agora.xtec.cat\/escolagaudisantboi\/wp-json\/wp\/v2\/media?parent=3458"}],"wp:term":[{"taxonomy":"category","embeddable":true,"href":"https:\/\/agora.xtec.cat\/escolagaudisantboi\/wp-json\/wp\/v2\/categories?post=3458"},{"taxonomy":"post_tag","embeddable":true,"href":"https:\/\/agora.xtec.cat\/escolagaudisantboi\/wp-json\/wp\/v2\/tags?post=3458"}],"curies":[{"name":"wp","href":"https:\/\/api.w.org\/{rel}","templated":true}]}}