{"id":3453,"date":"2014-11-03T11:15:43","date_gmt":"2014-11-03T10:15:43","guid":{"rendered":"https:\/\/agora.xtec.cat\/escolagaudisantboi\/?p=3453"},"modified":"2020-07-20T11:16:30","modified_gmt":"2020-07-20T09:16:30","slug":"info-ampa-google","status":"publish","type":"post","link":"https:\/\/agora.xtec.cat\/escolagaudisantboi\/general\/info-ampa-google\/","title":{"rendered":"Info AMPA: Google+"},"content":{"rendered":"<p style=\"margin-top: 1em; margin-bottom: 1em; color: #333333; font-family: Tahoma, Arial, Helvetica, sans-serif; font-size: 14px; background-color: #f2f2f2;\"><img loading=\"lazy\" decoding=\"async\" style=\"border: none;\" src=\"http:\/\/www.escolagaudisantboi.cat\/images\/stories\/14-15\/ampa.jpg\" alt=\"\" width=\"300\" height=\"142\" align=\"left\" hspace=\"5\" \/>\u00a0Benvolgudes fam\u00edlies, us recordem que al\u00a0<a style=\"color: #006699; text-decoration-line: underline;\" href=\"https:\/\/plus.google.com\/+AMPAEscolaGaud%C3%ADSantBoi08830\/posts\" target=\"_blank\" rel=\"noopener noreferrer\"><strong>Google+ de l&#8217;AMPA<\/strong><\/a>\u00a0podreu trobar molta informaci\u00f3 i el seg\u00fcent article:<\/p>\n<p style=\"margin-top: 1em; margin-bottom: 1em; color: #333333; font-family: Tahoma, Arial, Helvetica, sans-serif; font-size: 14px; background-color: #f2f2f2;\"><img loading=\"lazy\" decoding=\"async\" style=\"border: none;\" src=\"http:\/\/www.escolagaudisantboi.cat\/images\/stories\/AMPA\/plaa.jpg\" alt=\"\" width=\"300\" height=\"400\" align=\"left\" hspace=\"5\" \/>\u00a0Bon dia a tots i totes. Avui estem molt feli\u00e7os de poder-vos avan\u00e7ar que, en un parell de setmanes, comen\u00e7aran les obres per arranjar la Pla\u00e7a Salvador Allende.<br \/>\nLa setmana passada la Direcci\u00f3 i l&#8217;AMPA de l&#8217;Escola es van reunir amb el Regidor del Barri Marianao,\u00a0+<a style=\"color: #006699; text-decoration-line: underline;\" href=\"https:\/\/plus.google.com\/101025113747431776178\">Luis P\u00e9rez<\/a>, per tal de donar el nostre vist-i-plau i explicar-nos la manera de dur a terme aquest projecte.<\/p>\n<p style=\"margin-top: 1em; margin-bottom: 1em; color: #333333; font-family: Tahoma, Arial, Helvetica, sans-serif; font-size: 14px; background-color: #f2f2f2;\">Els alumnes de sis\u00e8 van presentar els resultats de l&#8217;enquesta i una maqueta.<\/p>\n<p style=\"margin-top: 1em; margin-bottom: 1em; color: #333333; font-family: Tahoma, Arial, Helvetica, sans-serif; font-size: 14px; background-color: #f2f2f2;\">En la reuni\u00f3 tamb\u00e9 es va acordar que, en un per\u00edode curt de temps, l&#8217;Alcaldessa Llu\u00efsa Moret i el mateix\u00a0+<a style=\"color: #006699; text-decoration-line: underline;\" href=\"https:\/\/plus.google.com\/101025113747431776178\">Luis P\u00e9rez<\/a>\u00a0vinguin a l&#8217;Escola a parlar amb els alumnes de sis\u00e8 per tal de definir el que ser\u00e0 la nova Pla\u00e7a Gaud\u00ed, que estar\u00e0 enllestida abans de la primavera.<\/p>\n","protected":false},"excerpt":{"rendered":"<p>\u00a0Benvolgudes fam\u00edlies, us recordem que al\u00a0Google+ de l&#8217;AMPA\u00a0podreu trobar molta informaci\u00f3 i el seg\u00fcent article: \u00a0Bon dia a tots i totes. Avui estem molt feli\u00e7os de poder-vos avan\u00e7ar que, en un parell de setmanes, comen\u00e7aran les obres per arranjar la Pla\u00e7a Salvador Allende. La setmana passada la Direcci\u00f3 i l&#8217;AMPA de l&#8217;Escola es van reunir [&hellip;]<\/p>\n","protected":false},"author":9,"featured_media":0,"comment_status":"open","ping_status":"closed","sticky":false,"template":"","format":"standard","meta":{"_bbp_topic_count":0,"_bbp_reply_count":0,"_bbp_total_topic_count":0,"_bbp_total_reply_count":0,"_bbp_voice_count":0,"_bbp_anonymous_reply_count":0,"_bbp_topic_count_hidden":0,"_bbp_reply_count_hidden":0,"_bbp_forum_subforum_count":0,"site-sidebar-layout":"default","site-content-layout":"","ast-site-content-layout":"","site-content-style":"default","site-sidebar-style":"default","ast-global-header-display":"","ast-banner-title-visibility":"","ast-main-header-display":"","ast-hfb-above-header-display":"","ast-hfb-below-header-display":"","ast-hfb-mobile-header-display":"","site-post-title":"","ast-breadcrumbs-content":"","ast-featured-img":"","footer-sml-layout":"","theme-transparent-header-meta":"","adv-header-id-meta":"","stick-header-meta":"","header-above-stick-meta":"","header-main-stick-meta":"","header-below-stick-meta":"","astra-migrate-meta-layouts":"default","ast-page-background-enabled":"default","ast-page-background-meta":{"desktop":{"background-color":"var(--ast-global-color-4)","background-image":"","background-repeat":"repeat","background-position":"center center","background-size":"auto","background-attachment":"scroll","background-type":"","background-media":"","overlay-type":"","overlay-color":"","overlay-opacity":"","overlay-gradient":""},"tablet":{"background-color":"","background-image":"","background-repeat":"repeat","background-position":"center center","background-size":"auto","background-attachment":"scroll","background-type":"","background-media":"","overlay-type":"","overlay-color":"","overlay-opacity":"","overlay-gradient":""},"mobile":{"background-color":"","background-image":"","background-repeat":"repeat","background-position":"center center","background-size":"auto","background-attachment":"scroll","background-type":"","background-media":"","overlay-type":"","overlay-color":"","overlay-opacity":"","overlay-gradient":""}},"ast-content-background-meta":{"desktop":{"background-color":"var(--ast-global-color-5)","background-image":"","background-repeat":"repeat","background-position":"center center","background-size":"auto","background-attachment":"scroll","background-type":"","background-media":"","overlay-type":"","overlay-color":"","overlay-opacity":"","overlay-gradient":""},"tablet":{"background-color":"var(--ast-global-color-5)","background-image":"","background-repeat":"repeat","background-position":"center center","background-size":"auto","background-attachment":"scroll","background-type":"","background-media":"","overlay-type":"","overlay-color":"","overlay-opacity":"","overlay-gradient":""},"mobile":{"background-color":"var(--ast-global-color-5)","background-image":"","background-repeat":"repeat","background-position":"center center","background-size":"auto","background-attachment":"scroll","background-type":"","background-media":"","overlay-type":"","overlay-color":"","overlay-opacity":"","overlay-gradient":""}},"footnotes":""},"categories":[7,1],"tags":[],"class_list":["post-3453","post","type-post","status-publish","format-standard","hentry","category-afa","category-general"],"post_mailing_queue_ids":[],"_links":{"self":[{"href":"https:\/\/agora.xtec.cat\/escolagaudisantboi\/wp-json\/wp\/v2\/posts\/3453","targetHints":{"allow":["GET"]}}],"collection":[{"href":"https:\/\/agora.xtec.cat\/escolagaudisantboi\/wp-json\/wp\/v2\/posts"}],"about":[{"href":"https:\/\/agora.xtec.cat\/escolagaudisantboi\/wp-json\/wp\/v2\/types\/post"}],"author":[{"embeddable":true,"href":"https:\/\/agora.xtec.cat\/escolagaudisantboi\/wp-json\/wp\/v2\/users\/9"}],"replies":[{"embeddable":true,"href":"https:\/\/agora.xtec.cat\/escolagaudisantboi\/wp-json\/wp\/v2\/comments?post=3453"}],"version-history":[{"count":2,"href":"https:\/\/agora.xtec.cat\/escolagaudisantboi\/wp-json\/wp\/v2\/posts\/3453\/revisions"}],"predecessor-version":[{"id":3455,"href":"https:\/\/agora.xtec.cat\/escolagaudisantboi\/wp-json\/wp\/v2\/posts\/3453\/revisions\/3455"}],"wp:attachment":[{"href":"https:\/\/agora.xtec.cat\/escolagaudisantboi\/wp-json\/wp\/v2\/media?parent=3453"}],"wp:term":[{"taxonomy":"category","embeddable":true,"href":"https:\/\/agora.xtec.cat\/escolagaudisantboi\/wp-json\/wp\/v2\/categories?post=3453"},{"taxonomy":"post_tag","embeddable":true,"href":"https:\/\/agora.xtec.cat\/escolagaudisantboi\/wp-json\/wp\/v2\/tags?post=3453"}],"curies":[{"name":"wp","href":"https:\/\/api.w.org\/{rel}","templated":true}]}}