{"id":3437,"date":"2014-07-07T18:11:06","date_gmt":"2014-07-07T16:11:06","guid":{"rendered":"https:\/\/agora.xtec.cat\/escolagaudisantboi\/?p=3437"},"modified":"2020-07-17T18:14:04","modified_gmt":"2020-07-17T16:14:04","slug":"gaudiari-36-abril-juny-2014","status":"publish","type":"post","link":"https:\/\/agora.xtec.cat\/escolagaudisantboi\/general\/gaudiari-36-abril-juny-2014\/","title":{"rendered":"GauDiari 36: Abril &#8211; Juny 2014"},"content":{"rendered":"<p>Benvolgudes fam\u00edlies,<\/p>\n<p>Ja tenim aqu\u00ed el GauDiari n\u00fam.36<\/p>\n<p><b>Editorial: <\/b> <b><\/b><\/p>\n<p><strong>El Gaud\u00ed \u00e9s nou, el Gaud\u00ed es mou<\/strong><\/p>\n<p>La festa d\u2019inauguraci\u00f3 de dissabte 14 de juny va ser un \u00e8xit de <strong>participaci\u00f3<\/strong> perqu\u00e8 ens v\u00e0rem aplegar moltes persones de totes les edats: nen i nenes, altres que van ser nens i nenes de l\u2019escola fa anys, fam\u00edlies d\u2019ara i d\u2019abans , mestres actuals i mestres que varen passar una etapa llarga o curta al Gaud\u00ed, representants del m\u00f3n educatiu, d\u2019entitats del barri i del poble, l\u2019alcaldessa com la seva m\u00e0xima representant. Tothom molt content de trobar-se i retrobar-se.<\/p>\n<p>Per\u00f2 tamb\u00e9 i sobretot va ser un \u00e8xit de <strong>col\u00b7laboraci\u00f3<\/strong>, de <strong>treball voluntari<\/strong> i d<strong>\u2019esfor\u00e7 col\u00b7lectiu<\/strong>. Fam\u00edlies i mestres portaven dies preparant l\u2019organitzaci\u00f3 de la festa i el mat\u00ed de dissabte, a primera hora, l\u2019escola es va anar omplint de moltes cares somrients, moltes mans instal\u00b7lant carpes, transportant taules, preparant materials, penjant lla\u00e7os i cartells&#8230; Despr\u00e9s van venir els tallers: mares i pares i monitors dedicats als nens i nenes, quines imatges tan belles! I al final la preparaci\u00f3 del menjar, que les fam\u00edlies havien cuinat a casa i portat per compartir amb els altres. I entremig, la bona selecci\u00f3 de m\u00fasica, el ball de gegants, les paraules d\u2019animaci\u00f3, els missatges engrescadors per continuar tirant endavant. <strong>El Gaud\u00ed es mou perqu\u00e8 les persones que en formem part el fem moure.<\/strong><\/p>\n<p><img loading=\"lazy\" decoding=\"async\" class=\"alignleft\" src=\"http:\/\/www.escolagaudisantboi.cat\/images\/stories\/13-14\/Inauguracio\/img_3365.jpg\" width=\"126\" height=\"84\" \/>I com a mostra gr\u00e0fica, la imatge de la pinya dels adults per aixecar el castell. La pinya que fem els adults per aixecar el castell que formen tots els nens i nenes de l\u2019escola i que volem que s\u2019enlairi ben amunt. El record d\u2019aquesta entranyable festa ens hi ajudar\u00e0.<\/p>\n<p><strong>Molt bon estiu a tots i totes i molt\u00edssimes gr\u00e0cies per la vostra PARTICIP-ACCI\u00d3!!!<\/strong><\/p>\n<p><a href=\"https:\/\/issuu.com\/webgaudi\/docs\/36-abril-juny\">https:\/\/issuu.com\/webgaudi\/docs\/36-abril-juny<\/a><\/p>\n<p>&nbsp;<\/p>\n<p>&nbsp;<\/p>\n","protected":false},"excerpt":{"rendered":"<p>Benvolgudes fam\u00edlies, Ja tenim aqu\u00ed el GauDiari n\u00fam.36 Editorial: El Gaud\u00ed \u00e9s nou, el Gaud\u00ed es mou La festa d\u2019inauguraci\u00f3 de dissabte 14 de juny va ser un \u00e8xit de participaci\u00f3 perqu\u00e8 ens v\u00e0rem aplegar moltes persones de totes les edats: nen i nenes, altres que van ser nens i nenes de l\u2019escola fa anys, [&hellip;]<\/p>\n","protected":false},"author":9,"featured_media":3440,"comment_status":"open","ping_status":"closed","sticky":false,"template":"","format":"standard","meta":{"_bbp_topic_count":0,"_bbp_reply_count":0,"_bbp_total_topic_count":0,"_bbp_total_reply_count":0,"_bbp_voice_count":0,"_bbp_anonymous_reply_count":0,"_bbp_topic_count_hidden":0,"_bbp_reply_count_hidden":0,"_bbp_forum_subforum_count":0,"site-sidebar-layout":"default","site-content-layout":"","ast-site-content-layout":"","site-content-style":"default","site-sidebar-style":"default","ast-global-header-display":"","ast-banner-title-visibility":"","ast-main-header-display":"","ast-hfb-above-header-display":"","ast-hfb-below-header-display":"","ast-hfb-mobile-header-display":"","site-post-title":"","ast-breadcrumbs-content":"","ast-featured-img":"","footer-sml-layout":"","theme-transparent-header-meta":"","adv-header-id-meta":"","stick-header-meta":"","header-above-stick-meta":"","header-main-stick-meta":"","header-below-stick-meta":"","astra-migrate-meta-layouts":"default","ast-page-background-enabled":"default","ast-page-background-meta":{"desktop":{"background-color":"var(--ast-global-color-4)","background-image":"","background-repeat":"repeat","background-position":"center center","background-size":"auto","background-attachment":"scroll","background-type":"","background-media":"","overlay-type":"","overlay-color":"","overlay-opacity":"","overlay-gradient":""},"tablet":{"background-color":"","background-image":"","background-repeat":"repeat","background-position":"center center","background-size":"auto","background-attachment":"scroll","background-type":"","background-media":"","overlay-type":"","overlay-color":"","overlay-opacity":"","overlay-gradient":""},"mobile":{"background-color":"","background-image":"","background-repeat":"repeat","background-position":"center center","background-size":"auto","background-attachment":"scroll","background-type":"","background-media":"","overlay-type":"","overlay-color":"","overlay-opacity":"","overlay-gradient":""}},"ast-content-background-meta":{"desktop":{"background-color":"var(--ast-global-color-5)","background-image":"","background-repeat":"repeat","background-position":"center center","background-size":"auto","background-attachment":"scroll","background-type":"","background-media":"","overlay-type":"","overlay-color":"","overlay-opacity":"","overlay-gradient":""},"tablet":{"background-color":"var(--ast-global-color-5)","background-image":"","background-repeat":"repeat","background-position":"center center","background-size":"auto","background-attachment":"scroll","background-type":"","background-media":"","overlay-type":"","overlay-color":"","overlay-opacity":"","overlay-gradient":""},"mobile":{"background-color":"var(--ast-global-color-5)","background-image":"","background-repeat":"repeat","background-position":"center center","background-size":"auto","background-attachment":"scroll","background-type":"","background-media":"","overlay-type":"","overlay-color":"","overlay-opacity":"","overlay-gradient":""}},"footnotes":""},"categories":[10,11,12,13,14,15,136,1,3,9,2,8,5],"tags":[137],"class_list":["post-3437","post","type-post","status-publish","format-standard","has-post-thumbnail","hentry","category-1r","category-2n","category-3r","category-4t","category-5e","category-6e","category-gaudiari","category-general","category-i3","category-i5","category-infantil","category-p4","category-primaria","tag-gaudiari"],"post_mailing_queue_ids":[],"_links":{"self":[{"href":"https:\/\/agora.xtec.cat\/escolagaudisantboi\/wp-json\/wp\/v2\/posts\/3437","targetHints":{"allow":["GET"]}}],"collection":[{"href":"https:\/\/agora.xtec.cat\/escolagaudisantboi\/wp-json\/wp\/v2\/posts"}],"about":[{"href":"https:\/\/agora.xtec.cat\/escolagaudisantboi\/wp-json\/wp\/v2\/types\/post"}],"author":[{"embeddable":true,"href":"https:\/\/agora.xtec.cat\/escolagaudisantboi\/wp-json\/wp\/v2\/users\/9"}],"replies":[{"embeddable":true,"href":"https:\/\/agora.xtec.cat\/escolagaudisantboi\/wp-json\/wp\/v2\/comments?post=3437"}],"version-history":[{"count":1,"href":"https:\/\/agora.xtec.cat\/escolagaudisantboi\/wp-json\/wp\/v2\/posts\/3437\/revisions"}],"predecessor-version":[{"id":3441,"href":"https:\/\/agora.xtec.cat\/escolagaudisantboi\/wp-json\/wp\/v2\/posts\/3437\/revisions\/3441"}],"wp:featuredmedia":[{"embeddable":true,"href":"https:\/\/agora.xtec.cat\/escolagaudisantboi\/wp-json\/wp\/v2\/media\/3440"}],"wp:attachment":[{"href":"https:\/\/agora.xtec.cat\/escolagaudisantboi\/wp-json\/wp\/v2\/media?parent=3437"}],"wp:term":[{"taxonomy":"category","embeddable":true,"href":"https:\/\/agora.xtec.cat\/escolagaudisantboi\/wp-json\/wp\/v2\/categories?post=3437"},{"taxonomy":"post_tag","embeddable":true,"href":"https:\/\/agora.xtec.cat\/escolagaudisantboi\/wp-json\/wp\/v2\/tags?post=3437"}],"curies":[{"name":"wp","href":"https:\/\/api.w.org\/{rel}","templated":true}]}}