{"id":3419,"date":"2014-05-27T17:16:06","date_gmt":"2014-05-27T15:16:06","guid":{"rendered":"https:\/\/agora.xtec.cat\/escolagaudisantboi\/?p=3419"},"modified":"2020-07-17T17:16:46","modified_gmt":"2020-07-17T15:16:46","slug":"dona-la-nota-per-la-musica","status":"publish","type":"post","link":"https:\/\/agora.xtec.cat\/escolagaudisantboi\/general\/dona-la-nota-per-la-musica\/","title":{"rendered":"D\u00f3na la nota per la m\u00fasica!"},"content":{"rendered":"<p>El\u00a0<strong><span style=\"font-size: large;\">6 de juny, a les 11h del mat\u00ed<\/span><\/strong>, amb totes les escoles de Catalunya que vulguin sumar-s&#8217;hi explicarem, amb una can\u00e7\u00f3 composada per a aquest dia, el que la m\u00fasica significa per a les nostres vides.\u00a0<a href=\"http:\/\/www.cdapaucasals.com\/wp-content\/uploads\/2014\/06\/MANIFEST-D%C3%93NA-LA-NOTA.pdf\"><strong>Veure MANIFEST<\/strong><\/a><\/p>\n<div>Aqu\u00ed us deixem el v\u00eddeo i la can\u00e7\u00f3 per tal que practiqueu i aquell dia se senti ben clara la nostra veu. Animeu-vos!<\/div>\n<div><span style=\"font-size: large;\"><b>QUE LA M\u00daSICA MAI DEIXI DE FORMAR PART DE LA VOSTRA VIDA.<\/b><\/span><\/div>\n<div><\/div>\n<div><iframe loading=\"lazy\" src=\"https:\/\/www.youtube.com\/embed\/TX0W4sxV0cY\" width=\"560\" height=\"315\" frameborder=\"0\"><\/iframe><\/div>\n<div><\/div>\n<div>\n<div style=\"text-align: center;\"><a href=\"http:\/\/www.cdapaucasals.com\/donalanota\/\"><strong>M\u00e9s informaci\u00f3<\/strong><\/a><\/div>\n<div><\/div>\n<div>La nova llei educativa (LOMCE), promoguda pel Ministre Wert, afecta seriosament a l&#8217;\u00e0rea de m\u00fasica i es vol comen\u00e7ar a instaurar el curs vinent a les escoles estatals.<\/div>\n<div>Des de la Generalitat s&#8217;utilitzar\u00e0 el marge de maniobra que li permet la nova llei educativa estatal per garantir els ensenyaments de m\u00fasica i de pl\u00e0stica.<\/div>\n<div><\/div>\n<div style=\"text-align: center;\">Signa la petici\u00f3 a change.org<\/div>\n<div style=\"text-align: center;\"><b><a href=\"http:\/\/www.change.org\/es\/peticiones\/ministro-wert-devuelva-la-asignatura-de-m%C3%BAsica-a-la-educaci%C3%B3n-primaria\" target=\"_blank\" rel=\"noopener noreferrer\">Devuelva la asignatura de m\u00fasica<\/a><\/b><\/div>\n<\/div>\n","protected":false},"excerpt":{"rendered":"<p>El\u00a06 de juny, a les 11h del mat\u00ed, amb totes les escoles de Catalunya que vulguin sumar-s&#8217;hi explicarem, amb una can\u00e7\u00f3 composada per a aquest dia, el que la m\u00fasica significa per a les nostres vides.\u00a0Veure MANIFEST Aqu\u00ed us deixem el v\u00eddeo i la can\u00e7\u00f3 per tal que practiqueu i aquell dia se senti ben [&hellip;]<\/p>\n","protected":false},"author":9,"featured_media":0,"comment_status":"open","ping_status":"closed","sticky":false,"template":"","format":"standard","meta":{"_bbp_topic_count":0,"_bbp_reply_count":0,"_bbp_total_topic_count":0,"_bbp_total_reply_count":0,"_bbp_voice_count":0,"_bbp_anonymous_reply_count":0,"_bbp_topic_count_hidden":0,"_bbp_reply_count_hidden":0,"_bbp_forum_subforum_count":0,"site-sidebar-layout":"default","site-content-layout":"","ast-site-content-layout":"","site-content-style":"default","site-sidebar-style":"default","ast-global-header-display":"","ast-banner-title-visibility":"","ast-main-header-display":"","ast-hfb-above-header-display":"","ast-hfb-below-header-display":"","ast-hfb-mobile-header-display":"","site-post-title":"","ast-breadcrumbs-content":"","ast-featured-img":"","footer-sml-layout":"","theme-transparent-header-meta":"","adv-header-id-meta":"","stick-header-meta":"","header-above-stick-meta":"","header-main-stick-meta":"","header-below-stick-meta":"","astra-migrate-meta-layouts":"default","ast-page-background-enabled":"default","ast-page-background-meta":{"desktop":{"background-color":"var(--ast-global-color-4)","background-image":"","background-repeat":"repeat","background-position":"center center","background-size":"auto","background-attachment":"scroll","background-type":"","background-media":"","overlay-type":"","overlay-color":"","overlay-opacity":"","overlay-gradient":""},"tablet":{"background-color":"","background-image":"","background-repeat":"repeat","background-position":"center center","background-size":"auto","background-attachment":"scroll","background-type":"","background-media":"","overlay-type":"","overlay-color":"","overlay-opacity":"","overlay-gradient":""},"mobile":{"background-color":"","background-image":"","background-repeat":"repeat","background-position":"center center","background-size":"auto","background-attachment":"scroll","background-type":"","background-media":"","overlay-type":"","overlay-color":"","overlay-opacity":"","overlay-gradient":""}},"ast-content-background-meta":{"desktop":{"background-color":"var(--ast-global-color-5)","background-image":"","background-repeat":"repeat","background-position":"center center","background-size":"auto","background-attachment":"scroll","background-type":"","background-media":"","overlay-type":"","overlay-color":"","overlay-opacity":"","overlay-gradient":""},"tablet":{"background-color":"var(--ast-global-color-5)","background-image":"","background-repeat":"repeat","background-position":"center center","background-size":"auto","background-attachment":"scroll","background-type":"","background-media":"","overlay-type":"","overlay-color":"","overlay-opacity":"","overlay-gradient":""},"mobile":{"background-color":"var(--ast-global-color-5)","background-image":"","background-repeat":"repeat","background-position":"center center","background-size":"auto","background-attachment":"scroll","background-type":"","background-media":"","overlay-type":"","overlay-color":"","overlay-opacity":"","overlay-gradient":""}},"footnotes":""},"categories":[1,2,99,5],"tags":[104],"class_list":["post-3419","post","type-post","status-publish","format-standard","hentry","category-general","category-infantil","category-musica","category-primaria","tag-musica"],"post_mailing_queue_ids":[],"_links":{"self":[{"href":"https:\/\/agora.xtec.cat\/escolagaudisantboi\/wp-json\/wp\/v2\/posts\/3419","targetHints":{"allow":["GET"]}}],"collection":[{"href":"https:\/\/agora.xtec.cat\/escolagaudisantboi\/wp-json\/wp\/v2\/posts"}],"about":[{"href":"https:\/\/agora.xtec.cat\/escolagaudisantboi\/wp-json\/wp\/v2\/types\/post"}],"author":[{"embeddable":true,"href":"https:\/\/agora.xtec.cat\/escolagaudisantboi\/wp-json\/wp\/v2\/users\/9"}],"replies":[{"embeddable":true,"href":"https:\/\/agora.xtec.cat\/escolagaudisantboi\/wp-json\/wp\/v2\/comments?post=3419"}],"version-history":[{"count":1,"href":"https:\/\/agora.xtec.cat\/escolagaudisantboi\/wp-json\/wp\/v2\/posts\/3419\/revisions"}],"predecessor-version":[{"id":3420,"href":"https:\/\/agora.xtec.cat\/escolagaudisantboi\/wp-json\/wp\/v2\/posts\/3419\/revisions\/3420"}],"wp:attachment":[{"href":"https:\/\/agora.xtec.cat\/escolagaudisantboi\/wp-json\/wp\/v2\/media?parent=3419"}],"wp:term":[{"taxonomy":"category","embeddable":true,"href":"https:\/\/agora.xtec.cat\/escolagaudisantboi\/wp-json\/wp\/v2\/categories?post=3419"},{"taxonomy":"post_tag","embeddable":true,"href":"https:\/\/agora.xtec.cat\/escolagaudisantboi\/wp-json\/wp\/v2\/tags?post=3419"}],"curies":[{"name":"wp","href":"https:\/\/api.w.org\/{rel}","templated":true}]}}