{"id":3407,"date":"2014-05-09T13:59:37","date_gmt":"2014-05-09T11:59:37","guid":{"rendered":"https:\/\/agora.xtec.cat\/escolagaudisantboi\/?p=3407"},"modified":"2020-07-17T14:06:37","modified_gmt":"2020-07-17T12:06:37","slug":"info-6e-bring-back-our-girls","status":"publish","type":"post","link":"https:\/\/agora.xtec.cat\/escolagaudisantboi\/general\/info-6e-bring-back-our-girls\/","title":{"rendered":"Info 6\u00e8: BRING BACK OUR GIRLS!!!"},"content":{"rendered":"<p>Benvolgudes fam\u00edlies,<\/p>\n<p>La classe de sis\u00e8 en nom de tots els alumnes de l&#8217;escola Antoni Gaud\u00ed ens solidaritzem amb les nenes segrestades a Nig\u00e8ria.<\/p>\n<p>Pensem que \u00e9s intolerable que les nenes no tinguin\u00a0<strong>dret a l&#8217;educaci\u00f3<\/strong>\u00a0i que estiguin sent v\u00edctimes i estiguin patint en mans d&#8217;un grup terrorista.<\/p>\n<p>La classe de sis\u00e8 som la clase del conte &#8220;l&#8217;elefant encadenat&#8221; i\u00a0<strong>volem trencar cadenes i lluitar per la llibertat, la igualtat de g\u00e8nere, pel respecte a la vida i pel respecte als drets humans.<\/strong><\/p>\n<p>Des d&#8217;aqu\u00ed volem donar una forta abra\u00e7ada a les seves fam\u00edlies i demanar que les posin en llibertat immediatament i que no es torni a repetir mai m\u00e9s!<\/p>\n<p><strong>LLIBERTAT PER A LES M\u00c9S DE 200 NENES I ADOLESCENT NIGERIANES!<\/strong><\/p>\n<p><strong>RETORNEU\u00a0LES\u00a0NENES\u00a0A\u00a0CASA\u00a0SEVA!!<\/strong><\/p>\n<p><strong>BRING BACK\u00a0OUR\u00a0GIRLS!!<\/strong><\/p>\n<p><strong>L&#8217;EDUCACI\u00d3\u00a0NO\u00a0\u00c9S\u00a0UN\u00a0PECAT, \u00c9S\u00a0UN\u00a0DRET!!<\/strong><\/p>\n<p><strong>REAL\u00a0MEN\u00a0DON&#8217;T\u00a0BUY\u00a0GIRLS!!<\/strong><\/p>\n<p><img loading=\"lazy\" decoding=\"async\" src=\"http:\/\/www.escolagaudisantboi.cat\/images\/stories\/13-14\/sise\/nigeria.jpg\" alt=\"\" width=\"600\" height=\"450\" align=\"textTop\" \/><\/p>\n<p>Nois i noies de la classe de sis\u00e8 de l&#8217;escola Antoni Gaud\u00ed<\/p>\n<p>(Classe de l&#8217;elefant encadenat)<\/p>\n","protected":false},"excerpt":{"rendered":"<p>Benvolgudes fam\u00edlies, La classe de sis\u00e8 en nom de tots els alumnes de l&#8217;escola Antoni Gaud\u00ed ens solidaritzem amb les nenes segrestades a Nig\u00e8ria. Pensem que \u00e9s intolerable que les nenes no tinguin\u00a0dret a l&#8217;educaci\u00f3\u00a0i que estiguin sent v\u00edctimes i estiguin patint en mans d&#8217;un grup terrorista. La classe de sis\u00e8 som la clase del [&hellip;]<\/p>\n","protected":false},"author":9,"featured_media":0,"comment_status":"open","ping_status":"closed","sticky":false,"template":"","format":"standard","meta":{"_bbp_topic_count":0,"_bbp_reply_count":0,"_bbp_total_topic_count":0,"_bbp_total_reply_count":0,"_bbp_voice_count":0,"_bbp_anonymous_reply_count":0,"_bbp_topic_count_hidden":0,"_bbp_reply_count_hidden":0,"_bbp_forum_subforum_count":0,"site-sidebar-layout":"default","site-content-layout":"","ast-site-content-layout":"","site-content-style":"default","site-sidebar-style":"default","ast-global-header-display":"","ast-banner-title-visibility":"","ast-main-header-display":"","ast-hfb-above-header-display":"","ast-hfb-below-header-display":"","ast-hfb-mobile-header-display":"","site-post-title":"","ast-breadcrumbs-content":"","ast-featured-img":"","footer-sml-layout":"","theme-transparent-header-meta":"","adv-header-id-meta":"","stick-header-meta":"","header-above-stick-meta":"","header-main-stick-meta":"","header-below-stick-meta":"","astra-migrate-meta-layouts":"default","ast-page-background-enabled":"default","ast-page-background-meta":{"desktop":{"background-color":"var(--ast-global-color-4)","background-image":"","background-repeat":"repeat","background-position":"center center","background-size":"auto","background-attachment":"scroll","background-type":"","background-media":"","overlay-type":"","overlay-color":"","overlay-opacity":"","overlay-gradient":""},"tablet":{"background-color":"","background-image":"","background-repeat":"repeat","background-position":"center center","background-size":"auto","background-attachment":"scroll","background-type":"","background-media":"","overlay-type":"","overlay-color":"","overlay-opacity":"","overlay-gradient":""},"mobile":{"background-color":"","background-image":"","background-repeat":"repeat","background-position":"center center","background-size":"auto","background-attachment":"scroll","background-type":"","background-media":"","overlay-type":"","overlay-color":"","overlay-opacity":"","overlay-gradient":""}},"ast-content-background-meta":{"desktop":{"background-color":"var(--ast-global-color-5)","background-image":"","background-repeat":"repeat","background-position":"center center","background-size":"auto","background-attachment":"scroll","background-type":"","background-media":"","overlay-type":"","overlay-color":"","overlay-opacity":"","overlay-gradient":""},"tablet":{"background-color":"var(--ast-global-color-5)","background-image":"","background-repeat":"repeat","background-position":"center center","background-size":"auto","background-attachment":"scroll","background-type":"","background-media":"","overlay-type":"","overlay-color":"","overlay-opacity":"","overlay-gradient":""},"mobile":{"background-color":"var(--ast-global-color-5)","background-image":"","background-repeat":"repeat","background-position":"center center","background-size":"auto","background-attachment":"scroll","background-type":"","background-media":"","overlay-type":"","overlay-color":"","overlay-opacity":"","overlay-gradient":""}},"footnotes":""},"categories":[10,11,12,13,14,15,1,3,9,2,8,5],"tags":[88,89,90,93],"class_list":["post-3407","post","type-post","status-publish","format-standard","hentry","category-1r","category-2n","category-3r","category-4t","category-5e","category-6e","category-general","category-i3","category-i5","category-infantil","category-p4","category-primaria","tag-cicle-inicial","tag-cicle-mitja","tag-cicle-superior","tag-educacio-infantil"],"post_mailing_queue_ids":[],"_links":{"self":[{"href":"https:\/\/agora.xtec.cat\/escolagaudisantboi\/wp-json\/wp\/v2\/posts\/3407","targetHints":{"allow":["GET"]}}],"collection":[{"href":"https:\/\/agora.xtec.cat\/escolagaudisantboi\/wp-json\/wp\/v2\/posts"}],"about":[{"href":"https:\/\/agora.xtec.cat\/escolagaudisantboi\/wp-json\/wp\/v2\/types\/post"}],"author":[{"embeddable":true,"href":"https:\/\/agora.xtec.cat\/escolagaudisantboi\/wp-json\/wp\/v2\/users\/9"}],"replies":[{"embeddable":true,"href":"https:\/\/agora.xtec.cat\/escolagaudisantboi\/wp-json\/wp\/v2\/comments?post=3407"}],"version-history":[{"count":2,"href":"https:\/\/agora.xtec.cat\/escolagaudisantboi\/wp-json\/wp\/v2\/posts\/3407\/revisions"}],"predecessor-version":[{"id":3409,"href":"https:\/\/agora.xtec.cat\/escolagaudisantboi\/wp-json\/wp\/v2\/posts\/3407\/revisions\/3409"}],"wp:attachment":[{"href":"https:\/\/agora.xtec.cat\/escolagaudisantboi\/wp-json\/wp\/v2\/media?parent=3407"}],"wp:term":[{"taxonomy":"category","embeddable":true,"href":"https:\/\/agora.xtec.cat\/escolagaudisantboi\/wp-json\/wp\/v2\/categories?post=3407"},{"taxonomy":"post_tag","embeddable":true,"href":"https:\/\/agora.xtec.cat\/escolagaudisantboi\/wp-json\/wp\/v2\/tags?post=3407"}],"curies":[{"name":"wp","href":"https:\/\/api.w.org\/{rel}","templated":true}]}}