{"id":3348,"date":"2013-11-09T11:41:56","date_gmt":"2013-11-09T10:41:56","guid":{"rendered":"https:\/\/agora.xtec.cat\/escolagaudisantboi\/?p=3348"},"modified":"2020-07-16T11:42:46","modified_gmt":"2020-07-16T09:42:46","slug":"els-noms-de-les-classes","status":"publish","type":"post","link":"https:\/\/agora.xtec.cat\/escolagaudisantboi\/general\/els-noms-de-les-classes\/","title":{"rendered":"Els noms de les classes"},"content":{"rendered":"<p><img decoding=\"async\" class=\"alignleft\" src=\"http:\/\/www.escolagaudisantboi.cat\/images\/stories\/libroanimado.gif\" \/>Nom\u00e9s arribar de les vacances d\u2019estiu cada grup va encetar la tasca de pensar un nom per la seva classe. Aquest curs tots i totes est\u00e0vem d\u2019acord en fer refer\u00e8ncia als contes.<\/p>\n<p>D\u2019aquesta manera tot el Gaud\u00ed viatjaria al m\u00f3n de la fantasia convertint-se en un gran conte. A continuaci\u00f3 teniu el conte que\u00a0 cada classe ha triat:<\/p>\n<div><\/div>\n<table style=\"height: 169px;\" border=\"1\" width=\"636\" cellspacing=\"1\" cellpadding=\"1\" align=\"center\">\n<tbody>\n<tr>\n<td style=\"width: 225px;\"><b>P3<\/b>:\u00a0<i>Els pollets aventurers<\/i><\/td>\n<td style=\"width: 232px;\"><b>P4 A<\/b>:\u00a0<i>La princesa i el p\u00e8sol<\/i><\/td>\n<td style=\"width: 173px;\"><b>P4 B<\/b><i>: El gegant del pi<\/i><\/td>\n<\/tr>\n<tr>\n<td style=\"width: 225px;\"><b>P5A<\/b>:\u00a0<i>All\u00e0 on viuen els monstres<\/i><\/td>\n<td style=\"width: 232px;\"><b>P5 B<\/b><i>: La Wanda va a l\u2019escola<\/i><\/td>\n<td style=\"width: 173px;\"><b>1r A<\/b>:\u00a0<i>El peix irisat<\/i><\/td>\n<\/tr>\n<tr>\n<td style=\"width: 225px;\"><b>1r B<\/b>:\u00a0<i>De qu\u00e8 fa gust la lluna?<\/i><\/td>\n<td style=\"width: 232px;\"><b>2n<\/b>:\u00a0<i>Tota la colla se\u2019n va de safari<\/i><\/td>\n<td style=\"width: 173px;\"><b>3r<\/b>:\u00a0<i>El desig<\/i><\/td>\n<\/tr>\n<tr>\n<td style=\"width: 225px;\"><b>4t<\/b>:\u00a0<i>El Petit Pr\u00edncep<\/i><\/td>\n<td style=\"width: 232px;\"><b>5\u00e8<\/b>:\u00a0<i>El pa\u00eds de les Meravelles<\/i><\/td>\n<td style=\"width: 173px;\"><i><b>6\u00e8:\u00a0<\/b>L\u2019elefant encadenat<\/i><\/td>\n<\/tr>\n<\/tbody>\n<\/table>\n<div><\/div>\n<div>El nom de la classe ocupa part del primer projecte que tots i totes treballem. Aquest curs, els contes despertaran la nostra curiositat i ens donaran infinitat de temes per tractar. A m\u00e9s a m\u00e9s, ens faran viure milers d\u2019hist\u00f2ries que faran cr\u00e9ixer el nostre gust per la lectura.<\/div>\n","protected":false},"excerpt":{"rendered":"<p>Nom\u00e9s arribar de les vacances d\u2019estiu cada grup va encetar la tasca de pensar un nom per la seva classe. Aquest curs tots i totes est\u00e0vem d\u2019acord en fer refer\u00e8ncia als contes. D\u2019aquesta manera tot el Gaud\u00ed viatjaria al m\u00f3n de la fantasia convertint-se en un gran conte. A continuaci\u00f3 teniu el conte que\u00a0 cada [&hellip;]<\/p>\n","protected":false},"author":9,"featured_media":3349,"comment_status":"open","ping_status":"closed","sticky":false,"template":"","format":"standard","meta":{"_bbp_topic_count":0,"_bbp_reply_count":0,"_bbp_total_topic_count":0,"_bbp_total_reply_count":0,"_bbp_voice_count":0,"_bbp_anonymous_reply_count":0,"_bbp_topic_count_hidden":0,"_bbp_reply_count_hidden":0,"_bbp_forum_subforum_count":0,"site-sidebar-layout":"default","site-content-layout":"","ast-site-content-layout":"","site-content-style":"default","site-sidebar-style":"default","ast-global-header-display":"","ast-banner-title-visibility":"","ast-main-header-display":"","ast-hfb-above-header-display":"","ast-hfb-below-header-display":"","ast-hfb-mobile-header-display":"","site-post-title":"","ast-breadcrumbs-content":"","ast-featured-img":"","footer-sml-layout":"","theme-transparent-header-meta":"","adv-header-id-meta":"","stick-header-meta":"","header-above-stick-meta":"","header-main-stick-meta":"","header-below-stick-meta":"","astra-migrate-meta-layouts":"default","ast-page-background-enabled":"default","ast-page-background-meta":{"desktop":{"background-color":"var(--ast-global-color-4)","background-image":"","background-repeat":"repeat","background-position":"center center","background-size":"auto","background-attachment":"scroll","background-type":"","background-media":"","overlay-type":"","overlay-color":"","overlay-opacity":"","overlay-gradient":""},"tablet":{"background-color":"","background-image":"","background-repeat":"repeat","background-position":"center center","background-size":"auto","background-attachment":"scroll","background-type":"","background-media":"","overlay-type":"","overlay-color":"","overlay-opacity":"","overlay-gradient":""},"mobile":{"background-color":"","background-image":"","background-repeat":"repeat","background-position":"center center","background-size":"auto","background-attachment":"scroll","background-type":"","background-media":"","overlay-type":"","overlay-color":"","overlay-opacity":"","overlay-gradient":""}},"ast-content-background-meta":{"desktop":{"background-color":"var(--ast-global-color-5)","background-image":"","background-repeat":"repeat","background-position":"center center","background-size":"auto","background-attachment":"scroll","background-type":"","background-media":"","overlay-type":"","overlay-color":"","overlay-opacity":"","overlay-gradient":""},"tablet":{"background-color":"var(--ast-global-color-5)","background-image":"","background-repeat":"repeat","background-position":"center center","background-size":"auto","background-attachment":"scroll","background-type":"","background-media":"","overlay-type":"","overlay-color":"","overlay-opacity":"","overlay-gradient":""},"mobile":{"background-color":"var(--ast-global-color-5)","background-image":"","background-repeat":"repeat","background-position":"center center","background-size":"auto","background-attachment":"scroll","background-type":"","background-media":"","overlay-type":"","overlay-color":"","overlay-opacity":"","overlay-gradient":""}},"footnotes":""},"categories":[10,11,12,13,14,15,1,3,9,2,8,5,118],"tags":[134,126],"class_list":["post-3348","post","type-post","status-publish","format-standard","has-post-thumbnail","hentry","category-1r","category-2n","category-3r","category-4t","category-5e","category-6e","category-general","category-i3","category-i5","category-infantil","category-p4","category-primaria","category-projecte-global","tag-presentacio","tag-projecte"],"post_mailing_queue_ids":[],"_links":{"self":[{"href":"https:\/\/agora.xtec.cat\/escolagaudisantboi\/wp-json\/wp\/v2\/posts\/3348","targetHints":{"allow":["GET"]}}],"collection":[{"href":"https:\/\/agora.xtec.cat\/escolagaudisantboi\/wp-json\/wp\/v2\/posts"}],"about":[{"href":"https:\/\/agora.xtec.cat\/escolagaudisantboi\/wp-json\/wp\/v2\/types\/post"}],"author":[{"embeddable":true,"href":"https:\/\/agora.xtec.cat\/escolagaudisantboi\/wp-json\/wp\/v2\/users\/9"}],"replies":[{"embeddable":true,"href":"https:\/\/agora.xtec.cat\/escolagaudisantboi\/wp-json\/wp\/v2\/comments?post=3348"}],"version-history":[{"count":1,"href":"https:\/\/agora.xtec.cat\/escolagaudisantboi\/wp-json\/wp\/v2\/posts\/3348\/revisions"}],"predecessor-version":[{"id":3350,"href":"https:\/\/agora.xtec.cat\/escolagaudisantboi\/wp-json\/wp\/v2\/posts\/3348\/revisions\/3350"}],"wp:featuredmedia":[{"embeddable":true,"href":"https:\/\/agora.xtec.cat\/escolagaudisantboi\/wp-json\/wp\/v2\/media\/3349"}],"wp:attachment":[{"href":"https:\/\/agora.xtec.cat\/escolagaudisantboi\/wp-json\/wp\/v2\/media?parent=3348"}],"wp:term":[{"taxonomy":"category","embeddable":true,"href":"https:\/\/agora.xtec.cat\/escolagaudisantboi\/wp-json\/wp\/v2\/categories?post=3348"},{"taxonomy":"post_tag","embeddable":true,"href":"https:\/\/agora.xtec.cat\/escolagaudisantboi\/wp-json\/wp\/v2\/tags?post=3348"}],"curies":[{"name":"wp","href":"https:\/\/api.w.org\/{rel}","templated":true}]}}