{"id":3330,"date":"2013-10-19T10:54:49","date_gmt":"2013-10-19T08:54:49","guid":{"rendered":"https:\/\/agora.xtec.cat\/escolagaudisantboi\/?p=3330"},"modified":"2020-07-16T10:57:38","modified_gmt":"2020-07-16T08:57:38","slug":"un-nou-espai-de-pati","status":"publish","type":"post","link":"https:\/\/agora.xtec.cat\/escolagaudisantboi\/general\/un-nou-espai-de-pati\/","title":{"rendered":"Un nou espai de pati!"},"content":{"rendered":"<p><b>UN NOU ESPAI \u00a0DE PATI!!<br \/>\n<\/b><\/p>\n<div>Benvolgudes fam\u00edlies,<\/div>\n<div>Com ja us varem comunicar a les reunions de classe, l\u2019 Ajuntament ha estat fent tasques de sanejament i condicionament de la Pla\u00e7a Gaud\u00ed i aquestes tasques ja han finalitzat. Per tant, ja podem comen\u00e7ar a fer-ne \u00fas.<\/div>\n<div><\/div>\n<div><b>A partir del dilluns dia 21 d\u2019octubre comen\u00e7arem a utilitzar la Pla\u00e7a Gaud\u00ed<\/b>\u00a0per fer les entrades i sortides i com a zona de pati.<\/div>\n<div><b>\u00a0<\/b><\/div>\n<div><b><u>ENTRADA MAT\u00cd I TARDA<\/u><\/b><\/div>\n<div><b>A les 8\u201945 al mat\u00ed a les 14\u201955h a la tarda,s\u2019obriran les portes del Carrer Salvador Allende i del Carrer Antoni Gaud\u00ed<\/b>. Les fam\u00edlies podreu esperar a la Pla\u00e7a Gaud\u00ed.<\/div>\n<div>A les\u00a0<b>9h i a les 15h<\/b>\u00a0s\u2019obriran\u00a0<b>les portes de l\u2019escola<\/b>.<\/div>\n<div><b>Les fam\u00edlies d\u2019 Educaci\u00f3 Infantil<\/b>\u00a0<b>entrareu<\/b>\u00a0a acompanyar els vostres fills i filles fins a l\u2019aula o fins a la fila, per als de P5.<\/div>\n<div><b>Les mestres de 1r, 2n i 3r esperaran<\/b>\u00a0els seus alumnes al pati per fer les files.\u00a0<b>Les fam\u00edlies de Prim\u00e0ria no entrareu.<\/b><\/div>\n<div><b>ATENCI\u00d3: Els alumnes de 4t, 5\u00e8 i 6\u00e8 de Prim\u00e0ria<\/b>, continuaran entrant i sortint per la mateixa porta del\u00a0<b>Carrer Picasso<\/b>\u00a0com fins ara.<\/div>\n<div><\/div>\n<div>Es tornaran a\u00a0<b>tancar les portes<\/b>\u00a0un cop hagin sortit les fam\u00edlies d\u2019 Educaci\u00f3 infantil<b>, no m\u00e9s tard de les<\/b><\/div>\n<div><b>9\u201910 al mat\u00ed i no m\u00e9s tard de les 15\u201905 a la tarda.<\/b><\/div>\n<div><b>\u00a0<\/b><\/div>\n<div><b>Per a fer gestions amb Menjador o AMPA , cal donar el tomb i entrar per la porta principal del Carrer Picasso. Us demanem la col\u00b7laboraci\u00f3 en aquest aspecte.<\/b><\/div>\n<div><b>\u00a0<\/b><\/div>\n<div><b><u>SORTIDES MAT\u00cd I TARDA<\/u><\/b><\/div>\n<div>S\u2019obriran les portes de la Pla\u00e7a, cinc minuts abans, a les 12\u201925 i a les 16\u201925.<\/div>\n<div>Les fam\u00edlies d\u2019 Educaci\u00f3 Infantil entrareu a recollir els fills i filles.<\/div>\n<div>Les altres fam\u00edlies esperareu a la Pla\u00e7a Gaud\u00ed i aniran sortint els vostres fills-es.<\/div>\n<div>Els alumnes de 4t, 5\u00e8 i 6\u00e8 surten pel Carrer Picasso.<\/div>\n<div>Despr\u00e8s es tornar\u00e0 a tancar aquest espai ,\u00a0<b>no m\u00e9s tard de les 16\u201945h<\/b>.<\/div>\n<div><b>\u00a0<\/b><\/div>\n<div><b>Us demanem la vostra col\u00b7laboraci\u00f3 en les sortides i que considereu aquest espai com un pati escolar, per tant <\/b><b>no hi entreu fumant, ni amb gossos&#8230;<\/b><\/div>\n<div><\/div>\n<div>Com sempre que fem canvis, els experimentarem i els valorarem i si hem de fer alguna modificaci\u00f3 , us la farem saber.<\/div>\n<div style=\"text-align: right;\"><b>\u00a0 \u00a0 \u00a0 \u00a0 \u00a0 \u00a0 \u00a0 \u00a0 \u00a0 \u00a0 \u00a0 \u00a0 \u00a0 \u00a0 \u00a0 \u00a0 \u00a0 \u00a0 \u00a0 \u00a0 \u00a0 \u00a0 \u00a0 \u00a0 \u00a0 \u00a0 \u00a0 \u00a0 \u00a0 \u00a0 \u00a0 \u00a0 \u00a0 \u00a0 \u00a0 \u00a0 \u00a0 \u00a0 \u00a0 \u00a0 \u00a0 \u00a0 \u00a0 \u00a0 \u00a0 \u00a0 \u00a0 \u00a0 \u00a0 \u00a0 \u00a0 \u00a0 \u00a0 \u00a0 \u00a0 \u00a0 \u00a0 \u00a0 \u00a0 \u00a0 \u00a0 \u00a0 \u00a0 Moltes gr\u00e0cies<\/b><\/div>\n<div style=\"text-align: right;\"><b>L\u2019equip directiu<\/b><\/div>\n","protected":false},"excerpt":{"rendered":"<p>UN NOU ESPAI \u00a0DE PATI!! Benvolgudes fam\u00edlies, Com ja us varem comunicar a les reunions de classe, l\u2019 Ajuntament ha estat fent tasques de sanejament i condicionament de la Pla\u00e7a Gaud\u00ed i aquestes tasques ja han finalitzat. Per tant, ja podem comen\u00e7ar a fer-ne \u00fas. A partir del dilluns dia 21 d\u2019octubre comen\u00e7arem a utilitzar [&hellip;]<\/p>\n","protected":false},"author":9,"featured_media":0,"comment_status":"open","ping_status":"closed","sticky":false,"template":"","format":"standard","meta":{"_bbp_topic_count":0,"_bbp_reply_count":0,"_bbp_total_topic_count":0,"_bbp_total_reply_count":0,"_bbp_voice_count":0,"_bbp_anonymous_reply_count":0,"_bbp_topic_count_hidden":0,"_bbp_reply_count_hidden":0,"_bbp_forum_subforum_count":0,"site-sidebar-layout":"default","site-content-layout":"","ast-site-content-layout":"","site-content-style":"default","site-sidebar-style":"default","ast-global-header-display":"","ast-banner-title-visibility":"","ast-main-header-display":"","ast-hfb-above-header-display":"","ast-hfb-below-header-display":"","ast-hfb-mobile-header-display":"","site-post-title":"","ast-breadcrumbs-content":"","ast-featured-img":"","footer-sml-layout":"","theme-transparent-header-meta":"","adv-header-id-meta":"","stick-header-meta":"","header-above-stick-meta":"","header-main-stick-meta":"","header-below-stick-meta":"","astra-migrate-meta-layouts":"default","ast-page-background-enabled":"default","ast-page-background-meta":{"desktop":{"background-color":"var(--ast-global-color-4)","background-image":"","background-repeat":"repeat","background-position":"center center","background-size":"auto","background-attachment":"scroll","background-type":"","background-media":"","overlay-type":"","overlay-color":"","overlay-opacity":"","overlay-gradient":""},"tablet":{"background-color":"","background-image":"","background-repeat":"repeat","background-position":"center center","background-size":"auto","background-attachment":"scroll","background-type":"","background-media":"","overlay-type":"","overlay-color":"","overlay-opacity":"","overlay-gradient":""},"mobile":{"background-color":"","background-image":"","background-repeat":"repeat","background-position":"center center","background-size":"auto","background-attachment":"scroll","background-type":"","background-media":"","overlay-type":"","overlay-color":"","overlay-opacity":"","overlay-gradient":""}},"ast-content-background-meta":{"desktop":{"background-color":"var(--ast-global-color-5)","background-image":"","background-repeat":"repeat","background-position":"center center","background-size":"auto","background-attachment":"scroll","background-type":"","background-media":"","overlay-type":"","overlay-color":"","overlay-opacity":"","overlay-gradient":""},"tablet":{"background-color":"var(--ast-global-color-5)","background-image":"","background-repeat":"repeat","background-position":"center center","background-size":"auto","background-attachment":"scroll","background-type":"","background-media":"","overlay-type":"","overlay-color":"","overlay-opacity":"","overlay-gradient":""},"mobile":{"background-color":"var(--ast-global-color-5)","background-image":"","background-repeat":"repeat","background-position":"center center","background-size":"auto","background-attachment":"scroll","background-type":"","background-media":"","overlay-type":"","overlay-color":"","overlay-opacity":"","overlay-gradient":""}},"footnotes":""},"categories":[1,2,5],"tags":[],"class_list":["post-3330","post","type-post","status-publish","format-standard","hentry","category-general","category-infantil","category-primaria"],"post_mailing_queue_ids":[],"_links":{"self":[{"href":"https:\/\/agora.xtec.cat\/escolagaudisantboi\/wp-json\/wp\/v2\/posts\/3330","targetHints":{"allow":["GET"]}}],"collection":[{"href":"https:\/\/agora.xtec.cat\/escolagaudisantboi\/wp-json\/wp\/v2\/posts"}],"about":[{"href":"https:\/\/agora.xtec.cat\/escolagaudisantboi\/wp-json\/wp\/v2\/types\/post"}],"author":[{"embeddable":true,"href":"https:\/\/agora.xtec.cat\/escolagaudisantboi\/wp-json\/wp\/v2\/users\/9"}],"replies":[{"embeddable":true,"href":"https:\/\/agora.xtec.cat\/escolagaudisantboi\/wp-json\/wp\/v2\/comments?post=3330"}],"version-history":[{"count":1,"href":"https:\/\/agora.xtec.cat\/escolagaudisantboi\/wp-json\/wp\/v2\/posts\/3330\/revisions"}],"predecessor-version":[{"id":3331,"href":"https:\/\/agora.xtec.cat\/escolagaudisantboi\/wp-json\/wp\/v2\/posts\/3330\/revisions\/3331"}],"wp:attachment":[{"href":"https:\/\/agora.xtec.cat\/escolagaudisantboi\/wp-json\/wp\/v2\/media?parent=3330"}],"wp:term":[{"taxonomy":"category","embeddable":true,"href":"https:\/\/agora.xtec.cat\/escolagaudisantboi\/wp-json\/wp\/v2\/categories?post=3330"},{"taxonomy":"post_tag","embeddable":true,"href":"https:\/\/agora.xtec.cat\/escolagaudisantboi\/wp-json\/wp\/v2\/tags?post=3330"}],"curies":[{"name":"wp","href":"https:\/\/api.w.org\/{rel}","templated":true}]}}