{"id":3313,"date":"2013-08-27T11:24:13","date_gmt":"2013-08-27T09:24:13","guid":{"rendered":"https:\/\/agora.xtec.cat\/escolagaudisantboi\/?p=3313"},"modified":"2020-07-14T11:25:13","modified_gmt":"2020-07-14T09:25:13","slug":"inici-curs-2013-2014","status":"publish","type":"post","link":"https:\/\/agora.xtec.cat\/escolagaudisantboi\/general\/inici-curs-2013-2014\/","title":{"rendered":"Inici curs 2013-2014"},"content":{"rendered":"<p>Benvolgudes fam\u00edlies i nens i nenes de l&#8217;escola,<\/p>\n<p>Avui hem signat l&#8217;acta d&#8217;ocupaci\u00f3 parcial, per tal de poder accedir i comen\u00e7ar el trasllat de mobiliari de l&#8217;anterior edifici. Resten tasques per realitzar, que s&#8217;aniran finalitzant aquests primers dies de setembre.<\/p>\n<p>Aix\u00ed doncs, podem comunicar-vos que:<\/p>\n<p><strong>El 12 de setembre comen\u00e7arem el curs estrenant escola!!<\/strong><\/p>\n<p><img loading=\"lazy\" decoding=\"async\" src=\"http:\/\/www.escolagaudisantboi.cat\/images\/stories\/obres\/1238223_10201236744173958_1600021751_n.jpg\" alt=\"\" width=\"290\" height=\"218\" align=\"left\" hspace=\"5\" \/><img loading=\"lazy\" decoding=\"async\" src=\"http:\/\/www.escolagaudisantboi.cat\/images\/stories\/obres\/1098246_10201236737733797_1660692686_n.jpg\" alt=\"\" width=\"290\" height=\"218\" align=\"left\" hspace=\"5\" \/><img loading=\"lazy\" decoding=\"async\" src=\"http:\/\/www.escolagaudisantboi.cat\/images\/stories\/obres\/1238009_10201236739173833_340524966_n.jpg\" alt=\"\" width=\"290\" height=\"218\" align=\"left\" hspace=\"5\" vspace=\"10\" \/><img loading=\"lazy\" decoding=\"async\" src=\"http:\/\/www.escolagaudisantboi.cat\/images\/stories\/obres\/1238884_10201236739693846_804939057_n.jpg\" alt=\"\" width=\"290\" height=\"218\" align=\"left\" hspace=\"5\" vspace=\"10\" \/><\/p>\n","protected":false},"excerpt":{"rendered":"<p>Benvolgudes fam\u00edlies i nens i nenes de l&#8217;escola, Avui hem signat l&#8217;acta d&#8217;ocupaci\u00f3 parcial, per tal de poder accedir i comen\u00e7ar el trasllat de mobiliari de l&#8217;anterior edifici. Resten tasques per realitzar, que s&#8217;aniran finalitzant aquests primers dies de setembre. Aix\u00ed doncs, podem comunicar-vos que: El 12 de setembre comen\u00e7arem el curs estrenant escola!!<\/p>\n","protected":false},"author":9,"featured_media":0,"comment_status":"open","ping_status":"closed","sticky":false,"template":"","format":"standard","meta":{"_bbp_topic_count":0,"_bbp_reply_count":0,"_bbp_total_topic_count":0,"_bbp_total_reply_count":0,"_bbp_voice_count":0,"_bbp_anonymous_reply_count":0,"_bbp_topic_count_hidden":0,"_bbp_reply_count_hidden":0,"_bbp_forum_subforum_count":0,"site-sidebar-layout":"default","site-content-layout":"","ast-site-content-layout":"","site-content-style":"default","site-sidebar-style":"default","ast-global-header-display":"","ast-banner-title-visibility":"","ast-main-header-display":"","ast-hfb-above-header-display":"","ast-hfb-below-header-display":"","ast-hfb-mobile-header-display":"","site-post-title":"","ast-breadcrumbs-content":"","ast-featured-img":"","footer-sml-layout":"","theme-transparent-header-meta":"","adv-header-id-meta":"","stick-header-meta":"","header-above-stick-meta":"","header-main-stick-meta":"","header-below-stick-meta":"","astra-migrate-meta-layouts":"default","ast-page-background-enabled":"default","ast-page-background-meta":{"desktop":{"background-color":"var(--ast-global-color-4)","background-image":"","background-repeat":"repeat","background-position":"center center","background-size":"auto","background-attachment":"scroll","background-type":"","background-media":"","overlay-type":"","overlay-color":"","overlay-opacity":"","overlay-gradient":""},"tablet":{"background-color":"","background-image":"","background-repeat":"repeat","background-position":"center center","background-size":"auto","background-attachment":"scroll","background-type":"","background-media":"","overlay-type":"","overlay-color":"","overlay-opacity":"","overlay-gradient":""},"mobile":{"background-color":"","background-image":"","background-repeat":"repeat","background-position":"center center","background-size":"auto","background-attachment":"scroll","background-type":"","background-media":"","overlay-type":"","overlay-color":"","overlay-opacity":"","overlay-gradient":""}},"ast-content-background-meta":{"desktop":{"background-color":"var(--ast-global-color-5)","background-image":"","background-repeat":"repeat","background-position":"center center","background-size":"auto","background-attachment":"scroll","background-type":"","background-media":"","overlay-type":"","overlay-color":"","overlay-opacity":"","overlay-gradient":""},"tablet":{"background-color":"var(--ast-global-color-5)","background-image":"","background-repeat":"repeat","background-position":"center center","background-size":"auto","background-attachment":"scroll","background-type":"","background-media":"","overlay-type":"","overlay-color":"","overlay-opacity":"","overlay-gradient":""},"mobile":{"background-color":"var(--ast-global-color-5)","background-image":"","background-repeat":"repeat","background-position":"center center","background-size":"auto","background-attachment":"scroll","background-type":"","background-media":"","overlay-type":"","overlay-color":"","overlay-opacity":"","overlay-gradient":""}},"footnotes":""},"categories":[1,2,4,5],"tags":[],"class_list":["post-3313","post","type-post","status-publish","format-standard","hentry","category-general","category-infantil","category-portada","category-primaria"],"post_mailing_queue_ids":[],"_links":{"self":[{"href":"https:\/\/agora.xtec.cat\/escolagaudisantboi\/wp-json\/wp\/v2\/posts\/3313","targetHints":{"allow":["GET"]}}],"collection":[{"href":"https:\/\/agora.xtec.cat\/escolagaudisantboi\/wp-json\/wp\/v2\/posts"}],"about":[{"href":"https:\/\/agora.xtec.cat\/escolagaudisantboi\/wp-json\/wp\/v2\/types\/post"}],"author":[{"embeddable":true,"href":"https:\/\/agora.xtec.cat\/escolagaudisantboi\/wp-json\/wp\/v2\/users\/9"}],"replies":[{"embeddable":true,"href":"https:\/\/agora.xtec.cat\/escolagaudisantboi\/wp-json\/wp\/v2\/comments?post=3313"}],"version-history":[{"count":1,"href":"https:\/\/agora.xtec.cat\/escolagaudisantboi\/wp-json\/wp\/v2\/posts\/3313\/revisions"}],"predecessor-version":[{"id":3314,"href":"https:\/\/agora.xtec.cat\/escolagaudisantboi\/wp-json\/wp\/v2\/posts\/3313\/revisions\/3314"}],"wp:attachment":[{"href":"https:\/\/agora.xtec.cat\/escolagaudisantboi\/wp-json\/wp\/v2\/media?parent=3313"}],"wp:term":[{"taxonomy":"category","embeddable":true,"href":"https:\/\/agora.xtec.cat\/escolagaudisantboi\/wp-json\/wp\/v2\/categories?post=3313"},{"taxonomy":"post_tag","embeddable":true,"href":"https:\/\/agora.xtec.cat\/escolagaudisantboi\/wp-json\/wp\/v2\/tags?post=3313"}],"curies":[{"name":"wp","href":"https:\/\/api.w.org\/{rel}","templated":true}]}}