{"id":3256,"date":"2012-11-21T11:48:21","date_gmt":"2012-11-21T10:48:21","guid":{"rendered":"https:\/\/agora.xtec.cat\/escolagaudisantboi\/?p=3256"},"modified":"2020-07-13T11:48:55","modified_gmt":"2020-07-13T09:48:55","slug":"dia-internacional-de-la-pau","status":"publish","type":"post","link":"https:\/\/agora.xtec.cat\/escolagaudisantboi\/general\/dia-internacional-de-la-pau\/","title":{"rendered":"Dia Internacional de la pau"},"content":{"rendered":"<p>Benvolguts adults de l&#8217;escola,<br \/>\n<span id=\"yui_3_7_2_1_1353480548637_496\">En el marc de les activitats commemoratives del\u00a0<strong>Dia Internacional de la pau<\/strong>,<b>\u00a0dem\u00e0 dijous 22 de novembre<\/b>, als\u00a0<b>Cinemes Can Castellet de Sant Boi de Llobregat<\/b>,<b>\u00a0a les 19.30h,<\/b>\u00a0tindr\u00e0 lloc la projecci\u00f3 del documental\u00a0<b><i>Largo viaje hacia la reconciliaci\u00f3n<\/i><\/b>.<\/span><\/p>\n<p><strong>L&#8217;entrada per aquesta activitat \u00e9s gratu\u00efta.<\/strong><\/p>\n<p><span id=\"yui_3_7_2_1_1353480548637_496\">La projecci\u00f3 anir\u00e0 seguida d&#8217;una\u00a0<b>tert\u00falia amb Ferriol S\u00f2ria<\/b>,\u00a0<\/span><\/p>\n<p><span>director de la Fundaci\u00f3 Ernest Lluch, membre del Centre d&#8217;Estudis Africans, especialista en l&#8217;Apartheid sud-afric\u00e0 i el proc\u00e9s de reconciliaci\u00f3 d&#8217;aquest pa\u00eds.<\/span><br \/>\n<b><br \/>\n<\/b><strong><em>El largo viaje a la reconciliaci\u00f3n<\/em><\/strong>\u00a0de Frances Reid y Deborah Hoffmann. Gran Premio del Jurado Festival de Sundance 2000. Premio de Cine de la Paz, Berl\u00edn 2000. Golden Spire Award, San Francisco 2000. Nominado a los Oscars 2001.<\/p>\n","protected":false},"excerpt":{"rendered":"<p>Benvolguts adults de l&#8217;escola, En el marc de les activitats commemoratives del\u00a0Dia Internacional de la pau,\u00a0dem\u00e0 dijous 22 de novembre, als\u00a0Cinemes Can Castellet de Sant Boi de Llobregat,\u00a0a les 19.30h,\u00a0tindr\u00e0 lloc la projecci\u00f3 del documental\u00a0Largo viaje hacia la reconciliaci\u00f3n. L&#8217;entrada per aquesta activitat \u00e9s gratu\u00efta. La projecci\u00f3 anir\u00e0 seguida d&#8217;una\u00a0tert\u00falia amb Ferriol S\u00f2ria,\u00a0 director de [&hellip;]<\/p>\n","protected":false},"author":9,"featured_media":0,"comment_status":"open","ping_status":"closed","sticky":false,"template":"","format":"standard","meta":{"_bbp_topic_count":0,"_bbp_reply_count":0,"_bbp_total_topic_count":0,"_bbp_total_reply_count":0,"_bbp_voice_count":0,"_bbp_anonymous_reply_count":0,"_bbp_topic_count_hidden":0,"_bbp_reply_count_hidden":0,"_bbp_forum_subforum_count":0,"site-sidebar-layout":"default","site-content-layout":"","ast-site-content-layout":"","site-content-style":"default","site-sidebar-style":"default","ast-global-header-display":"","ast-banner-title-visibility":"","ast-main-header-display":"","ast-hfb-above-header-display":"","ast-hfb-below-header-display":"","ast-hfb-mobile-header-display":"","site-post-title":"","ast-breadcrumbs-content":"","ast-featured-img":"","footer-sml-layout":"","theme-transparent-header-meta":"","adv-header-id-meta":"","stick-header-meta":"","header-above-stick-meta":"","header-main-stick-meta":"","header-below-stick-meta":"","astra-migrate-meta-layouts":"default","ast-page-background-enabled":"default","ast-page-background-meta":{"desktop":{"background-color":"var(--ast-global-color-4)","background-image":"","background-repeat":"repeat","background-position":"center center","background-size":"auto","background-attachment":"scroll","background-type":"","background-media":"","overlay-type":"","overlay-color":"","overlay-opacity":"","overlay-gradient":""},"tablet":{"background-color":"","background-image":"","background-repeat":"repeat","background-position":"center center","background-size":"auto","background-attachment":"scroll","background-type":"","background-media":"","overlay-type":"","overlay-color":"","overlay-opacity":"","overlay-gradient":""},"mobile":{"background-color":"","background-image":"","background-repeat":"repeat","background-position":"center center","background-size":"auto","background-attachment":"scroll","background-type":"","background-media":"","overlay-type":"","overlay-color":"","overlay-opacity":"","overlay-gradient":""}},"ast-content-background-meta":{"desktop":{"background-color":"var(--ast-global-color-5)","background-image":"","background-repeat":"repeat","background-position":"center center","background-size":"auto","background-attachment":"scroll","background-type":"","background-media":"","overlay-type":"","overlay-color":"","overlay-opacity":"","overlay-gradient":""},"tablet":{"background-color":"var(--ast-global-color-5)","background-image":"","background-repeat":"repeat","background-position":"center center","background-size":"auto","background-attachment":"scroll","background-type":"","background-media":"","overlay-type":"","overlay-color":"","overlay-opacity":"","overlay-gradient":""},"mobile":{"background-color":"var(--ast-global-color-5)","background-image":"","background-repeat":"repeat","background-position":"center center","background-size":"auto","background-attachment":"scroll","background-type":"","background-media":"","overlay-type":"","overlay-color":"","overlay-opacity":"","overlay-gradient":""}},"footnotes":""},"categories":[1],"tags":[],"class_list":["post-3256","post","type-post","status-publish","format-standard","hentry","category-general"],"post_mailing_queue_ids":[],"_links":{"self":[{"href":"https:\/\/agora.xtec.cat\/escolagaudisantboi\/wp-json\/wp\/v2\/posts\/3256","targetHints":{"allow":["GET"]}}],"collection":[{"href":"https:\/\/agora.xtec.cat\/escolagaudisantboi\/wp-json\/wp\/v2\/posts"}],"about":[{"href":"https:\/\/agora.xtec.cat\/escolagaudisantboi\/wp-json\/wp\/v2\/types\/post"}],"author":[{"embeddable":true,"href":"https:\/\/agora.xtec.cat\/escolagaudisantboi\/wp-json\/wp\/v2\/users\/9"}],"replies":[{"embeddable":true,"href":"https:\/\/agora.xtec.cat\/escolagaudisantboi\/wp-json\/wp\/v2\/comments?post=3256"}],"version-history":[{"count":1,"href":"https:\/\/agora.xtec.cat\/escolagaudisantboi\/wp-json\/wp\/v2\/posts\/3256\/revisions"}],"predecessor-version":[{"id":3257,"href":"https:\/\/agora.xtec.cat\/escolagaudisantboi\/wp-json\/wp\/v2\/posts\/3256\/revisions\/3257"}],"wp:attachment":[{"href":"https:\/\/agora.xtec.cat\/escolagaudisantboi\/wp-json\/wp\/v2\/media?parent=3256"}],"wp:term":[{"taxonomy":"category","embeddable":true,"href":"https:\/\/agora.xtec.cat\/escolagaudisantboi\/wp-json\/wp\/v2\/categories?post=3256"},{"taxonomy":"post_tag","embeddable":true,"href":"https:\/\/agora.xtec.cat\/escolagaudisantboi\/wp-json\/wp\/v2\/tags?post=3256"}],"curies":[{"name":"wp","href":"https:\/\/api.w.org\/{rel}","templated":true}]}}